{"id":9500,"date":"2023-05-23T11:08:38","date_gmt":"2023-05-23T09:08:38","guid":{"rendered":"https:\/\/www.swissvoicetour.ch\/?p=9500"},"modified":"2023-05-23T11:10:20","modified_gmt":"2023-05-23T09:10:20","slug":"theo-e-emma-hanno-vinto-la-tappa-di-riviera-centre","status":"publish","type":"post","link":"https:\/\/www.swissvoicetour.ch\/it\/2023\/05\/23\/theo-e-emma-hanno-vinto-la-tappa-di-riviera-centre\/","title":{"rendered":"Th\u00e9o e Emma hanno vinto la tappa di Riviera Centre"},"content":{"rendered":"\n<style type=\"text\/css\" data-created_by=\"avia_inline_auto\" id=\"style-css-av-e15lql-f699bbab0885a1c3c01fb885061e0205\">\n.avia-section.av-e15lql-f699bbab0885a1c3c01fb885061e0205{\nbackground-color:#cca047;\nbackground-image:unset;\n}\n.avia-section.av-e15lql-f699bbab0885a1c3c01fb885061e0205 .av-extra-border-element .av-extra-border-inner{\nbackground-color:#ffffff;\n}\n<\/style>\n<div id='av_section_1'  class='avia-section av-e15lql-f699bbab0885a1c3c01fb885061e0205 main_color avia-section-default avia-no-border-styling  avia-builder-el-0  el_before_av_one_fifth  avia-builder-el-first  avia-bg-style-scroll av-minimum-height av-minimum-height-custom av-height-custom  container_wrap fullsize'   data-av_minimum_height_px='200'><div class='container av-section-cont-open' style='height:200px'><main  role=\"main\" itemprop=\"mainContentOfPage\"  class='template-page content  av-content-full alpha units'><div class='post-entry post-entry-type-page post-entry-9500'><div class='entry-content-wrapper clearfix'>\n\n<style type=\"text\/css\" data-created_by=\"avia_inline_auto\" id=\"style-css-av-bxt74t-6ca844c4e76c5958d1eef08b5ec8d157\">\n#top .av-special-heading.av-bxt74t-6ca844c4e76c5958d1eef08b5ec8d157{\npadding-bottom:10px;\ncolor:#ffffff;\n}\nbody .av-special-heading.av-bxt74t-6ca844c4e76c5958d1eef08b5ec8d157 .av-special-heading-tag .heading-char{\nfont-size:25px;\n}\n.av-special-heading.av-bxt74t-6ca844c4e76c5958d1eef08b5ec8d157 .special-heading-inner-border{\nborder-color:#ffffff;\n}\n.av-special-heading.av-bxt74t-6ca844c4e76c5958d1eef08b5ec8d157 .av-subheading{\nfont-size:15px;\n}\n<\/style>\n<div  class='av-special-heading av-bxt74t-6ca844c4e76c5958d1eef08b5ec8d157 av-special-heading-h1 custom-color-heading blockquote modern-quote  avia-builder-el-1  avia-builder-el-no-sibling '><h1 class='av-special-heading-tag '  itemprop=\"headline\"  >News<\/h1><div class=\"special-heading-border\"><div class=\"special-heading-inner-border\"><\/div><\/div><\/div>\n<\/div><\/div><\/main><!-- close content main element --><\/div><div class='av-extra-border-element border-extra-diagonal border-extra-diagonal-inverse '><div class='av-extra-border-outer'><div class='av-extra-border-inner'><\/div><\/div><\/div><\/div><div id='after_section_1'  class='main_color av_default_container_wrap container_wrap fullsize'  ><div class='container av-section-cont-open' ><div class='template-page content  av-content-full alpha units'><div class='post-entry post-entry-type-page post-entry-9500'><div class='entry-content-wrapper clearfix'>\n\n<style type=\"text\/css\" data-created_by=\"avia_inline_auto\" id=\"style-css-av-3z0hbh-1b091d335a410357a502a83dd3456bed\">\n.flex_column.av-3z0hbh-1b091d335a410357a502a83dd3456bed{\nborder-radius:0px 0px 0px 0px;\npadding:0px 0px 0px 0px;\n}\n<\/style>\n<div  class='flex_column av-3z0hbh-1b091d335a410357a502a83dd3456bed av_one_fifth  avia-builder-el-2  el_after_av_section  el_before_av_three_fifth  avia-builder-el-first  first flex_column_div av-zero-column-padding  '     ><div  class='av-social-sharing-box av-1w1ktp-9e07b88c9aa52964aa307f310c543b6f av-social-sharing-box-default  avia-builder-el-3  avia-builder-el-no-sibling  av-social-sharing-box-fullwidth'><div class=\"av-share-box\"><h5 class='av-share-link-description av-no-toc '>Condividi questo articolo<\/h5><ul class=\"av-share-box-list noLightbox\"><li class='av-share-link av-social-link-facebook avia_social_iconfont' ><a target=\"_blank\" aria-label=\"Condividi su Facebook\" href='https:\/\/www.facebook.com\/sharer.php?u=https:\/\/www.swissvoicetour.ch\/it\/2023\/05\/23\/theo-e-emma-hanno-vinto-la-tappa-di-riviera-centre\/&#038;t=Th%C3%A9o%20e%20Emma%20hanno%20vinto%20la%20tappa%20di%20Riviera%20Centre' data-av_icon='\ue8f3' data-av_iconfont='entypo-fontello'  title='' data-avia-related-tooltip='Condividi su Facebook'><span class='avia_hidden_link_text'>Condividi su Facebook<\/span><\/a><\/li><li class='av-share-link av-social-link-twitter avia_social_iconfont' ><a target=\"_blank\" aria-label=\"Condividi su X\" href='https:\/\/twitter.com\/share?text=Th%C3%A9o%20e%20Emma%20hanno%20vinto%20la%20tappa%20di%20Riviera%20Centre&#038;url=https:\/\/www.swissvoicetour.ch\/it\/?p=9500' data-av_icon='\ue932' data-av_iconfont='entypo-fontello'  title='' data-avia-related-tooltip='Condividi su X'><span class='avia_hidden_link_text'>Condividi su X<\/span><\/a><\/li><li class='av-share-link av-social-link-whatsapp avia_social_iconfont' ><a target=\"_blank\" aria-label=\"Condividi su WhatsApp\" href='https:\/\/api.whatsapp.com\/send?text=https:\/\/www.swissvoicetour.ch\/it\/2023\/05\/23\/theo-e-emma-hanno-vinto-la-tappa-di-riviera-centre\/' data-av_icon='\uf232' data-av_iconfont='entypo-fontello'  title='' data-avia-related-tooltip='Condividi su WhatsApp'><span class='avia_hidden_link_text'>Condividi su WhatsApp<\/span><\/a><\/li><li class='av-share-link av-social-link-linkedin avia_social_iconfont' ><a target=\"_blank\" aria-label=\"Condividi su LinkedIn\" href='https:\/\/linkedin.com\/shareArticle?mini=true&#038;title=Th%C3%A9o%20e%20Emma%20hanno%20vinto%20la%20tappa%20di%20Riviera%20Centre&#038;url=https:\/\/www.swissvoicetour.ch\/it\/2023\/05\/23\/theo-e-emma-hanno-vinto-la-tappa-di-riviera-centre\/' data-av_icon='\ue8fc' data-av_iconfont='entypo-fontello'  title='' data-avia-related-tooltip='Condividi su LinkedIn'><span class='avia_hidden_link_text'>Condividi su LinkedIn<\/span><\/a><\/li><li class='av-share-link av-social-link-mail avia_social_iconfont' ><a  aria-label=\"Condividi attraverso Mail\" href='mailto:?subject=Th%C3%A9o%20e%20Emma%20hanno%20vinto%20la%20tappa%20di%20Riviera%20Centre&#038;body=https:\/\/www.swissvoicetour.ch\/it\/2023\/05\/23\/theo-e-emma-hanno-vinto-la-tappa-di-riviera-centre\/' data-av_icon='\ue805' data-av_iconfont='entypo-fontello'  title='' data-avia-related-tooltip='Condividi attraverso Mail'><span class='avia_hidden_link_text'>Condividi attraverso Mail<\/span><\/a><\/li><\/ul><\/div><\/div><\/div>\n<div  class='flex_column av-4k692p-5c79efd96174a92e56ee21596c6a5296 av_three_fifth  avia-builder-el-4  el_after_av_one_fifth  el_before_av_one_fifth  flex_column_div  '     ><style type=\"text\/css\" data-created_by=\"avia_inline_auto\" id=\"style-css-av-le5iqauj-4de81f9a2180f807d67c44450789da68\">\n.avia-image-container.av-le5iqauj-4de81f9a2180f807d67c44450789da68 img.avia_image{\nbox-shadow:none;\n}\n.avia-image-container.av-le5iqauj-4de81f9a2180f807d67c44450789da68 .av-image-caption-overlay-center{\ncolor:#ffffff;\n}\n<\/style>\n<div  class='avia-image-container av-le5iqauj-4de81f9a2180f807d67c44450789da68 av-styling- avia-align-center  avia-builder-el-5  avia-builder-el-no-sibling '   itemprop=\"image\" itemscope=\"itemscope\" itemtype=\"https:\/\/schema.org\/ImageObject\" ><div class=\"avia-image-container-inner\"><div class=\"avia-image-overlay-wrap\"><img decoding=\"async\" fetchpriority=\"high\" class='wp-image-9485 avia-img-lazy-loading-not-9485 avia_image ' src=\"https:\/\/www.swissvoicetour.ch\/wp-content\/uploads\/2023\/05\/20230520_171131-1030x773.jpg\" alt='' title='20230520_171131'  height=\"773\" width=\"1030\"  itemprop=\"thumbnailUrl\" srcset=\"https:\/\/www.swissvoicetour.ch\/wp-content\/uploads\/2023\/05\/20230520_171131-1030x773.jpg 1030w, https:\/\/www.swissvoicetour.ch\/wp-content\/uploads\/2023\/05\/20230520_171131-300x225.jpg 300w, https:\/\/www.swissvoicetour.ch\/wp-content\/uploads\/2023\/05\/20230520_171131-768x576.jpg 768w, https:\/\/www.swissvoicetour.ch\/wp-content\/uploads\/2023\/05\/20230520_171131-1536x1152.jpg 1536w, https:\/\/www.swissvoicetour.ch\/wp-content\/uploads\/2023\/05\/20230520_171131-2048x1536.jpg 2048w, https:\/\/www.swissvoicetour.ch\/wp-content\/uploads\/2023\/05\/20230520_171131-1500x1125.jpg 1500w, https:\/\/www.swissvoicetour.ch\/wp-content\/uploads\/2023\/05\/20230520_171131-705x529.jpg 705w\" sizes=\"(max-width: 1030px) 100vw, 1030px\" \/><\/div><\/div><\/div><\/div>\n<style type=\"text\/css\" data-created_by=\"avia_inline_auto\" id=\"style-css-av-b5vjfh-1dfaa0b4b4e6c9f8827eab83a9864935\">\n.flex_column.av-b5vjfh-1dfaa0b4b4e6c9f8827eab83a9864935{\nborder-radius:0px 0px 0px 0px;\npadding:0px 0px 0px 0px;\n}\n<\/style>\n<div  class='flex_column av-b5vjfh-1dfaa0b4b4e6c9f8827eab83a9864935 av_one_fifth  avia-builder-el-6  el_after_av_three_fifth  el_before_av_one_full  flex_column_div av-zero-column-padding  '     ><div  class='avia-button-wrap av-yi8bh-3720d42dad94c3cefe3888c293fd0990-wrap avia-button-left  avia-builder-el-7  avia-builder-el-no-sibling '><a href='https:\/\/www.swissvoicetour.ch\/it\/news\/'  class='avia-button av-yi8bh-3720d42dad94c3cefe3888c293fd0990 av-link-btn avia-icon_select-yes-left-icon avia-size-small avia-position-left avia-color-theme-color'   aria-label=\"Vedi tutte le notizie\"><span class='avia_button_icon avia_button_icon_left avia-iconfont avia-font-entypo-fontello' data-av_icon='\ue830' data-av_iconfont='entypo-fontello' ><\/span><span class='avia_iconbox_title' >Vedi tutte le notizie<\/span><\/a><\/div><\/div><\/p>\n<div  class='flex_column av-le5ixx5e-7c323d855a75a908d146eff49c6de543 av_one_full  avia-builder-el-8  el_after_av_one_fifth  el_before_av_one_full  first flex_column_div  column-top-margin'     ><section  class='av_textblock_section av-le5jaq7m-9cba5303be48227f015eeca1a3cbda99 '   itemscope=\"itemscope\" itemtype=\"https:\/\/schema.org\/BlogPosting\" itemprop=\"blogPost\" ><div class='avia_textblock'  itemprop=\"text\" ><p style=\"text-align: center;\">Th\u00e9o, si \u00e8 aggiudicato la 11\u00aa tappa dello Swiss Voice Tour, svoltasi sabato 20 maggio 2023 al Riviera Centre.<\/p>\n<p style=\"text-align: center;\">Con la sua esibizione vola direttamente alla semifinale, che avr\u00e0 luogo sabato 9 settembre 2023 al L\u00e9man Centre di Crissier.<\/p>\n<p style=\"text-align: center;\">Nella categoria Adulti \u00e8 stata Emma convincere la giuria presente e ad aggiudicarsi un posto in semifinale.<\/p>\n<p style=\"text-align: center;\">Congratulazioni ai nostri nuovi semifinalisti Th\u00e9o e Emma !<\/p>\n<\/div><\/section><\/div><div  class='flex_column av-u7a6-4bde0a7cc574207c742b42ec13e6eeb6 av_one_full  avia-builder-el-10  el_after_av_one_full  el_before_av_button  first flex_column_div  column-top-margin'     ><style type=\"text\/css\" data-created_by=\"avia_inline_auto\" id=\"style-css-av-lfi9uj8m-601fce45708caf6f978d320696188c21\">\n.avia-image-container.av-lfi9uj8m-601fce45708caf6f978d320696188c21 img.avia_image{\nbox-shadow:none;\n}\n.avia-image-container.av-lfi9uj8m-601fce45708caf6f978d320696188c21 .av-image-caption-overlay-center{\ncolor:#ffffff;\n}\n<\/style>\n<div  class='avia-image-container av-lfi9uj8m-601fce45708caf6f978d320696188c21 av-styling- avia-align-center  avia-builder-el-11  avia-builder-el-no-sibling '   itemprop=\"image\" itemscope=\"itemscope\" itemtype=\"https:\/\/schema.org\/ImageObject\" ><div class=\"avia-image-container-inner\"><div class=\"avia-image-overlay-wrap\"><img decoding=\"async\" fetchpriority=\"high\" class='wp-image-9479 avia-img-lazy-loading-not-9479 avia_image ' src=\"https:\/\/www.swissvoicetour.ch\/wp-content\/uploads\/2023\/05\/20230520_170604-1030x773.jpg\" alt='' title='20230520_170604'  height=\"773\" width=\"1030\"  itemprop=\"thumbnailUrl\" srcset=\"https:\/\/www.swissvoicetour.ch\/wp-content\/uploads\/2023\/05\/20230520_170604-1030x773.jpg 1030w, https:\/\/www.swissvoicetour.ch\/wp-content\/uploads\/2023\/05\/20230520_170604-300x225.jpg 300w, https:\/\/www.swissvoicetour.ch\/wp-content\/uploads\/2023\/05\/20230520_170604-768x576.jpg 768w, https:\/\/www.swissvoicetour.ch\/wp-content\/uploads\/2023\/05\/20230520_170604-1536x1152.jpg 1536w, https:\/\/www.swissvoicetour.ch\/wp-content\/uploads\/2023\/05\/20230520_170604-2048x1536.jpg 2048w, https:\/\/www.swissvoicetour.ch\/wp-content\/uploads\/2023\/05\/20230520_170604-1500x1125.jpg 1500w, https:\/\/www.swissvoicetour.ch\/wp-content\/uploads\/2023\/05\/20230520_170604-705x529.jpg 705w\" sizes=\"(max-width: 1030px) 100vw, 1030px\" \/><\/div><\/div><\/div><\/div><div  class='avia-button-wrap av-kznwin3z-04bc68ba9896fbabbb98fa515d4253f3-wrap avia-button-center  avia-builder-el-12  el_after_av_one_full  avia-builder-el-last '><a href='https:\/\/www.swissvoicetour.ch\/saison-8\/'  class='avia-button av-kznwin3z-04bc68ba9896fbabbb98fa515d4253f3 av-link-btn avia-icon_select-no avia-size-small avia-position-center avia-color-theme-color'  target=\"_blank\"  rel=\"noopener noreferrer\"  aria-label=\"Castings Prilly Centre\"><span class='avia_iconbox_title' >Castings Prilly Centre<\/span><\/a><\/div><\/p>\n","protected":false},"excerpt":{"rendered":"<p>Th\u00e9o, si \u00e8 aggiudicato la 11\u00aa tappa dello Swiss Voice Tour, svoltasi sabato 20 maggio 2023 al Riviera Centre.<\/p>\n","protected":false},"author":4,"featured_media":9472,"comment_status":"closed","ping_status":"closed","sticky":false,"template":"","format":"standard","meta":{"_acf_changed":false,"footnotes":""},"categories":[19],"tags":[],"class_list":["post-9500","post","type-post","status-publish","format-standard","has-post-thumbnail","hentry","category-non-categorizzato"],"acf":[],"yoast_head":"<!-- This site is optimized with the Yoast SEO plugin v27.5 - https:\/\/yoast.com\/product\/yoast-seo-wordpress\/ -->\n<title>Th\u00e9o e Emma hanno vinto la tappa di Riviera Centre - Swiss Voice Tour<\/title>\n<meta name=\"description\" content=\"Th\u00e9o, si \u00e8 aggiudicato la 11\u00aa tappa dello Swiss Voice Tour, svoltasi sabato 20 maggio 2023 al Riviera Centre.\" \/>\n<meta name=\"robots\" content=\"index, follow, max-snippet:-1, max-image-preview:large, max-video-preview:-1\" \/>\n<link rel=\"canonical\" href=\"https:\/\/www.swissvoicetour.ch\/it\/2023\/05\/23\/theo-e-emma-hanno-vinto-la-tappa-di-riviera-centre\/\" \/>\n<meta property=\"og:locale\" content=\"it_IT\" \/>\n<meta property=\"og:type\" content=\"article\" \/>\n<meta property=\"og:title\" content=\"Th\u00e9o e Emma hanno vinto la tappa di Riviera Centre - Swiss Voice Tour\" \/>\n<meta property=\"og:description\" content=\"Th\u00e9o, si \u00e8 aggiudicato la 11\u00aa tappa dello Swiss Voice Tour, svoltasi sabato 20 maggio 2023 al Riviera Centre.\" \/>\n<meta property=\"og:url\" content=\"https:\/\/www.swissvoicetour.ch\/it\/2023\/05\/23\/theo-e-emma-hanno-vinto-la-tappa-di-riviera-centre\/\" \/>\n<meta property=\"og:site_name\" content=\"Swiss Voice Tour\" \/>\n<meta property=\"article:publisher\" content=\"https:\/\/www.facebook.com\/swissvoicetour\/\" \/>\n<meta property=\"article:published_time\" content=\"2023-05-23T09:08:38+00:00\" \/>\n<meta property=\"article:modified_time\" content=\"2023-05-23T09:10:20+00:00\" \/>\n<meta property=\"og:image\" content=\"https:\/\/www.swissvoicetour.ch\/wp-content\/uploads\/2023\/05\/Swiss-8.png\" \/>\n\t<meta property=\"og:image:width\" content=\"940\" \/>\n\t<meta property=\"og:image:height\" content=\"788\" \/>\n\t<meta property=\"og:image:type\" content=\"image\/png\" \/>\n<meta name=\"author\" content=\"Swissvoicetour\" \/>\n<meta name=\"twitter:card\" content=\"summary_large_image\" \/>\n<meta name=\"twitter:label1\" content=\"Scritto da\" \/>\n\t<meta name=\"twitter:data1\" content=\"Swissvoicetour\" \/>\n\t<meta name=\"twitter:label2\" content=\"Tempo di lettura stimato\" \/>\n\t<meta name=\"twitter:data2\" content=\"5 minuti\" \/>\n<script type=\"application\/ld+json\" class=\"yoast-schema-graph\">{\"@context\":\"https:\\\/\\\/schema.org\",\"@graph\":[{\"@type\":\"Article\",\"@id\":\"https:\\\/\\\/www.swissvoicetour.ch\\\/it\\\/2023\\\/05\\\/23\\\/theo-e-emma-hanno-vinto-la-tappa-di-riviera-centre\\\/#article\",\"isPartOf\":{\"@id\":\"https:\\\/\\\/www.swissvoicetour.ch\\\/it\\\/2023\\\/05\\\/23\\\/theo-e-emma-hanno-vinto-la-tappa-di-riviera-centre\\\/\"},\"author\":{\"name\":\"Swissvoicetour\",\"@id\":\"https:\\\/\\\/www.swissvoicetour.ch\\\/#\\\/schema\\\/person\\\/de38c536756e0b173c1a0c6b24b81323\"},\"headline\":\"Th\u00e9o e Emma hanno vinto la tappa di Riviera Centre\",\"datePublished\":\"2023-05-23T09:08:38+00:00\",\"dateModified\":\"2023-05-23T09:10:20+00:00\",\"mainEntityOfPage\":{\"@id\":\"https:\\\/\\\/www.swissvoicetour.ch\\\/it\\\/2023\\\/05\\\/23\\\/theo-e-emma-hanno-vinto-la-tappa-di-riviera-centre\\\/\"},\"wordCount\":1946,\"publisher\":{\"@id\":\"https:\\\/\\\/www.swissvoicetour.ch\\\/#organization\"},\"image\":{\"@id\":\"https:\\\/\\\/www.swissvoicetour.ch\\\/it\\\/2023\\\/05\\\/23\\\/theo-e-emma-hanno-vinto-la-tappa-di-riviera-centre\\\/#primaryimage\"},\"thumbnailUrl\":\"https:\\\/\\\/www.swissvoicetour.ch\\\/wp-content\\\/uploads\\\/2023\\\/05\\\/Swiss-8.png\",\"articleSection\":[\"Non categorizzato\"],\"inLanguage\":\"it-IT\"},{\"@type\":\"WebPage\",\"@id\":\"https:\\\/\\\/www.swissvoicetour.ch\\\/it\\\/2023\\\/05\\\/23\\\/theo-e-emma-hanno-vinto-la-tappa-di-riviera-centre\\\/\",\"url\":\"https:\\\/\\\/www.swissvoicetour.ch\\\/it\\\/2023\\\/05\\\/23\\\/theo-e-emma-hanno-vinto-la-tappa-di-riviera-centre\\\/\",\"name\":\"Th\u00e9o e Emma hanno vinto la tappa di Riviera Centre - Swiss Voice Tour\",\"isPartOf\":{\"@id\":\"https:\\\/\\\/www.swissvoicetour.ch\\\/#website\"},\"primaryImageOfPage\":{\"@id\":\"https:\\\/\\\/www.swissvoicetour.ch\\\/it\\\/2023\\\/05\\\/23\\\/theo-e-emma-hanno-vinto-la-tappa-di-riviera-centre\\\/#primaryimage\"},\"image\":{\"@id\":\"https:\\\/\\\/www.swissvoicetour.ch\\\/it\\\/2023\\\/05\\\/23\\\/theo-e-emma-hanno-vinto-la-tappa-di-riviera-centre\\\/#primaryimage\"},\"thumbnailUrl\":\"https:\\\/\\\/www.swissvoicetour.ch\\\/wp-content\\\/uploads\\\/2023\\\/05\\\/Swiss-8.png\",\"datePublished\":\"2023-05-23T09:08:38+00:00\",\"dateModified\":\"2023-05-23T09:10:20+00:00\",\"description\":\"Th\u00e9o, si \u00e8 aggiudicato la 11\u00aa tappa dello Swiss Voice Tour, svoltasi sabato 20 maggio 2023 al Riviera Centre.\",\"breadcrumb\":{\"@id\":\"https:\\\/\\\/www.swissvoicetour.ch\\\/it\\\/2023\\\/05\\\/23\\\/theo-e-emma-hanno-vinto-la-tappa-di-riviera-centre\\\/#breadcrumb\"},\"inLanguage\":\"it-IT\",\"potentialAction\":[{\"@type\":\"ReadAction\",\"target\":[\"https:\\\/\\\/www.swissvoicetour.ch\\\/it\\\/2023\\\/05\\\/23\\\/theo-e-emma-hanno-vinto-la-tappa-di-riviera-centre\\\/\"]}]},{\"@type\":\"ImageObject\",\"inLanguage\":\"it-IT\",\"@id\":\"https:\\\/\\\/www.swissvoicetour.ch\\\/it\\\/2023\\\/05\\\/23\\\/theo-e-emma-hanno-vinto-la-tappa-di-riviera-centre\\\/#primaryimage\",\"url\":\"https:\\\/\\\/www.swissvoicetour.ch\\\/wp-content\\\/uploads\\\/2023\\\/05\\\/Swiss-8.png\",\"contentUrl\":\"https:\\\/\\\/www.swissvoicetour.ch\\\/wp-content\\\/uploads\\\/2023\\\/05\\\/Swiss-8.png\",\"width\":940,\"height\":788},{\"@type\":\"BreadcrumbList\",\"@id\":\"https:\\\/\\\/www.swissvoicetour.ch\\\/it\\\/2023\\\/05\\\/23\\\/theo-e-emma-hanno-vinto-la-tappa-di-riviera-centre\\\/#breadcrumb\",\"itemListElement\":[{\"@type\":\"ListItem\",\"position\":1,\"name\":\"Accueil\",\"item\":\"https:\\\/\\\/www.swissvoicetour.ch\\\/it\\\/\"},{\"@type\":\"ListItem\",\"position\":2,\"name\":\"Th\u00e9o e Emma hanno vinto la tappa di Riviera Centre\"}]},{\"@type\":\"WebSite\",\"@id\":\"https:\\\/\\\/www.swissvoicetour.ch\\\/#website\",\"url\":\"https:\\\/\\\/www.swissvoicetour.ch\\\/\",\"name\":\"Swiss Voice Tour\",\"description\":\"Benvenuti nella pagina ufficiale dello Swiss Voice Tour\",\"publisher\":{\"@id\":\"https:\\\/\\\/www.swissvoicetour.ch\\\/#organization\"},\"potentialAction\":[{\"@type\":\"SearchAction\",\"target\":{\"@type\":\"EntryPoint\",\"urlTemplate\":\"https:\\\/\\\/www.swissvoicetour.ch\\\/?s={search_term_string}\"},\"query-input\":{\"@type\":\"PropertyValueSpecification\",\"valueRequired\":true,\"valueName\":\"search_term_string\"}}],\"inLanguage\":\"it-IT\"},{\"@type\":\"Organization\",\"@id\":\"https:\\\/\\\/www.swissvoicetour.ch\\\/#organization\",\"name\":\"Swiss Voice Tour\",\"url\":\"https:\\\/\\\/www.swissvoicetour.ch\\\/\",\"logo\":{\"@type\":\"ImageObject\",\"inLanguage\":\"it-IT\",\"@id\":\"https:\\\/\\\/www.swissvoicetour.ch\\\/#\\\/schema\\\/logo\\\/image\\\/\",\"url\":\"https:\\\/\\\/www.swissvoicetour.ch\\\/wp-content\\\/uploads\\\/2024\\\/11\\\/LOGO_SVT_2025_RVB-1030x1030.png\",\"contentUrl\":\"https:\\\/\\\/www.swissvoicetour.ch\\\/wp-content\\\/uploads\\\/2024\\\/11\\\/LOGO_SVT_2025_RVB-1030x1030.png\",\"width\":1030,\"height\":1030,\"caption\":\"Swiss Voice Tour\"},\"image\":{\"@id\":\"https:\\\/\\\/www.swissvoicetour.ch\\\/#\\\/schema\\\/logo\\\/image\\\/\"},\"sameAs\":[\"https:\\\/\\\/www.facebook.com\\\/swissvoicetour\\\/\",\"https:\\\/\\\/www.instagram.com\\\/swissvoicetour\\\/\"]},{\"@type\":\"Person\",\"@id\":\"https:\\\/\\\/www.swissvoicetour.ch\\\/#\\\/schema\\\/person\\\/de38c536756e0b173c1a0c6b24b81323\",\"name\":\"Swissvoicetour\",\"image\":{\"@type\":\"ImageObject\",\"inLanguage\":\"it-IT\",\"@id\":\"https:\\\/\\\/secure.gravatar.com\\\/avatar\\\/b80f148837990d85089c37188c2849d7e9c06f46aa6a7fd3926e733059ecb726?s=96&d=mm&r=g\",\"url\":\"https:\\\/\\\/secure.gravatar.com\\\/avatar\\\/b80f148837990d85089c37188c2849d7e9c06f46aa6a7fd3926e733059ecb726?s=96&d=mm&r=g\",\"contentUrl\":\"https:\\\/\\\/secure.gravatar.com\\\/avatar\\\/b80f148837990d85089c37188c2849d7e9c06f46aa6a7fd3926e733059ecb726?s=96&d=mm&r=g\",\"caption\":\"Swissvoicetour\"},\"url\":\"https:\\\/\\\/www.swissvoicetour.ch\\\/it\\\/author\\\/swissvoicetour\\\/\"}]}<\/script>\n<!-- \/ Yoast SEO plugin. -->","yoast_head_json":{"title":"Th\u00e9o e Emma hanno vinto la tappa di Riviera Centre - Swiss Voice Tour","description":"Th\u00e9o, si \u00e8 aggiudicato la 11\u00aa tappa dello Swiss Voice Tour, svoltasi sabato 20 maggio 2023 al Riviera Centre.","robots":{"index":"index","follow":"follow","max-snippet":"max-snippet:-1","max-image-preview":"max-image-preview:large","max-video-preview":"max-video-preview:-1"},"canonical":"https:\/\/www.swissvoicetour.ch\/it\/2023\/05\/23\/theo-e-emma-hanno-vinto-la-tappa-di-riviera-centre\/","og_locale":"it_IT","og_type":"article","og_title":"Th\u00e9o e Emma hanno vinto la tappa di Riviera Centre - Swiss Voice Tour","og_description":"Th\u00e9o, si \u00e8 aggiudicato la 11\u00aa tappa dello Swiss Voice Tour, svoltasi sabato 20 maggio 2023 al Riviera Centre.","og_url":"https:\/\/www.swissvoicetour.ch\/it\/2023\/05\/23\/theo-e-emma-hanno-vinto-la-tappa-di-riviera-centre\/","og_site_name":"Swiss Voice Tour","article_publisher":"https:\/\/www.facebook.com\/swissvoicetour\/","article_published_time":"2023-05-23T09:08:38+00:00","article_modified_time":"2023-05-23T09:10:20+00:00","og_image":[{"width":940,"height":788,"url":"https:\/\/www.swissvoicetour.ch\/wp-content\/uploads\/2023\/05\/Swiss-8.png","type":"image\/png"}],"author":"Swissvoicetour","twitter_card":"summary_large_image","twitter_misc":{"Scritto da":"Swissvoicetour","Tempo di lettura stimato":"5 minuti"},"schema":{"@context":"https:\/\/schema.org","@graph":[{"@type":"Article","@id":"https:\/\/www.swissvoicetour.ch\/it\/2023\/05\/23\/theo-e-emma-hanno-vinto-la-tappa-di-riviera-centre\/#article","isPartOf":{"@id":"https:\/\/www.swissvoicetour.ch\/it\/2023\/05\/23\/theo-e-emma-hanno-vinto-la-tappa-di-riviera-centre\/"},"author":{"name":"Swissvoicetour","@id":"https:\/\/www.swissvoicetour.ch\/#\/schema\/person\/de38c536756e0b173c1a0c6b24b81323"},"headline":"Th\u00e9o e Emma hanno vinto la tappa di Riviera Centre","datePublished":"2023-05-23T09:08:38+00:00","dateModified":"2023-05-23T09:10:20+00:00","mainEntityOfPage":{"@id":"https:\/\/www.swissvoicetour.ch\/it\/2023\/05\/23\/theo-e-emma-hanno-vinto-la-tappa-di-riviera-centre\/"},"wordCount":1946,"publisher":{"@id":"https:\/\/www.swissvoicetour.ch\/#organization"},"image":{"@id":"https:\/\/www.swissvoicetour.ch\/it\/2023\/05\/23\/theo-e-emma-hanno-vinto-la-tappa-di-riviera-centre\/#primaryimage"},"thumbnailUrl":"https:\/\/www.swissvoicetour.ch\/wp-content\/uploads\/2023\/05\/Swiss-8.png","articleSection":["Non categorizzato"],"inLanguage":"it-IT"},{"@type":"WebPage","@id":"https:\/\/www.swissvoicetour.ch\/it\/2023\/05\/23\/theo-e-emma-hanno-vinto-la-tappa-di-riviera-centre\/","url":"https:\/\/www.swissvoicetour.ch\/it\/2023\/05\/23\/theo-e-emma-hanno-vinto-la-tappa-di-riviera-centre\/","name":"Th\u00e9o e Emma hanno vinto la tappa di Riviera Centre - Swiss Voice Tour","isPartOf":{"@id":"https:\/\/www.swissvoicetour.ch\/#website"},"primaryImageOfPage":{"@id":"https:\/\/www.swissvoicetour.ch\/it\/2023\/05\/23\/theo-e-emma-hanno-vinto-la-tappa-di-riviera-centre\/#primaryimage"},"image":{"@id":"https:\/\/www.swissvoicetour.ch\/it\/2023\/05\/23\/theo-e-emma-hanno-vinto-la-tappa-di-riviera-centre\/#primaryimage"},"thumbnailUrl":"https:\/\/www.swissvoicetour.ch\/wp-content\/uploads\/2023\/05\/Swiss-8.png","datePublished":"2023-05-23T09:08:38+00:00","dateModified":"2023-05-23T09:10:20+00:00","description":"Th\u00e9o, si \u00e8 aggiudicato la 11\u00aa tappa dello Swiss Voice Tour, svoltasi sabato 20 maggio 2023 al Riviera Centre.","breadcrumb":{"@id":"https:\/\/www.swissvoicetour.ch\/it\/2023\/05\/23\/theo-e-emma-hanno-vinto-la-tappa-di-riviera-centre\/#breadcrumb"},"inLanguage":"it-IT","potentialAction":[{"@type":"ReadAction","target":["https:\/\/www.swissvoicetour.ch\/it\/2023\/05\/23\/theo-e-emma-hanno-vinto-la-tappa-di-riviera-centre\/"]}]},{"@type":"ImageObject","inLanguage":"it-IT","@id":"https:\/\/www.swissvoicetour.ch\/it\/2023\/05\/23\/theo-e-emma-hanno-vinto-la-tappa-di-riviera-centre\/#primaryimage","url":"https:\/\/www.swissvoicetour.ch\/wp-content\/uploads\/2023\/05\/Swiss-8.png","contentUrl":"https:\/\/www.swissvoicetour.ch\/wp-content\/uploads\/2023\/05\/Swiss-8.png","width":940,"height":788},{"@type":"BreadcrumbList","@id":"https:\/\/www.swissvoicetour.ch\/it\/2023\/05\/23\/theo-e-emma-hanno-vinto-la-tappa-di-riviera-centre\/#breadcrumb","itemListElement":[{"@type":"ListItem","position":1,"name":"Accueil","item":"https:\/\/www.swissvoicetour.ch\/it\/"},{"@type":"ListItem","position":2,"name":"Th\u00e9o e Emma hanno vinto la tappa di Riviera Centre"}]},{"@type":"WebSite","@id":"https:\/\/www.swissvoicetour.ch\/#website","url":"https:\/\/www.swissvoicetour.ch\/","name":"Swiss Voice Tour","description":"Benvenuti nella pagina ufficiale dello Swiss Voice Tour","publisher":{"@id":"https:\/\/www.swissvoicetour.ch\/#organization"},"potentialAction":[{"@type":"SearchAction","target":{"@type":"EntryPoint","urlTemplate":"https:\/\/www.swissvoicetour.ch\/?s={search_term_string}"},"query-input":{"@type":"PropertyValueSpecification","valueRequired":true,"valueName":"search_term_string"}}],"inLanguage":"it-IT"},{"@type":"Organization","@id":"https:\/\/www.swissvoicetour.ch\/#organization","name":"Swiss Voice Tour","url":"https:\/\/www.swissvoicetour.ch\/","logo":{"@type":"ImageObject","inLanguage":"it-IT","@id":"https:\/\/www.swissvoicetour.ch\/#\/schema\/logo\/image\/","url":"https:\/\/www.swissvoicetour.ch\/wp-content\/uploads\/2024\/11\/LOGO_SVT_2025_RVB-1030x1030.png","contentUrl":"https:\/\/www.swissvoicetour.ch\/wp-content\/uploads\/2024\/11\/LOGO_SVT_2025_RVB-1030x1030.png","width":1030,"height":1030,"caption":"Swiss Voice Tour"},"image":{"@id":"https:\/\/www.swissvoicetour.ch\/#\/schema\/logo\/image\/"},"sameAs":["https:\/\/www.facebook.com\/swissvoicetour\/","https:\/\/www.instagram.com\/swissvoicetour\/"]},{"@type":"Person","@id":"https:\/\/www.swissvoicetour.ch\/#\/schema\/person\/de38c536756e0b173c1a0c6b24b81323","name":"Swissvoicetour","image":{"@type":"ImageObject","inLanguage":"it-IT","@id":"https:\/\/secure.gravatar.com\/avatar\/b80f148837990d85089c37188c2849d7e9c06f46aa6a7fd3926e733059ecb726?s=96&d=mm&r=g","url":"https:\/\/secure.gravatar.com\/avatar\/b80f148837990d85089c37188c2849d7e9c06f46aa6a7fd3926e733059ecb726?s=96&d=mm&r=g","contentUrl":"https:\/\/secure.gravatar.com\/avatar\/b80f148837990d85089c37188c2849d7e9c06f46aa6a7fd3926e733059ecb726?s=96&d=mm&r=g","caption":"Swissvoicetour"},"url":"https:\/\/www.swissvoicetour.ch\/it\/author\/swissvoicetour\/"}]}},"_links":{"self":[{"href":"https:\/\/www.swissvoicetour.ch\/it\/wp-json\/wp\/v2\/posts\/9500","targetHints":{"allow":["GET"]}}],"collection":[{"href":"https:\/\/www.swissvoicetour.ch\/it\/wp-json\/wp\/v2\/posts"}],"about":[{"href":"https:\/\/www.swissvoicetour.ch\/it\/wp-json\/wp\/v2\/types\/post"}],"author":[{"embeddable":true,"href":"https:\/\/www.swissvoicetour.ch\/it\/wp-json\/wp\/v2\/users\/4"}],"replies":[{"embeddable":true,"href":"https:\/\/www.swissvoicetour.ch\/it\/wp-json\/wp\/v2\/comments?post=9500"}],"version-history":[{"count":3,"href":"https:\/\/www.swissvoicetour.ch\/it\/wp-json\/wp\/v2\/posts\/9500\/revisions"}],"predecessor-version":[{"id":9504,"href":"https:\/\/www.swissvoicetour.ch\/it\/wp-json\/wp\/v2\/posts\/9500\/revisions\/9504"}],"wp:featuredmedia":[{"embeddable":true,"href":"https:\/\/www.swissvoicetour.ch\/it\/wp-json\/wp\/v2\/media\/9472"}],"wp:attachment":[{"href":"https:\/\/www.swissvoicetour.ch\/it\/wp-json\/wp\/v2\/media?parent=9500"}],"wp:term":[{"taxonomy":"category","embeddable":true,"href":"https:\/\/www.swissvoicetour.ch\/it\/wp-json\/wp\/v2\/categories?post=9500"},{"taxonomy":"post_tag","embeddable":true,"href":"https:\/\/www.swissvoicetour.ch\/it\/wp-json\/wp\/v2\/tags?post=9500"}],"curies":[{"name":"wp","href":"https:\/\/api.w.org\/{rel}","templated":true}]}}