{"id":9252,"date":"2023-04-03T15:25:01","date_gmt":"2023-04-03T13:25:01","guid":{"rendered":"https:\/\/www.swissvoicetour.ch\/?p=9252"},"modified":"2023-04-03T15:25:01","modified_gmt":"2023-04-03T13:25:01","slug":"la-maladiere-centre-e-pronto-per-lottava-tappa-del-tour","status":"publish","type":"post","link":"https:\/\/www.swissvoicetour.ch\/it\/2023\/04\/03\/la-maladiere-centre-e-pronto-per-lottava-tappa-del-tour\/","title":{"rendered":"La Maladi\u00e8re Centre \u00e8 pronto per l&#8217;ottava tappa del tour!"},"content":{"rendered":"\n<style type=\"text\/css\" data-created_by=\"avia_inline_auto\" id=\"style-css-av-f35ovn-d1de0295df9bfe48010ec0cb11348deb\">\n.avia-section.av-f35ovn-d1de0295df9bfe48010ec0cb11348deb{\nbackground-color:#cca047;\nbackground-image:unset;\n}\n.avia-section.av-f35ovn-d1de0295df9bfe48010ec0cb11348deb .av-extra-border-element .av-extra-border-inner{\nbackground-color:#ffffff;\n}\n<\/style>\n<div id='av_section_1'  class='avia-section av-f35ovn-d1de0295df9bfe48010ec0cb11348deb main_color avia-section-default avia-no-border-styling  avia-builder-el-0  el_before_av_one_fifth  avia-builder-el-first  avia-bg-style-scroll av-minimum-height av-minimum-height-custom av-height-custom  container_wrap fullsize'   data-av_minimum_height_px='200'><div class='container av-section-cont-open' style='height:200px'><main  role=\"main\" itemprop=\"mainContentOfPage\"  class='template-page content  av-content-full alpha units'><div class='post-entry post-entry-type-page post-entry-9252'><div class='entry-content-wrapper clearfix'>\n\n<style type=\"text\/css\" data-created_by=\"avia_inline_auto\" id=\"style-css-av-djqvlv-2f80bb49790564a22cdbd83392c91d91\">\n#top .av-special-heading.av-djqvlv-2f80bb49790564a22cdbd83392c91d91{\npadding-bottom:10px;\ncolor:#ffffff;\n}\nbody .av-special-heading.av-djqvlv-2f80bb49790564a22cdbd83392c91d91 .av-special-heading-tag .heading-char{\nfont-size:25px;\n}\n.av-special-heading.av-djqvlv-2f80bb49790564a22cdbd83392c91d91 .special-heading-inner-border{\nborder-color:#ffffff;\n}\n.av-special-heading.av-djqvlv-2f80bb49790564a22cdbd83392c91d91 .av-subheading{\nfont-size:15px;\n}\n<\/style>\n<div  class='av-special-heading av-djqvlv-2f80bb49790564a22cdbd83392c91d91 av-special-heading-h1 custom-color-heading blockquote modern-quote  avia-builder-el-1  avia-builder-el-no-sibling '><h1 class='av-special-heading-tag '  itemprop=\"headline\"  >News<\/h1><div class=\"special-heading-border\"><div class=\"special-heading-inner-border\"><\/div><\/div><\/div>\n<\/div><\/div><\/main><!-- close content main element --><\/div><div class='av-extra-border-element border-extra-diagonal border-extra-diagonal-inverse '><div class='av-extra-border-outer'><div class='av-extra-border-inner'><\/div><\/div><\/div><\/div><div id='after_section_1'  class='main_color av_default_container_wrap container_wrap fullsize'  ><div class='container av-section-cont-open' ><div class='template-page content  av-content-full alpha units'><div class='post-entry post-entry-type-page post-entry-9252'><div class='entry-content-wrapper clearfix'>\n\n<style type=\"text\/css\" data-created_by=\"avia_inline_auto\" id=\"style-css-av-bzjzj7-8503e1c0779ead34d38866884201d7ec\">\n.flex_column.av-bzjzj7-8503e1c0779ead34d38866884201d7ec{\nborder-radius:0px 0px 0px 0px;\npadding:0px 0px 0px 0px;\n}\n<\/style>\n<div  class='flex_column av-bzjzj7-8503e1c0779ead34d38866884201d7ec av_one_fifth  avia-builder-el-2  el_after_av_section  el_before_av_three_fifth  avia-builder-el-first  first flex_column_div av-zero-column-padding  '     ><div  class='avia-button-wrap av-b5ztcj-e4b0d9b64b5574c92adb533a095eb5ac-wrap avia-button-left  avia-builder-el-3  avia-builder-el-no-sibling '><a href='https:\/\/www.swissvoicetour.ch\/it\/news\/'  class='avia-button av-b5ztcj-e4b0d9b64b5574c92adb533a095eb5ac av-link-btn avia-icon_select-yes-left-icon avia-size-small avia-position-left avia-color-theme-color'   aria-label=\"Vedi tutte le notizie\"><span class='avia_button_icon avia_button_icon_left avia-iconfont avia-font-entypo-fontello' data-av_icon='\ue830' data-av_iconfont='entypo-fontello' ><\/span><span class='avia_iconbox_title' >Vedi tutte le notizie<\/span><\/a><\/div><\/div>\n\n<style type=\"text\/css\" data-created_by=\"avia_inline_auto\" id=\"style-css-av-8wr7ur-036e633ab1c91da7689bf0ae28dd7cb8\">\n.flex_column.av-8wr7ur-036e633ab1c91da7689bf0ae28dd7cb8{\nborder-radius:0px 0px 0px 0px;\npadding:0px 0px 0px 0px;\n}\n<\/style>\n<div  class='flex_column av-8wr7ur-036e633ab1c91da7689bf0ae28dd7cb8 av_three_fifth  avia-builder-el-4  el_after_av_one_fifth  el_before_av_one_fifth  flex_column_div av-zero-column-padding  '     ><p>\n<style type=\"text\/css\" data-created_by=\"avia_inline_auto\" id=\"style-css-av-kxahdffh-edb2792cd468235d2209d4f07ff6f22b\">\n.avia-image-container.av-kxahdffh-edb2792cd468235d2209d4f07ff6f22b img.avia_image{\nbox-shadow:none;\n}\n.avia-image-container.av-kxahdffh-edb2792cd468235d2209d4f07ff6f22b .av-image-caption-overlay-center{\ncolor:#ffffff;\n}\n<\/style>\n<div  class='avia-image-container av-kxahdffh-edb2792cd468235d2209d4f07ff6f22b av-styling- avia-align-center  avia-builder-el-5  el_before_av_heading  avia-builder-el-first '   itemprop=\"image\" itemscope=\"itemscope\" itemtype=\"https:\/\/schema.org\/ImageObject\" ><div class=\"avia-image-container-inner\"><div class=\"avia-image-overlay-wrap\"><img decoding=\"async\" fetchpriority=\"high\" class='wp-image-9246 avia-img-lazy-loading-not-9246 avia_image ' src=\"https:\/\/www.swissvoicetour.ch\/wp-content\/uploads\/2023\/04\/La-Maladiere.jpg\" alt='' title='La Maladiere'  height=\"533\" width=\"800\"  itemprop=\"thumbnailUrl\" srcset=\"https:\/\/www.swissvoicetour.ch\/wp-content\/uploads\/2023\/04\/La-Maladiere.jpg 800w, https:\/\/www.swissvoicetour.ch\/wp-content\/uploads\/2023\/04\/La-Maladiere-300x200.jpg 300w, https:\/\/www.swissvoicetour.ch\/wp-content\/uploads\/2023\/04\/La-Maladiere-768x512.jpg 768w, https:\/\/www.swissvoicetour.ch\/wp-content\/uploads\/2023\/04\/La-Maladiere-705x470.jpg 705w\" sizes=\"(max-width: 800px) 100vw, 800px\" \/><\/div><\/div><\/div><br \/>\n\n<style type=\"text\/css\" data-created_by=\"avia_inline_auto\" id=\"style-css-av-kxah92ko-681f49c9646846b7c2be0acf2d24ed2b\">\n#top .av-special-heading.av-kxah92ko-681f49c9646846b7c2be0acf2d24ed2b{\npadding-bottom:10px;\n}\nbody .av-special-heading.av-kxah92ko-681f49c9646846b7c2be0acf2d24ed2b .av-special-heading-tag .heading-char{\nfont-size:25px;\n}\n.av-special-heading.av-kxah92ko-681f49c9646846b7c2be0acf2d24ed2b .av-subheading{\nfont-size:15px;\n}\n<\/style>\n<div  class='av-special-heading av-kxah92ko-681f49c9646846b7c2be0acf2d24ed2b av-special-heading-h2  avia-builder-el-6  el_after_av_image  el_before_av_hr '><h2 class='av-special-heading-tag '  itemprop=\"headline\"  >La Maladi\u00e8re Centre \u00e8 pronto per l\u2019ottava tappa del tour!<\/h2><div class=\"special-heading-border\"><div class=\"special-heading-inner-border\"><\/div><\/div><\/div><br \/>\n\n<style type=\"text\/css\" data-created_by=\"avia_inline_auto\" id=\"style-css-av-74ijoj-b4500770f48857814cba128223b31ac5\">\n#top .hr.hr-invisible.av-74ijoj-b4500770f48857814cba128223b31ac5{\nheight:30px;\n}\n<\/style>\n<div  class='hr av-74ijoj-b4500770f48857814cba128223b31ac5 hr-invisible  avia-builder-el-7  el_after_av_heading  el_before_av_textblock '><span class='hr-inner '><span class=\"hr-inner-style\"><\/span><\/span><\/div><br \/>\n<section  class='av_textblock_section av-kxahak11-193e43a0b5b3d5517ac490e2c510e224 '   itemscope=\"itemscope\" itemtype=\"https:\/\/schema.org\/BlogPosting\" itemprop=\"blogPost\" ><div class='avia_textblock'  itemprop=\"text\" ><section>Il tour prosegue al Maladi\u00e8re Centre dal 25 al 29 aprile 2023, con molte novit\u00e0 e sorprese. Tra queste, ospiti e membri della giuria speciali quali: <br class=\"avia-permanent-lb\" \/><br class=\"avia-permanent-lb\" \/><strong>Cabry : <br class=\"avia-permanent-lb\" \/><\/strong>Dopo esser stato candidato agli show televisivi Nouvelle Star e The Voice e aver partecipato al Festival del Jazz di Montreux e al Pal\u00e9o Festival di Nyon, da quattro anni Cabry \u00e8 membro della giuria del Kids Voice Tour. Il cantante vallesano sta attualmente lavorando al suo 6\u00b0 album. Sul palco \u00e8 un autentico showman. <br class=\"avia-permanent-lb\" \/><strong><br \/>\n<\/strong><strong>Marcos Escudero :\u00a0<br class=\"avia-permanent-lb\" \/><\/strong>Incaricato del casting e musicista, ha lavorato a numerosi progetti quali The Voice, The Voice Kids, Les Kids United, Saturday Night Fever, R\u00e9siste, Priscilla folle du d\u00e9sert&#8230; Ha inoltre diretto diversi progetti per la \u00abUniversal Music\u00bb e la \u00abWarner Music\u00bb e collabora con vari artisti come consigliere artistico e coach per provini.<br class=\"avia-permanent-lb\" \/><strong><br class=\"avia-permanent-lb\" \/><\/strong><\/section>\n<section><\/section>\n<section><\/section>\n<section><strong>Lights! Camera! Action!<\/strong><\/section>\n<section class=\"av_textblock_section \"><\/section>\n<\/div><\/section><br \/>\n\n<style type=\"text\/css\" data-created_by=\"avia_inline_auto\" id=\"style-css-av-kxgc6ey5-2a186a7b44a5d3769d3227d64fd0fe1b\">\n#top .hr.hr-invisible.av-kxgc6ey5-2a186a7b44a5d3769d3227d64fd0fe1b{\nheight:25px;\n}\n<\/style>\n<div  class='hr av-kxgc6ey5-2a186a7b44a5d3769d3227d64fd0fe1b hr-invisible  avia-builder-el-9  el_after_av_textblock  avia-builder-el-last '><span class='hr-inner '><span class=\"hr-inner-style\"><\/span><\/span><\/div><\/p><\/div>\n<style type=\"text\/css\" data-created_by=\"avia_inline_auto\" id=\"style-css-av-4y646r-36b22fc75f2abf8be35f22f9722a10ff\">\n.flex_column.av-4y646r-36b22fc75f2abf8be35f22f9722a10ff{\nborder-radius:0px 0px 0px 0px;\npadding:0px 0px 0px 0px;\n}\n<\/style>\n<div  class='flex_column av-4y646r-36b22fc75f2abf8be35f22f9722a10ff av_one_fifth  avia-builder-el-10  el_after_av_three_fifth  el_before_av_video  flex_column_div av-zero-column-padding  '     ><div  class='av-social-sharing-box av-2q9yir-fd8672f11cda39f6d770f373693144a0 av-social-sharing-box-default  avia-builder-el-11  avia-builder-el-no-sibling  av-social-sharing-box-fullwidth'><div class=\"av-share-box\"><h5 class='av-share-link-description av-no-toc '>Condividi questo articolo<\/h5><ul class=\"av-share-box-list noLightbox\"><li class='av-share-link av-social-link-facebook avia_social_iconfont' ><a target=\"_blank\" aria-label=\"Condividi su Facebook\" href='https:\/\/www.facebook.com\/sharer.php?u=https:\/\/www.swissvoicetour.ch\/it\/2023\/04\/03\/la-maladiere-centre-e-pronto-per-lottava-tappa-del-tour\/&#038;t=La%20Maladi%C3%A8re%20Centre%20%C3%A8%20pronto%20per%20l%E2%80%99ottava%20tappa%20del%20tour%21' data-av_icon='\ue8f3' data-av_iconfont='entypo-fontello'  title='' data-avia-related-tooltip='Condividi su Facebook'><span class='avia_hidden_link_text'>Condividi su Facebook<\/span><\/a><\/li><li class='av-share-link av-social-link-twitter avia_social_iconfont' ><a target=\"_blank\" aria-label=\"Condividi su X\" href='https:\/\/twitter.com\/share?text=La%20Maladi%C3%A8re%20Centre%20%C3%A8%20pronto%20per%20l%E2%80%99ottava%20tappa%20del%20tour%21&#038;url=https:\/\/www.swissvoicetour.ch\/it\/?p=9252' data-av_icon='\ue932' data-av_iconfont='entypo-fontello'  title='' data-avia-related-tooltip='Condividi su X'><span class='avia_hidden_link_text'>Condividi su X<\/span><\/a><\/li><li class='av-share-link av-social-link-whatsapp avia_social_iconfont' ><a target=\"_blank\" aria-label=\"Condividi su WhatsApp\" href='https:\/\/api.whatsapp.com\/send?text=https:\/\/www.swissvoicetour.ch\/it\/2023\/04\/03\/la-maladiere-centre-e-pronto-per-lottava-tappa-del-tour\/' data-av_icon='\uf232' data-av_iconfont='entypo-fontello'  title='' data-avia-related-tooltip='Condividi su WhatsApp'><span class='avia_hidden_link_text'>Condividi su WhatsApp<\/span><\/a><\/li><li class='av-share-link av-social-link-linkedin avia_social_iconfont' ><a target=\"_blank\" aria-label=\"Condividi su LinkedIn\" href='https:\/\/linkedin.com\/shareArticle?mini=true&#038;title=La%20Maladi%C3%A8re%20Centre%20%C3%A8%20pronto%20per%20l%E2%80%99ottava%20tappa%20del%20tour%21&#038;url=https:\/\/www.swissvoicetour.ch\/it\/2023\/04\/03\/la-maladiere-centre-e-pronto-per-lottava-tappa-del-tour\/' data-av_icon='\ue8fc' data-av_iconfont='entypo-fontello'  title='' data-avia-related-tooltip='Condividi su LinkedIn'><span class='avia_hidden_link_text'>Condividi su LinkedIn<\/span><\/a><\/li><li class='av-share-link av-social-link-mail avia_social_iconfont' ><a  aria-label=\"Condividi attraverso Mail\" href='mailto:?subject=La%20Maladi%C3%A8re%20Centre%20%C3%A8%20pronto%20per%20l%E2%80%99ottava%20tappa%20del%20tour%21&#038;body=https:\/\/www.swissvoicetour.ch\/it\/2023\/04\/03\/la-maladiere-centre-e-pronto-per-lottava-tappa-del-tour\/' data-av_icon='\ue805' data-av_iconfont='entypo-fontello'  title='' data-avia-related-tooltip='Condividi attraverso Mail'><span class='avia_hidden_link_text'>Condividi attraverso Mail<\/span><\/a><\/li><\/ul><\/div><\/div><\/div><\/p>\n<div  class='avia-video av-ldctt943-c8bcf25ad1f1e70dce83f96c0321da30 avia-video-16-9 av-no-preview-image avia-video-load-always av-lazyload-immediate av-lazyload-video-embed'  itemprop=\"video\" itemtype=\"https:\/\/schema.org\/VideoObject\"  data-original_url='https:\/\/youtu.be\/kvfPaI6VNks'><script type='text\/html' class='av-video-tmpl'><div class='avia-iframe-wrap'><iframe title=\"SwissVoiceTour 2023 Teaser IT\" width=\"1500\" height=\"844\" src=\"https:\/\/www.youtube.com\/embed\/kvfPaI6VNks?feature=oembed&autoplay=0&loop=0&controls=1&mute=0\" frameborder=\"0\" allow=\"accelerometer; autoplay; clipboard-write; encrypted-media; gyroscope; picture-in-picture; web-share\" allowfullscreen><\/iframe><\/div><\/script><div class='av-click-to-play-overlay'><div class=\"avia_playpause_icon\"><\/div><\/div><\/div>\n","protected":false},"excerpt":{"rendered":"<p>Il tour prosegue al Maladi\u00e8re Centre dal 25 al 29 aprile 2023, con molte novit\u00e0 e sorprese.<\/p>\n","protected":false},"author":4,"featured_media":9246,"comment_status":"open","ping_status":"open","sticky":false,"template":"","format":"standard","meta":{"_acf_changed":false,"footnotes":""},"categories":[19],"tags":[],"class_list":["post-9252","post","type-post","status-publish","format-standard","has-post-thumbnail","hentry","category-non-categorizzato"],"acf":[],"yoast_head":"<!-- This site is optimized with the Yoast SEO plugin v27.5 - https:\/\/yoast.com\/product\/yoast-seo-wordpress\/ -->\n<title>La Maladi\u00e8re Centre \u00e8 pronto per l&#039;ottava tappa del tour! - Swiss Voice Tour<\/title>\n<meta name=\"description\" content=\"Il tour prosegue al Maladi\u00e8re Centre dal 25 al 29 aprile 2023, con molte novit\u00e0 e sorprese.\" \/>\n<meta name=\"robots\" content=\"index, follow, max-snippet:-1, max-image-preview:large, max-video-preview:-1\" \/>\n<link rel=\"canonical\" href=\"https:\/\/www.swissvoicetour.ch\/it\/2023\/04\/03\/la-maladiere-centre-e-pronto-per-lottava-tappa-del-tour\/\" \/>\n<meta property=\"og:locale\" content=\"it_IT\" \/>\n<meta property=\"og:type\" content=\"article\" \/>\n<meta property=\"og:title\" content=\"La Maladi\u00e8re Centre \u00e8 pronto per l&#039;ottava tappa del tour! - Swiss Voice Tour\" \/>\n<meta property=\"og:description\" content=\"Il tour prosegue al Maladi\u00e8re Centre dal 25 al 29 aprile 2023, con molte novit\u00e0 e sorprese.\" \/>\n<meta property=\"og:url\" content=\"https:\/\/www.swissvoicetour.ch\/it\/2023\/04\/03\/la-maladiere-centre-e-pronto-per-lottava-tappa-del-tour\/\" \/>\n<meta property=\"og:site_name\" content=\"Swiss Voice Tour\" \/>\n<meta property=\"article:publisher\" content=\"https:\/\/www.facebook.com\/swissvoicetour\/\" \/>\n<meta property=\"article:published_time\" content=\"2023-04-03T13:25:01+00:00\" \/>\n<meta property=\"og:image\" content=\"https:\/\/www.swissvoicetour.ch\/wp-content\/uploads\/2023\/04\/La-Maladiere.jpg\" \/>\n\t<meta property=\"og:image:width\" content=\"800\" \/>\n\t<meta property=\"og:image:height\" content=\"533\" \/>\n\t<meta property=\"og:image:type\" content=\"image\/jpeg\" \/>\n<meta name=\"author\" content=\"Swissvoicetour\" \/>\n<meta name=\"twitter:card\" content=\"summary_large_image\" \/>\n<meta name=\"twitter:label1\" content=\"Scritto da\" \/>\n\t<meta name=\"twitter:data1\" content=\"Swissvoicetour\" \/>\n\t<meta name=\"twitter:label2\" content=\"Tempo di lettura stimato\" \/>\n\t<meta name=\"twitter:data2\" content=\"4 minuti\" \/>\n<script type=\"application\/ld+json\" class=\"yoast-schema-graph\">{\"@context\":\"https:\\\/\\\/schema.org\",\"@graph\":[{\"@type\":\"Article\",\"@id\":\"https:\\\/\\\/www.swissvoicetour.ch\\\/it\\\/2023\\\/04\\\/03\\\/la-maladiere-centre-e-pronto-per-lottava-tappa-del-tour\\\/#article\",\"isPartOf\":{\"@id\":\"https:\\\/\\\/www.swissvoicetour.ch\\\/it\\\/2023\\\/04\\\/03\\\/la-maladiere-centre-e-pronto-per-lottava-tappa-del-tour\\\/\"},\"author\":{\"name\":\"Swissvoicetour\",\"@id\":\"https:\\\/\\\/www.swissvoicetour.ch\\\/#\\\/schema\\\/person\\\/de38c536756e0b173c1a0c6b24b81323\"},\"headline\":\"La Maladi\u00e8re Centre \u00e8 pronto per l&#8217;ottava tappa del tour!\",\"datePublished\":\"2023-04-03T13:25:01+00:00\",\"mainEntityOfPage\":{\"@id\":\"https:\\\/\\\/www.swissvoicetour.ch\\\/it\\\/2023\\\/04\\\/03\\\/la-maladiere-centre-e-pronto-per-lottava-tappa-del-tour\\\/\"},\"wordCount\":1331,\"commentCount\":0,\"publisher\":{\"@id\":\"https:\\\/\\\/www.swissvoicetour.ch\\\/#organization\"},\"image\":{\"@id\":\"https:\\\/\\\/www.swissvoicetour.ch\\\/it\\\/2023\\\/04\\\/03\\\/la-maladiere-centre-e-pronto-per-lottava-tappa-del-tour\\\/#primaryimage\"},\"thumbnailUrl\":\"https:\\\/\\\/www.swissvoicetour.ch\\\/wp-content\\\/uploads\\\/2023\\\/04\\\/La-Maladiere.jpg\",\"articleSection\":[\"Non categorizzato\"],\"inLanguage\":\"it-IT\",\"potentialAction\":[{\"@type\":\"CommentAction\",\"name\":\"Comment\",\"target\":[\"https:\\\/\\\/www.swissvoicetour.ch\\\/it\\\/2023\\\/04\\\/03\\\/la-maladiere-centre-e-pronto-per-lottava-tappa-del-tour\\\/#respond\"]}]},{\"@type\":\"WebPage\",\"@id\":\"https:\\\/\\\/www.swissvoicetour.ch\\\/it\\\/2023\\\/04\\\/03\\\/la-maladiere-centre-e-pronto-per-lottava-tappa-del-tour\\\/\",\"url\":\"https:\\\/\\\/www.swissvoicetour.ch\\\/it\\\/2023\\\/04\\\/03\\\/la-maladiere-centre-e-pronto-per-lottava-tappa-del-tour\\\/\",\"name\":\"La Maladi\u00e8re Centre \u00e8 pronto per l'ottava tappa del tour! - Swiss Voice Tour\",\"isPartOf\":{\"@id\":\"https:\\\/\\\/www.swissvoicetour.ch\\\/#website\"},\"primaryImageOfPage\":{\"@id\":\"https:\\\/\\\/www.swissvoicetour.ch\\\/it\\\/2023\\\/04\\\/03\\\/la-maladiere-centre-e-pronto-per-lottava-tappa-del-tour\\\/#primaryimage\"},\"image\":{\"@id\":\"https:\\\/\\\/www.swissvoicetour.ch\\\/it\\\/2023\\\/04\\\/03\\\/la-maladiere-centre-e-pronto-per-lottava-tappa-del-tour\\\/#primaryimage\"},\"thumbnailUrl\":\"https:\\\/\\\/www.swissvoicetour.ch\\\/wp-content\\\/uploads\\\/2023\\\/04\\\/La-Maladiere.jpg\",\"datePublished\":\"2023-04-03T13:25:01+00:00\",\"description\":\"Il tour prosegue al Maladi\u00e8re Centre dal 25 al 29 aprile 2023, con molte novit\u00e0 e sorprese.\",\"breadcrumb\":{\"@id\":\"https:\\\/\\\/www.swissvoicetour.ch\\\/it\\\/2023\\\/04\\\/03\\\/la-maladiere-centre-e-pronto-per-lottava-tappa-del-tour\\\/#breadcrumb\"},\"inLanguage\":\"it-IT\",\"potentialAction\":[{\"@type\":\"ReadAction\",\"target\":[\"https:\\\/\\\/www.swissvoicetour.ch\\\/it\\\/2023\\\/04\\\/03\\\/la-maladiere-centre-e-pronto-per-lottava-tappa-del-tour\\\/\"]}]},{\"@type\":\"ImageObject\",\"inLanguage\":\"it-IT\",\"@id\":\"https:\\\/\\\/www.swissvoicetour.ch\\\/it\\\/2023\\\/04\\\/03\\\/la-maladiere-centre-e-pronto-per-lottava-tappa-del-tour\\\/#primaryimage\",\"url\":\"https:\\\/\\\/www.swissvoicetour.ch\\\/wp-content\\\/uploads\\\/2023\\\/04\\\/La-Maladiere.jpg\",\"contentUrl\":\"https:\\\/\\\/www.swissvoicetour.ch\\\/wp-content\\\/uploads\\\/2023\\\/04\\\/La-Maladiere.jpg\",\"width\":800,\"height\":533},{\"@type\":\"BreadcrumbList\",\"@id\":\"https:\\\/\\\/www.swissvoicetour.ch\\\/it\\\/2023\\\/04\\\/03\\\/la-maladiere-centre-e-pronto-per-lottava-tappa-del-tour\\\/#breadcrumb\",\"itemListElement\":[{\"@type\":\"ListItem\",\"position\":1,\"name\":\"Accueil\",\"item\":\"https:\\\/\\\/www.swissvoicetour.ch\\\/it\\\/\"},{\"@type\":\"ListItem\",\"position\":2,\"name\":\"La Maladi\u00e8re Centre \u00e8 pronto per l&rsquo;ottava tappa del tour!\"}]},{\"@type\":\"WebSite\",\"@id\":\"https:\\\/\\\/www.swissvoicetour.ch\\\/#website\",\"url\":\"https:\\\/\\\/www.swissvoicetour.ch\\\/\",\"name\":\"Swiss Voice Tour\",\"description\":\"Benvenuti nella pagina ufficiale dello Swiss Voice Tour\",\"publisher\":{\"@id\":\"https:\\\/\\\/www.swissvoicetour.ch\\\/#organization\"},\"potentialAction\":[{\"@type\":\"SearchAction\",\"target\":{\"@type\":\"EntryPoint\",\"urlTemplate\":\"https:\\\/\\\/www.swissvoicetour.ch\\\/?s={search_term_string}\"},\"query-input\":{\"@type\":\"PropertyValueSpecification\",\"valueRequired\":true,\"valueName\":\"search_term_string\"}}],\"inLanguage\":\"it-IT\"},{\"@type\":\"Organization\",\"@id\":\"https:\\\/\\\/www.swissvoicetour.ch\\\/#organization\",\"name\":\"Swiss Voice Tour\",\"url\":\"https:\\\/\\\/www.swissvoicetour.ch\\\/\",\"logo\":{\"@type\":\"ImageObject\",\"inLanguage\":\"it-IT\",\"@id\":\"https:\\\/\\\/www.swissvoicetour.ch\\\/#\\\/schema\\\/logo\\\/image\\\/\",\"url\":\"https:\\\/\\\/www.swissvoicetour.ch\\\/wp-content\\\/uploads\\\/2024\\\/11\\\/LOGO_SVT_2025_RVB-1030x1030.png\",\"contentUrl\":\"https:\\\/\\\/www.swissvoicetour.ch\\\/wp-content\\\/uploads\\\/2024\\\/11\\\/LOGO_SVT_2025_RVB-1030x1030.png\",\"width\":1030,\"height\":1030,\"caption\":\"Swiss Voice Tour\"},\"image\":{\"@id\":\"https:\\\/\\\/www.swissvoicetour.ch\\\/#\\\/schema\\\/logo\\\/image\\\/\"},\"sameAs\":[\"https:\\\/\\\/www.facebook.com\\\/swissvoicetour\\\/\",\"https:\\\/\\\/www.instagram.com\\\/swissvoicetour\\\/\"]},{\"@type\":\"Person\",\"@id\":\"https:\\\/\\\/www.swissvoicetour.ch\\\/#\\\/schema\\\/person\\\/de38c536756e0b173c1a0c6b24b81323\",\"name\":\"Swissvoicetour\",\"image\":{\"@type\":\"ImageObject\",\"inLanguage\":\"it-IT\",\"@id\":\"https:\\\/\\\/secure.gravatar.com\\\/avatar\\\/b80f148837990d85089c37188c2849d7e9c06f46aa6a7fd3926e733059ecb726?s=96&d=mm&r=g\",\"url\":\"https:\\\/\\\/secure.gravatar.com\\\/avatar\\\/b80f148837990d85089c37188c2849d7e9c06f46aa6a7fd3926e733059ecb726?s=96&d=mm&r=g\",\"contentUrl\":\"https:\\\/\\\/secure.gravatar.com\\\/avatar\\\/b80f148837990d85089c37188c2849d7e9c06f46aa6a7fd3926e733059ecb726?s=96&d=mm&r=g\",\"caption\":\"Swissvoicetour\"},\"url\":\"https:\\\/\\\/www.swissvoicetour.ch\\\/it\\\/author\\\/swissvoicetour\\\/\"}]}<\/script>\n<!-- \/ Yoast SEO plugin. -->","yoast_head_json":{"title":"La Maladi\u00e8re Centre \u00e8 pronto per l'ottava tappa del tour! - Swiss Voice Tour","description":"Il tour prosegue al Maladi\u00e8re Centre dal 25 al 29 aprile 2023, con molte novit\u00e0 e sorprese.","robots":{"index":"index","follow":"follow","max-snippet":"max-snippet:-1","max-image-preview":"max-image-preview:large","max-video-preview":"max-video-preview:-1"},"canonical":"https:\/\/www.swissvoicetour.ch\/it\/2023\/04\/03\/la-maladiere-centre-e-pronto-per-lottava-tappa-del-tour\/","og_locale":"it_IT","og_type":"article","og_title":"La Maladi\u00e8re Centre \u00e8 pronto per l'ottava tappa del tour! - Swiss Voice Tour","og_description":"Il tour prosegue al Maladi\u00e8re Centre dal 25 al 29 aprile 2023, con molte novit\u00e0 e sorprese.","og_url":"https:\/\/www.swissvoicetour.ch\/it\/2023\/04\/03\/la-maladiere-centre-e-pronto-per-lottava-tappa-del-tour\/","og_site_name":"Swiss Voice Tour","article_publisher":"https:\/\/www.facebook.com\/swissvoicetour\/","article_published_time":"2023-04-03T13:25:01+00:00","og_image":[{"width":800,"height":533,"url":"https:\/\/www.swissvoicetour.ch\/wp-content\/uploads\/2023\/04\/La-Maladiere.jpg","type":"image\/jpeg"}],"author":"Swissvoicetour","twitter_card":"summary_large_image","twitter_misc":{"Scritto da":"Swissvoicetour","Tempo di lettura stimato":"4 minuti"},"schema":{"@context":"https:\/\/schema.org","@graph":[{"@type":"Article","@id":"https:\/\/www.swissvoicetour.ch\/it\/2023\/04\/03\/la-maladiere-centre-e-pronto-per-lottava-tappa-del-tour\/#article","isPartOf":{"@id":"https:\/\/www.swissvoicetour.ch\/it\/2023\/04\/03\/la-maladiere-centre-e-pronto-per-lottava-tappa-del-tour\/"},"author":{"name":"Swissvoicetour","@id":"https:\/\/www.swissvoicetour.ch\/#\/schema\/person\/de38c536756e0b173c1a0c6b24b81323"},"headline":"La Maladi\u00e8re Centre \u00e8 pronto per l&#8217;ottava tappa del tour!","datePublished":"2023-04-03T13:25:01+00:00","mainEntityOfPage":{"@id":"https:\/\/www.swissvoicetour.ch\/it\/2023\/04\/03\/la-maladiere-centre-e-pronto-per-lottava-tappa-del-tour\/"},"wordCount":1331,"commentCount":0,"publisher":{"@id":"https:\/\/www.swissvoicetour.ch\/#organization"},"image":{"@id":"https:\/\/www.swissvoicetour.ch\/it\/2023\/04\/03\/la-maladiere-centre-e-pronto-per-lottava-tappa-del-tour\/#primaryimage"},"thumbnailUrl":"https:\/\/www.swissvoicetour.ch\/wp-content\/uploads\/2023\/04\/La-Maladiere.jpg","articleSection":["Non categorizzato"],"inLanguage":"it-IT","potentialAction":[{"@type":"CommentAction","name":"Comment","target":["https:\/\/www.swissvoicetour.ch\/it\/2023\/04\/03\/la-maladiere-centre-e-pronto-per-lottava-tappa-del-tour\/#respond"]}]},{"@type":"WebPage","@id":"https:\/\/www.swissvoicetour.ch\/it\/2023\/04\/03\/la-maladiere-centre-e-pronto-per-lottava-tappa-del-tour\/","url":"https:\/\/www.swissvoicetour.ch\/it\/2023\/04\/03\/la-maladiere-centre-e-pronto-per-lottava-tappa-del-tour\/","name":"La Maladi\u00e8re Centre \u00e8 pronto per l'ottava tappa del tour! - Swiss Voice Tour","isPartOf":{"@id":"https:\/\/www.swissvoicetour.ch\/#website"},"primaryImageOfPage":{"@id":"https:\/\/www.swissvoicetour.ch\/it\/2023\/04\/03\/la-maladiere-centre-e-pronto-per-lottava-tappa-del-tour\/#primaryimage"},"image":{"@id":"https:\/\/www.swissvoicetour.ch\/it\/2023\/04\/03\/la-maladiere-centre-e-pronto-per-lottava-tappa-del-tour\/#primaryimage"},"thumbnailUrl":"https:\/\/www.swissvoicetour.ch\/wp-content\/uploads\/2023\/04\/La-Maladiere.jpg","datePublished":"2023-04-03T13:25:01+00:00","description":"Il tour prosegue al Maladi\u00e8re Centre dal 25 al 29 aprile 2023, con molte novit\u00e0 e sorprese.","breadcrumb":{"@id":"https:\/\/www.swissvoicetour.ch\/it\/2023\/04\/03\/la-maladiere-centre-e-pronto-per-lottava-tappa-del-tour\/#breadcrumb"},"inLanguage":"it-IT","potentialAction":[{"@type":"ReadAction","target":["https:\/\/www.swissvoicetour.ch\/it\/2023\/04\/03\/la-maladiere-centre-e-pronto-per-lottava-tappa-del-tour\/"]}]},{"@type":"ImageObject","inLanguage":"it-IT","@id":"https:\/\/www.swissvoicetour.ch\/it\/2023\/04\/03\/la-maladiere-centre-e-pronto-per-lottava-tappa-del-tour\/#primaryimage","url":"https:\/\/www.swissvoicetour.ch\/wp-content\/uploads\/2023\/04\/La-Maladiere.jpg","contentUrl":"https:\/\/www.swissvoicetour.ch\/wp-content\/uploads\/2023\/04\/La-Maladiere.jpg","width":800,"height":533},{"@type":"BreadcrumbList","@id":"https:\/\/www.swissvoicetour.ch\/it\/2023\/04\/03\/la-maladiere-centre-e-pronto-per-lottava-tappa-del-tour\/#breadcrumb","itemListElement":[{"@type":"ListItem","position":1,"name":"Accueil","item":"https:\/\/www.swissvoicetour.ch\/it\/"},{"@type":"ListItem","position":2,"name":"La Maladi\u00e8re Centre \u00e8 pronto per l&rsquo;ottava tappa del tour!"}]},{"@type":"WebSite","@id":"https:\/\/www.swissvoicetour.ch\/#website","url":"https:\/\/www.swissvoicetour.ch\/","name":"Swiss Voice Tour","description":"Benvenuti nella pagina ufficiale dello Swiss Voice Tour","publisher":{"@id":"https:\/\/www.swissvoicetour.ch\/#organization"},"potentialAction":[{"@type":"SearchAction","target":{"@type":"EntryPoint","urlTemplate":"https:\/\/www.swissvoicetour.ch\/?s={search_term_string}"},"query-input":{"@type":"PropertyValueSpecification","valueRequired":true,"valueName":"search_term_string"}}],"inLanguage":"it-IT"},{"@type":"Organization","@id":"https:\/\/www.swissvoicetour.ch\/#organization","name":"Swiss Voice Tour","url":"https:\/\/www.swissvoicetour.ch\/","logo":{"@type":"ImageObject","inLanguage":"it-IT","@id":"https:\/\/www.swissvoicetour.ch\/#\/schema\/logo\/image\/","url":"https:\/\/www.swissvoicetour.ch\/wp-content\/uploads\/2024\/11\/LOGO_SVT_2025_RVB-1030x1030.png","contentUrl":"https:\/\/www.swissvoicetour.ch\/wp-content\/uploads\/2024\/11\/LOGO_SVT_2025_RVB-1030x1030.png","width":1030,"height":1030,"caption":"Swiss Voice Tour"},"image":{"@id":"https:\/\/www.swissvoicetour.ch\/#\/schema\/logo\/image\/"},"sameAs":["https:\/\/www.facebook.com\/swissvoicetour\/","https:\/\/www.instagram.com\/swissvoicetour\/"]},{"@type":"Person","@id":"https:\/\/www.swissvoicetour.ch\/#\/schema\/person\/de38c536756e0b173c1a0c6b24b81323","name":"Swissvoicetour","image":{"@type":"ImageObject","inLanguage":"it-IT","@id":"https:\/\/secure.gravatar.com\/avatar\/b80f148837990d85089c37188c2849d7e9c06f46aa6a7fd3926e733059ecb726?s=96&d=mm&r=g","url":"https:\/\/secure.gravatar.com\/avatar\/b80f148837990d85089c37188c2849d7e9c06f46aa6a7fd3926e733059ecb726?s=96&d=mm&r=g","contentUrl":"https:\/\/secure.gravatar.com\/avatar\/b80f148837990d85089c37188c2849d7e9c06f46aa6a7fd3926e733059ecb726?s=96&d=mm&r=g","caption":"Swissvoicetour"},"url":"https:\/\/www.swissvoicetour.ch\/it\/author\/swissvoicetour\/"}]}},"_links":{"self":[{"href":"https:\/\/www.swissvoicetour.ch\/it\/wp-json\/wp\/v2\/posts\/9252","targetHints":{"allow":["GET"]}}],"collection":[{"href":"https:\/\/www.swissvoicetour.ch\/it\/wp-json\/wp\/v2\/posts"}],"about":[{"href":"https:\/\/www.swissvoicetour.ch\/it\/wp-json\/wp\/v2\/types\/post"}],"author":[{"embeddable":true,"href":"https:\/\/www.swissvoicetour.ch\/it\/wp-json\/wp\/v2\/users\/4"}],"replies":[{"embeddable":true,"href":"https:\/\/www.swissvoicetour.ch\/it\/wp-json\/wp\/v2\/comments?post=9252"}],"version-history":[{"count":2,"href":"https:\/\/www.swissvoicetour.ch\/it\/wp-json\/wp\/v2\/posts\/9252\/revisions"}],"predecessor-version":[{"id":9254,"href":"https:\/\/www.swissvoicetour.ch\/it\/wp-json\/wp\/v2\/posts\/9252\/revisions\/9254"}],"wp:featuredmedia":[{"embeddable":true,"href":"https:\/\/www.swissvoicetour.ch\/it\/wp-json\/wp\/v2\/media\/9246"}],"wp:attachment":[{"href":"https:\/\/www.swissvoicetour.ch\/it\/wp-json\/wp\/v2\/media?parent=9252"}],"wp:term":[{"taxonomy":"category","embeddable":true,"href":"https:\/\/www.swissvoicetour.ch\/it\/wp-json\/wp\/v2\/categories?post=9252"},{"taxonomy":"post_tag","embeddable":true,"href":"https:\/\/www.swissvoicetour.ch\/it\/wp-json\/wp\/v2\/tags?post=9252"}],"curies":[{"name":"wp","href":"https:\/\/api.w.org\/{rel}","templated":true}]}}