{"id":8242,"date":"2022-07-15T10:43:27","date_gmt":"2022-07-15T08:43:27","guid":{"rendered":"https:\/\/www.swissvoicetour.ch\/?p=8242"},"modified":"2022-07-15T10:43:28","modified_gmt":"2022-07-15T08:43:28","slug":"sana-e-jamica-sono-le-vincitrici-della-tappa-al-wankdorf","status":"publish","type":"post","link":"https:\/\/www.swissvoicetour.ch\/it\/2022\/07\/15\/sana-e-jamica-sono-le-vincitrici-della-tappa-al-wankdorf\/","title":{"rendered":"SANA E JAMICA SONO LE VINCITRICI DELLA TAPPA AL WANKDORF!"},"content":{"rendered":"<section  class='av_textblock_section av-av_textblock-01da66c8a430ece279119bac7dc1a336 '   itemscope=\"itemscope\" itemtype=\"https:\/\/schema.org\/BlogPosting\" itemprop=\"blogPost\" ><div class='avia_textblock'  itemprop=\"text\" ><p>29<\/p>\n<\/div><\/section>\n\n<style type=\"text\/css\" data-created_by=\"avia_inline_auto\" id=\"style-css-av-av_one_fifth-79ff81c021393065cee878051452f6a6\">\n.flex_column.av-av_one_fifth-79ff81c021393065cee878051452f6a6{\nborder-radius:0px 0px 0px 0px;\npadding:0px 0px 0px 0px;\n}\n<\/style>\n<div  class='flex_column av-av_one_fifth-79ff81c021393065cee878051452f6a6 av_one_fifth  avia-builder-el-1  el_after_av_textblock  el_before_av_three_fifth  first flex_column_div av-zero-column-padding  column-top-margin'     ><div  class='avia-button-wrap av-av_button-a59a5aab84c21f7ed766911cd2705f27-wrap avia-button-left  avia-builder-el-2  avia-builder-el-no-sibling '><a href='https:\/\/www.swissvoicetour.ch\/it\/news\/'  class='avia-button av-av_button-a59a5aab84c21f7ed766911cd2705f27 av-link-btn avia-icon_select-yes-left-icon avia-size-small avia-position-left avia-color-theme-color'   aria-label=\"Vedi tutte le notizie\"><span class='avia_button_icon avia_button_icon_left avia-iconfont avia-font-entypo-fontello' data-av_icon='\ue830' data-av_iconfont='entypo-fontello' ><\/span><span class='avia_iconbox_title' >Vedi tutte le notizie<\/span><\/a><\/div><\/div>\n\n<style type=\"text\/css\" data-created_by=\"avia_inline_auto\" id=\"style-css-av-av_three_fifth-49f6e875884219cf77c24341e550af53\">\n.flex_column.av-av_three_fifth-49f6e875884219cf77c24341e550af53{\nborder-radius:0px 0px 0px 0px;\npadding:0px 0px 0px 0px;\n}\n<\/style>\n<div  class='flex_column av-av_three_fifth-49f6e875884219cf77c24341e550af53 av_three_fifth  avia-builder-el-3  el_after_av_one_fifth  el_before_av_one_fifth  flex_column_div av-zero-column-padding  column-top-margin'     ><p>\n<style type=\"text\/css\" data-created_by=\"avia_inline_auto\" id=\"style-css-av-l5m7pb38-b8412d51eb46d3f467d84cb47bc18b08\">\n.avia-image-container.av-l5m7pb38-b8412d51eb46d3f467d84cb47bc18b08 img.avia_image{\nbox-shadow:none;\n}\n.avia-image-container.av-l5m7pb38-b8412d51eb46d3f467d84cb47bc18b08 .av-image-caption-overlay-center{\ncolor:#ffffff;\n}\n<\/style>\n<div  class='avia-image-container av-l5m7pb38-b8412d51eb46d3f467d84cb47bc18b08 av-styling- avia-align-center  avia-builder-el-4  el_before_av_heading  avia-builder-el-first '   itemprop=\"image\" itemscope=\"itemscope\" itemtype=\"https:\/\/schema.org\/ImageObject\" ><div class=\"avia-image-container-inner\"><div class=\"avia-image-overlay-wrap\"><img decoding=\"async\" fetchpriority=\"high\" class='wp-image-8235 avia-img-lazy-loading-not-8235 avia_image ' src=\"https:\/\/www.swissvoicetour.ch\/wp-content\/uploads\/2022\/07\/Gagnants-Wankdorf-1030x865.jpg\" alt='' title='Gagnants Wankdorf'  height=\"865\" width=\"1030\"  itemprop=\"thumbnailUrl\" srcset=\"https:\/\/www.swissvoicetour.ch\/wp-content\/uploads\/2022\/07\/Gagnants-Wankdorf-1030x865.jpg 1030w, https:\/\/www.swissvoicetour.ch\/wp-content\/uploads\/2022\/07\/Gagnants-Wankdorf-300x252.jpg 300w, https:\/\/www.swissvoicetour.ch\/wp-content\/uploads\/2022\/07\/Gagnants-Wankdorf-768x645.jpg 768w, https:\/\/www.swissvoicetour.ch\/wp-content\/uploads\/2022\/07\/Gagnants-Wankdorf-1536x1290.jpg 1536w, https:\/\/www.swissvoicetour.ch\/wp-content\/uploads\/2022\/07\/Gagnants-Wankdorf-2048x1720.jpg 2048w, https:\/\/www.swissvoicetour.ch\/wp-content\/uploads\/2022\/07\/Gagnants-Wankdorf-1500x1260.jpg 1500w, https:\/\/www.swissvoicetour.ch\/wp-content\/uploads\/2022\/07\/Gagnants-Wankdorf-705x592.jpg 705w\" sizes=\"(max-width: 1030px) 100vw, 1030px\" \/><\/div><\/div><\/div><br \/>\n\n<style type=\"text\/css\" data-created_by=\"avia_inline_auto\" id=\"style-css-av-l5m7oi4z-5427c569b65cb92c9e9ead4069549321\">\n#top .av-special-heading.av-l5m7oi4z-5427c569b65cb92c9e9ead4069549321{\npadding-bottom:10px;\n}\nbody .av-special-heading.av-l5m7oi4z-5427c569b65cb92c9e9ead4069549321 .av-special-heading-tag .heading-char{\nfont-size:25px;\n}\n.av-special-heading.av-l5m7oi4z-5427c569b65cb92c9e9ead4069549321 .av-subheading{\nfont-size:15px;\n}\n<\/style>\n<div  class='av-special-heading av-l5m7oi4z-5427c569b65cb92c9e9ead4069549321 av-special-heading-h2  avia-builder-el-5  el_after_av_image  el_before_av_hr '><h2 class='av-special-heading-tag '  itemprop=\"headline\"  >SANA E JAMICA SONO LE VINCITRICI DELLA TAPPA AL WANKDORF!<\/h2><div class=\"special-heading-border\"><div class=\"special-heading-inner-border\"><\/div><\/div><\/div><br \/>\n\n<style type=\"text\/css\" data-created_by=\"avia_inline_auto\" id=\"style-css-av-av_hr-e91f8fbe81134c228cc94df0c2ea3da0\">\n#top .hr.hr-invisible.av-av_hr-e91f8fbe81134c228cc94df0c2ea3da0{\nheight:30px;\n}\n<\/style>\n<div  class='hr av-av_hr-e91f8fbe81134c228cc94df0c2ea3da0 hr-invisible  avia-builder-el-6  el_after_av_heading  el_before_av_textblock '><span class='hr-inner '><span class=\"hr-inner-style\"><\/span><\/span><\/div><br \/>\n<section  class='av_textblock_section av-l5m7ornr-5197bc3a6d9cbaf11e7b2ff23bbc14b3 '   itemscope=\"itemscope\" itemtype=\"https:\/\/schema.org\/BlogPosting\" itemprop=\"blogPost\" ><div class='avia_textblock'  itemprop=\"text\" ><section class=\"av_textblock_section \">Sana, 13 anni, ha vinto la finale della tappa Wankdorf a Bern che si \u00e8 svolta sabato 7 luglio 2022. Conquistando la giuria, si \u00e8 guadagnata il suo posto alla semifinale dello Swiss Voice Tour che si terr\u00e0 sabato 27 agosto 2022 al L\u00e9man Centre a Crissier.Nella categoria Adulti \u00e8 stata Jamica a convincere la giuria presente al Wankdrof e ad aggiudicarsi un posto in semifinale.<\/p>\n<p>Bravissime, Sana e Jamica!<\/p>\n<\/section>\n<\/div><\/section><br \/>\n\n<style type=\"text\/css\" data-created_by=\"avia_inline_auto\" id=\"style-css-av-av_hr-50edc9949d927eab467680f201044eec\">\n#top .hr.hr-invisible.av-av_hr-50edc9949d927eab467680f201044eec{\nheight:25px;\n}\n<\/style>\n<div  class='hr av-av_hr-50edc9949d927eab467680f201044eec hr-invisible  avia-builder-el-8  el_after_av_textblock  el_before_av_button '><span class='hr-inner '><span class=\"hr-inner-style\"><\/span><\/span><\/div><br \/>\n<div  class='avia-button-wrap av-l5m7oz1m-ba061c029122adb63215e4371f5e56b8-wrap avia-button-center  avia-builder-el-9  el_after_av_hr  avia-builder-el-last '><a href='https:\/\/www.swissvoicetour.ch\/it\/stagione-7\/'  class='avia-button av-l5m7oz1m-ba061c029122adb63215e4371f5e56b8 av-link-btn avia-icon_select-no avia-size-small avia-position-center avia-color-theme-color'  target=\"_blank\"  rel=\"noopener noreferrer\"  aria-label=\"Trova tutti i video delle colate al Wankdorf\"><span class='avia_iconbox_title' >Trova tutti i video delle colate al Wankdorf<\/span><\/a><\/div><\/p><\/div>\n<style type=\"text\/css\" data-created_by=\"avia_inline_auto\" id=\"style-css-av-av_one_fifth-49f6e875884219cf77c24341e550af53\">\n.flex_column.av-av_one_fifth-49f6e875884219cf77c24341e550af53{\nborder-radius:0px 0px 0px 0px;\npadding:0px 0px 0px 0px;\n}\n<\/style>\n<div  class='flex_column av-av_one_fifth-49f6e875884219cf77c24341e550af53 av_one_fifth  avia-builder-el-10  el_after_av_three_fifth  avia-builder-el-last  flex_column_div av-zero-column-padding  column-top-margin'     ><div  class='av-social-sharing-box av-av_social_share-58307ab528cf91853f63f63cdafbad3b av-social-sharing-box-default  avia-builder-el-11  avia-builder-el-no-sibling  av-social-sharing-box-fullwidth'><div class=\"av-share-box\"><h5 class='av-share-link-description av-no-toc '>Condividi questo articolo<\/h5><ul class=\"av-share-box-list noLightbox\"><li class='av-share-link av-social-link-facebook avia_social_iconfont' ><a target=\"_blank\" aria-label=\"Condividi su Facebook\" href='https:\/\/www.facebook.com\/sharer.php?u=https:\/\/www.swissvoicetour.ch\/it\/2022\/07\/15\/sana-e-jamica-sono-le-vincitrici-della-tappa-al-wankdorf\/&#038;t=SANA%20E%20JAMICA%20SONO%20LE%20VINCITRICI%20DELLA%20TAPPA%20AL%20WANKDORF%21' data-av_icon='\ue8f3' data-av_iconfont='entypo-fontello'  title='' data-avia-related-tooltip='Condividi su Facebook'><span class='avia_hidden_link_text'>Condividi su Facebook<\/span><\/a><\/li><li class='av-share-link av-social-link-twitter avia_social_iconfont' ><a target=\"_blank\" aria-label=\"Condividi su X\" href='https:\/\/twitter.com\/share?text=SANA%20E%20JAMICA%20SONO%20LE%20VINCITRICI%20DELLA%20TAPPA%20AL%20WANKDORF%21&#038;url=https:\/\/www.swissvoicetour.ch\/it\/?p=8242' data-av_icon='\ue932' data-av_iconfont='entypo-fontello'  title='' data-avia-related-tooltip='Condividi su X'><span class='avia_hidden_link_text'>Condividi su X<\/span><\/a><\/li><li class='av-share-link av-social-link-whatsapp avia_social_iconfont' ><a target=\"_blank\" aria-label=\"Condividi su WhatsApp\" href='https:\/\/api.whatsapp.com\/send?text=https:\/\/www.swissvoicetour.ch\/it\/2022\/07\/15\/sana-e-jamica-sono-le-vincitrici-della-tappa-al-wankdorf\/' data-av_icon='\uf232' data-av_iconfont='entypo-fontello'  title='' data-avia-related-tooltip='Condividi su WhatsApp'><span class='avia_hidden_link_text'>Condividi su WhatsApp<\/span><\/a><\/li><li class='av-share-link av-social-link-linkedin avia_social_iconfont' ><a target=\"_blank\" aria-label=\"Condividi su LinkedIn\" href='https:\/\/linkedin.com\/shareArticle?mini=true&#038;title=SANA%20E%20JAMICA%20SONO%20LE%20VINCITRICI%20DELLA%20TAPPA%20AL%20WANKDORF%21&#038;url=https:\/\/www.swissvoicetour.ch\/it\/2022\/07\/15\/sana-e-jamica-sono-le-vincitrici-della-tappa-al-wankdorf\/' data-av_icon='\ue8fc' data-av_iconfont='entypo-fontello'  title='' data-avia-related-tooltip='Condividi su LinkedIn'><span class='avia_hidden_link_text'>Condividi su LinkedIn<\/span><\/a><\/li><li class='av-share-link av-social-link-mail avia_social_iconfont' ><a  aria-label=\"Condividi attraverso Mail\" href='mailto:?subject=SANA%20E%20JAMICA%20SONO%20LE%20VINCITRICI%20DELLA%20TAPPA%20AL%20WANKDORF%21&#038;body=https:\/\/www.swissvoicetour.ch\/it\/2022\/07\/15\/sana-e-jamica-sono-le-vincitrici-della-tappa-al-wankdorf\/' data-av_icon='\ue805' data-av_iconfont='entypo-fontello'  title='' data-avia-related-tooltip='Condividi attraverso Mail'><span class='avia_hidden_link_text'>Condividi attraverso Mail<\/span><\/a><\/li><\/ul><\/div><\/div><\/div><\/p>\n","protected":false},"excerpt":{"rendered":"<p>Sana, 13 anni, ha vinto la finale della tappa Wankdorf a Bern che si \u00e8 svolta sabato 7 luglio 2022. <\/p>\n","protected":false},"author":4,"featured_media":8235,"comment_status":"closed","ping_status":"closed","sticky":false,"template":"","format":"standard","meta":{"_acf_changed":false,"footnotes":""},"categories":[19],"tags":[],"class_list":["post-8242","post","type-post","status-publish","format-standard","has-post-thumbnail","hentry","category-non-categorizzato"],"acf":[],"yoast_head":"<!-- This site is optimized with the Yoast SEO plugin v27.5 - https:\/\/yoast.com\/product\/yoast-seo-wordpress\/ -->\n<title>SANA E JAMICA SONO LE VINCITRICI DELLA TAPPA AL WANKDORF! - Swiss Voice Tour<\/title>\n<meta name=\"description\" content=\"Sana, 13 anni, ha vinto la finale della tappa Wankdorf a Bern che si \u00e8 svolta sabato 7 luglio 2022. Conquistando la giuria, si \u00e8 guadagnata il suo posto alla semifinale dello Swiss Voice Tour che si terr\u00e0 sabato 27 agosto 2022 al L\u00e9man Centre a Crissier.Nella categoria Adulti \u00e8 stata Jamica a convincere la giuria presente al Wankdrof e ad aggiudicarsi un posto in semifinale.Bravissime, Sana e Jamica!\" \/>\n<meta name=\"robots\" content=\"index, follow, max-snippet:-1, max-image-preview:large, max-video-preview:-1\" \/>\n<link rel=\"canonical\" href=\"https:\/\/www.swissvoicetour.ch\/2022\/07\/15\/sana-et-jamica-sont-les-gagnantes-de-letape-du-wankdorf\/\" \/>\n<meta property=\"og:locale\" content=\"it_IT\" \/>\n<meta property=\"og:type\" content=\"article\" \/>\n<meta property=\"og:title\" content=\"SANA E JAMICA SONO LE VINCITRICI DELLA TAPPA AL WANKDORF! - Swiss Voice Tour\" \/>\n<meta property=\"og:description\" content=\"Sana, 13 anni, ha vinto la finale della tappa Wankdorf a Bern che si \u00e8 svolta sabato 7 luglio 2022. Conquistando la giuria, si \u00e8 guadagnata il suo posto alla semifinale dello Swiss Voice Tour che si terr\u00e0 sabato 27 agosto 2022 al L\u00e9man Centre a Crissier.Nella categoria Adulti \u00e8 stata Jamica a convincere la giuria presente al Wankdrof e ad aggiudicarsi un posto in semifinale.Bravissime, Sana e Jamica!\" \/>\n<meta property=\"og:url\" content=\"https:\/\/www.swissvoicetour.ch\/2022\/07\/15\/sana-et-jamica-sont-les-gagnantes-de-letape-du-wankdorf\/\" \/>\n<meta property=\"og:site_name\" content=\"Swiss Voice Tour\" \/>\n<meta property=\"article:publisher\" content=\"https:\/\/www.facebook.com\/swissvoicetour\/\" \/>\n<meta property=\"article:published_time\" content=\"2022-07-15T08:43:27+00:00\" \/>\n<meta property=\"article:modified_time\" content=\"2022-07-15T08:43:28+00:00\" \/>\n<meta property=\"og:image\" content=\"https:\/\/www.swissvoicetour.ch\/wp-content\/uploads\/2022\/07\/Gagnants-Wankdorf-1030x865.jpg\" \/>\n\t<meta property=\"og:image:width\" content=\"1030\" \/>\n\t<meta property=\"og:image:height\" content=\"865\" \/>\n\t<meta property=\"og:image:type\" content=\"image\/jpeg\" \/>\n<meta name=\"author\" content=\"Swissvoicetour\" \/>\n<meta name=\"twitter:card\" content=\"summary_large_image\" \/>\n<meta name=\"twitter:label1\" content=\"Scritto da\" \/>\n\t<meta name=\"twitter:data1\" content=\"Swissvoicetour\" \/>\n\t<meta name=\"twitter:label2\" content=\"Tempo di lettura stimato\" \/>\n\t<meta name=\"twitter:data2\" content=\"7 minuti\" \/>\n<script type=\"application\/ld+json\" class=\"yoast-schema-graph\">{\"@context\":\"https:\\\/\\\/schema.org\",\"@graph\":[{\"@type\":\"Article\",\"@id\":\"https:\\\/\\\/www.swissvoicetour.ch\\\/2022\\\/07\\\/15\\\/sana-et-jamica-sont-les-gagnantes-de-letape-du-wankdorf\\\/#article\",\"isPartOf\":{\"@id\":\"https:\\\/\\\/www.swissvoicetour.ch\\\/2022\\\/07\\\/15\\\/sana-et-jamica-sont-les-gagnantes-de-letape-du-wankdorf\\\/\"},\"author\":{\"name\":\"Swissvoicetour\",\"@id\":\"https:\\\/\\\/www.swissvoicetour.ch\\\/#\\\/schema\\\/person\\\/de38c536756e0b173c1a0c6b24b81323\"},\"headline\":\"SANA E JAMICA SONO LE VINCITRICI DELLA TAPPA AL WANKDORF!\",\"datePublished\":\"2022-07-15T08:43:27+00:00\",\"dateModified\":\"2022-07-15T08:43:28+00:00\",\"mainEntityOfPage\":{\"@id\":\"https:\\\/\\\/www.swissvoicetour.ch\\\/2022\\\/07\\\/15\\\/sana-et-jamica-sont-les-gagnantes-de-letape-du-wankdorf\\\/\"},\"wordCount\":992,\"publisher\":{\"@id\":\"https:\\\/\\\/www.swissvoicetour.ch\\\/#organization\"},\"image\":{\"@id\":\"https:\\\/\\\/www.swissvoicetour.ch\\\/2022\\\/07\\\/15\\\/sana-et-jamica-sont-les-gagnantes-de-letape-du-wankdorf\\\/#primaryimage\"},\"thumbnailUrl\":\"https:\\\/\\\/www.swissvoicetour.ch\\\/wp-content\\\/uploads\\\/2022\\\/07\\\/Gagnants-Wankdorf-scaled.jpg\",\"articleSection\":[\"Non categorizzato\"],\"inLanguage\":\"it-IT\"},{\"@type\":\"WebPage\",\"@id\":\"https:\\\/\\\/www.swissvoicetour.ch\\\/2022\\\/07\\\/15\\\/sana-et-jamica-sont-les-gagnantes-de-letape-du-wankdorf\\\/\",\"url\":\"https:\\\/\\\/www.swissvoicetour.ch\\\/2022\\\/07\\\/15\\\/sana-et-jamica-sont-les-gagnantes-de-letape-du-wankdorf\\\/\",\"name\":\"SANA E JAMICA SONO LE VINCITRICI DELLA TAPPA AL WANKDORF! - Swiss Voice Tour\",\"isPartOf\":{\"@id\":\"https:\\\/\\\/www.swissvoicetour.ch\\\/#website\"},\"primaryImageOfPage\":{\"@id\":\"https:\\\/\\\/www.swissvoicetour.ch\\\/2022\\\/07\\\/15\\\/sana-et-jamica-sont-les-gagnantes-de-letape-du-wankdorf\\\/#primaryimage\"},\"image\":{\"@id\":\"https:\\\/\\\/www.swissvoicetour.ch\\\/2022\\\/07\\\/15\\\/sana-et-jamica-sont-les-gagnantes-de-letape-du-wankdorf\\\/#primaryimage\"},\"thumbnailUrl\":\"https:\\\/\\\/www.swissvoicetour.ch\\\/wp-content\\\/uploads\\\/2022\\\/07\\\/Gagnants-Wankdorf-scaled.jpg\",\"datePublished\":\"2022-07-15T08:43:27+00:00\",\"dateModified\":\"2022-07-15T08:43:28+00:00\",\"description\":\"Sana, 13 anni, ha vinto la finale della tappa Wankdorf a Bern che si \u00e8 svolta sabato 7 luglio 2022. Conquistando la giuria, si \u00e8 guadagnata il suo posto alla semifinale dello Swiss Voice Tour che si terr\u00e0 sabato 27 agosto 2022 al L\u00e9man Centre a Crissier.Nella categoria Adulti \u00e8 stata Jamica a convincere la giuria presente al Wankdrof e ad aggiudicarsi un posto in semifinale.Bravissime, Sana e Jamica!\",\"breadcrumb\":{\"@id\":\"https:\\\/\\\/www.swissvoicetour.ch\\\/2022\\\/07\\\/15\\\/sana-et-jamica-sont-les-gagnantes-de-letape-du-wankdorf\\\/#breadcrumb\"},\"inLanguage\":\"it-IT\",\"potentialAction\":[{\"@type\":\"ReadAction\",\"target\":[\"https:\\\/\\\/www.swissvoicetour.ch\\\/2022\\\/07\\\/15\\\/sana-et-jamica-sont-les-gagnantes-de-letape-du-wankdorf\\\/\"]}]},{\"@type\":\"ImageObject\",\"inLanguage\":\"it-IT\",\"@id\":\"https:\\\/\\\/www.swissvoicetour.ch\\\/2022\\\/07\\\/15\\\/sana-et-jamica-sont-les-gagnantes-de-letape-du-wankdorf\\\/#primaryimage\",\"url\":\"https:\\\/\\\/www.swissvoicetour.ch\\\/wp-content\\\/uploads\\\/2022\\\/07\\\/Gagnants-Wankdorf-scaled.jpg\",\"contentUrl\":\"https:\\\/\\\/www.swissvoicetour.ch\\\/wp-content\\\/uploads\\\/2022\\\/07\\\/Gagnants-Wankdorf-scaled.jpg\",\"width\":2560,\"height\":2150},{\"@type\":\"BreadcrumbList\",\"@id\":\"https:\\\/\\\/www.swissvoicetour.ch\\\/2022\\\/07\\\/15\\\/sana-et-jamica-sont-les-gagnantes-de-letape-du-wankdorf\\\/#breadcrumb\",\"itemListElement\":[{\"@type\":\"ListItem\",\"position\":1,\"name\":\"Accueil\",\"item\":\"https:\\\/\\\/www.swissvoicetour.ch\\\/it\\\/\"},{\"@type\":\"ListItem\",\"position\":2,\"name\":\"SANA E JAMICA SONO LE VINCITRICI DELLA TAPPA AL WANKDORF!\"}]},{\"@type\":\"WebSite\",\"@id\":\"https:\\\/\\\/www.swissvoicetour.ch\\\/#website\",\"url\":\"https:\\\/\\\/www.swissvoicetour.ch\\\/\",\"name\":\"Swiss Voice Tour\",\"description\":\"Benvenuti nella pagina ufficiale dello Swiss Voice Tour\",\"publisher\":{\"@id\":\"https:\\\/\\\/www.swissvoicetour.ch\\\/#organization\"},\"potentialAction\":[{\"@type\":\"SearchAction\",\"target\":{\"@type\":\"EntryPoint\",\"urlTemplate\":\"https:\\\/\\\/www.swissvoicetour.ch\\\/?s={search_term_string}\"},\"query-input\":{\"@type\":\"PropertyValueSpecification\",\"valueRequired\":true,\"valueName\":\"search_term_string\"}}],\"inLanguage\":\"it-IT\"},{\"@type\":\"Organization\",\"@id\":\"https:\\\/\\\/www.swissvoicetour.ch\\\/#organization\",\"name\":\"Swiss Voice Tour\",\"url\":\"https:\\\/\\\/www.swissvoicetour.ch\\\/\",\"logo\":{\"@type\":\"ImageObject\",\"inLanguage\":\"it-IT\",\"@id\":\"https:\\\/\\\/www.swissvoicetour.ch\\\/#\\\/schema\\\/logo\\\/image\\\/\",\"url\":\"https:\\\/\\\/www.swissvoicetour.ch\\\/wp-content\\\/uploads\\\/2024\\\/11\\\/LOGO_SVT_2025_RVB-1030x1030.png\",\"contentUrl\":\"https:\\\/\\\/www.swissvoicetour.ch\\\/wp-content\\\/uploads\\\/2024\\\/11\\\/LOGO_SVT_2025_RVB-1030x1030.png\",\"width\":1030,\"height\":1030,\"caption\":\"Swiss Voice Tour\"},\"image\":{\"@id\":\"https:\\\/\\\/www.swissvoicetour.ch\\\/#\\\/schema\\\/logo\\\/image\\\/\"},\"sameAs\":[\"https:\\\/\\\/www.facebook.com\\\/swissvoicetour\\\/\",\"https:\\\/\\\/www.instagram.com\\\/swissvoicetour\\\/\"]},{\"@type\":\"Person\",\"@id\":\"https:\\\/\\\/www.swissvoicetour.ch\\\/#\\\/schema\\\/person\\\/de38c536756e0b173c1a0c6b24b81323\",\"name\":\"Swissvoicetour\",\"image\":{\"@type\":\"ImageObject\",\"inLanguage\":\"it-IT\",\"@id\":\"https:\\\/\\\/secure.gravatar.com\\\/avatar\\\/b80f148837990d85089c37188c2849d7e9c06f46aa6a7fd3926e733059ecb726?s=96&d=mm&r=g\",\"url\":\"https:\\\/\\\/secure.gravatar.com\\\/avatar\\\/b80f148837990d85089c37188c2849d7e9c06f46aa6a7fd3926e733059ecb726?s=96&d=mm&r=g\",\"contentUrl\":\"https:\\\/\\\/secure.gravatar.com\\\/avatar\\\/b80f148837990d85089c37188c2849d7e9c06f46aa6a7fd3926e733059ecb726?s=96&d=mm&r=g\",\"caption\":\"Swissvoicetour\"},\"url\":\"https:\\\/\\\/www.swissvoicetour.ch\\\/it\\\/author\\\/swissvoicetour\\\/\"}]}<\/script>\n<!-- \/ Yoast SEO plugin. -->","yoast_head_json":{"title":"SANA E JAMICA SONO LE VINCITRICI DELLA TAPPA AL WANKDORF! - Swiss Voice Tour","description":"Sana, 13 anni, ha vinto la finale della tappa Wankdorf a Bern che si \u00e8 svolta sabato 7 luglio 2022. Conquistando la giuria, si \u00e8 guadagnata il suo posto alla semifinale dello Swiss Voice Tour che si terr\u00e0 sabato 27 agosto 2022 al L\u00e9man Centre a Crissier.Nella categoria Adulti \u00e8 stata Jamica a convincere la giuria presente al Wankdrof e ad aggiudicarsi un posto in semifinale.Bravissime, Sana e Jamica!","robots":{"index":"index","follow":"follow","max-snippet":"max-snippet:-1","max-image-preview":"max-image-preview:large","max-video-preview":"max-video-preview:-1"},"canonical":"https:\/\/www.swissvoicetour.ch\/2022\/07\/15\/sana-et-jamica-sont-les-gagnantes-de-letape-du-wankdorf\/","og_locale":"it_IT","og_type":"article","og_title":"SANA E JAMICA SONO LE VINCITRICI DELLA TAPPA AL WANKDORF! - Swiss Voice Tour","og_description":"Sana, 13 anni, ha vinto la finale della tappa Wankdorf a Bern che si \u00e8 svolta sabato 7 luglio 2022. Conquistando la giuria, si \u00e8 guadagnata il suo posto alla semifinale dello Swiss Voice Tour che si terr\u00e0 sabato 27 agosto 2022 al L\u00e9man Centre a Crissier.Nella categoria Adulti \u00e8 stata Jamica a convincere la giuria presente al Wankdrof e ad aggiudicarsi un posto in semifinale.Bravissime, Sana e Jamica!","og_url":"https:\/\/www.swissvoicetour.ch\/2022\/07\/15\/sana-et-jamica-sont-les-gagnantes-de-letape-du-wankdorf\/","og_site_name":"Swiss Voice Tour","article_publisher":"https:\/\/www.facebook.com\/swissvoicetour\/","article_published_time":"2022-07-15T08:43:27+00:00","article_modified_time":"2022-07-15T08:43:28+00:00","og_image":[{"width":1030,"height":865,"url":"https:\/\/www.swissvoicetour.ch\/wp-content\/uploads\/2022\/07\/Gagnants-Wankdorf-1030x865.jpg","type":"image\/jpeg"}],"author":"Swissvoicetour","twitter_card":"summary_large_image","twitter_misc":{"Scritto da":"Swissvoicetour","Tempo di lettura stimato":"7 minuti"},"schema":{"@context":"https:\/\/schema.org","@graph":[{"@type":"Article","@id":"https:\/\/www.swissvoicetour.ch\/2022\/07\/15\/sana-et-jamica-sont-les-gagnantes-de-letape-du-wankdorf\/#article","isPartOf":{"@id":"https:\/\/www.swissvoicetour.ch\/2022\/07\/15\/sana-et-jamica-sont-les-gagnantes-de-letape-du-wankdorf\/"},"author":{"name":"Swissvoicetour","@id":"https:\/\/www.swissvoicetour.ch\/#\/schema\/person\/de38c536756e0b173c1a0c6b24b81323"},"headline":"SANA E JAMICA SONO LE VINCITRICI DELLA TAPPA AL WANKDORF!","datePublished":"2022-07-15T08:43:27+00:00","dateModified":"2022-07-15T08:43:28+00:00","mainEntityOfPage":{"@id":"https:\/\/www.swissvoicetour.ch\/2022\/07\/15\/sana-et-jamica-sont-les-gagnantes-de-letape-du-wankdorf\/"},"wordCount":992,"publisher":{"@id":"https:\/\/www.swissvoicetour.ch\/#organization"},"image":{"@id":"https:\/\/www.swissvoicetour.ch\/2022\/07\/15\/sana-et-jamica-sont-les-gagnantes-de-letape-du-wankdorf\/#primaryimage"},"thumbnailUrl":"https:\/\/www.swissvoicetour.ch\/wp-content\/uploads\/2022\/07\/Gagnants-Wankdorf-scaled.jpg","articleSection":["Non categorizzato"],"inLanguage":"it-IT"},{"@type":"WebPage","@id":"https:\/\/www.swissvoicetour.ch\/2022\/07\/15\/sana-et-jamica-sont-les-gagnantes-de-letape-du-wankdorf\/","url":"https:\/\/www.swissvoicetour.ch\/2022\/07\/15\/sana-et-jamica-sont-les-gagnantes-de-letape-du-wankdorf\/","name":"SANA E JAMICA SONO LE VINCITRICI DELLA TAPPA AL WANKDORF! - Swiss Voice Tour","isPartOf":{"@id":"https:\/\/www.swissvoicetour.ch\/#website"},"primaryImageOfPage":{"@id":"https:\/\/www.swissvoicetour.ch\/2022\/07\/15\/sana-et-jamica-sont-les-gagnantes-de-letape-du-wankdorf\/#primaryimage"},"image":{"@id":"https:\/\/www.swissvoicetour.ch\/2022\/07\/15\/sana-et-jamica-sont-les-gagnantes-de-letape-du-wankdorf\/#primaryimage"},"thumbnailUrl":"https:\/\/www.swissvoicetour.ch\/wp-content\/uploads\/2022\/07\/Gagnants-Wankdorf-scaled.jpg","datePublished":"2022-07-15T08:43:27+00:00","dateModified":"2022-07-15T08:43:28+00:00","description":"Sana, 13 anni, ha vinto la finale della tappa Wankdorf a Bern che si \u00e8 svolta sabato 7 luglio 2022. Conquistando la giuria, si \u00e8 guadagnata il suo posto alla semifinale dello Swiss Voice Tour che si terr\u00e0 sabato 27 agosto 2022 al L\u00e9man Centre a Crissier.Nella categoria Adulti \u00e8 stata Jamica a convincere la giuria presente al Wankdrof e ad aggiudicarsi un posto in semifinale.Bravissime, Sana e Jamica!","breadcrumb":{"@id":"https:\/\/www.swissvoicetour.ch\/2022\/07\/15\/sana-et-jamica-sont-les-gagnantes-de-letape-du-wankdorf\/#breadcrumb"},"inLanguage":"it-IT","potentialAction":[{"@type":"ReadAction","target":["https:\/\/www.swissvoicetour.ch\/2022\/07\/15\/sana-et-jamica-sont-les-gagnantes-de-letape-du-wankdorf\/"]}]},{"@type":"ImageObject","inLanguage":"it-IT","@id":"https:\/\/www.swissvoicetour.ch\/2022\/07\/15\/sana-et-jamica-sont-les-gagnantes-de-letape-du-wankdorf\/#primaryimage","url":"https:\/\/www.swissvoicetour.ch\/wp-content\/uploads\/2022\/07\/Gagnants-Wankdorf-scaled.jpg","contentUrl":"https:\/\/www.swissvoicetour.ch\/wp-content\/uploads\/2022\/07\/Gagnants-Wankdorf-scaled.jpg","width":2560,"height":2150},{"@type":"BreadcrumbList","@id":"https:\/\/www.swissvoicetour.ch\/2022\/07\/15\/sana-et-jamica-sont-les-gagnantes-de-letape-du-wankdorf\/#breadcrumb","itemListElement":[{"@type":"ListItem","position":1,"name":"Accueil","item":"https:\/\/www.swissvoicetour.ch\/it\/"},{"@type":"ListItem","position":2,"name":"SANA E JAMICA SONO LE VINCITRICI DELLA TAPPA AL WANKDORF!"}]},{"@type":"WebSite","@id":"https:\/\/www.swissvoicetour.ch\/#website","url":"https:\/\/www.swissvoicetour.ch\/","name":"Swiss Voice Tour","description":"Benvenuti nella pagina ufficiale dello Swiss Voice Tour","publisher":{"@id":"https:\/\/www.swissvoicetour.ch\/#organization"},"potentialAction":[{"@type":"SearchAction","target":{"@type":"EntryPoint","urlTemplate":"https:\/\/www.swissvoicetour.ch\/?s={search_term_string}"},"query-input":{"@type":"PropertyValueSpecification","valueRequired":true,"valueName":"search_term_string"}}],"inLanguage":"it-IT"},{"@type":"Organization","@id":"https:\/\/www.swissvoicetour.ch\/#organization","name":"Swiss Voice Tour","url":"https:\/\/www.swissvoicetour.ch\/","logo":{"@type":"ImageObject","inLanguage":"it-IT","@id":"https:\/\/www.swissvoicetour.ch\/#\/schema\/logo\/image\/","url":"https:\/\/www.swissvoicetour.ch\/wp-content\/uploads\/2024\/11\/LOGO_SVT_2025_RVB-1030x1030.png","contentUrl":"https:\/\/www.swissvoicetour.ch\/wp-content\/uploads\/2024\/11\/LOGO_SVT_2025_RVB-1030x1030.png","width":1030,"height":1030,"caption":"Swiss Voice Tour"},"image":{"@id":"https:\/\/www.swissvoicetour.ch\/#\/schema\/logo\/image\/"},"sameAs":["https:\/\/www.facebook.com\/swissvoicetour\/","https:\/\/www.instagram.com\/swissvoicetour\/"]},{"@type":"Person","@id":"https:\/\/www.swissvoicetour.ch\/#\/schema\/person\/de38c536756e0b173c1a0c6b24b81323","name":"Swissvoicetour","image":{"@type":"ImageObject","inLanguage":"it-IT","@id":"https:\/\/secure.gravatar.com\/avatar\/b80f148837990d85089c37188c2849d7e9c06f46aa6a7fd3926e733059ecb726?s=96&d=mm&r=g","url":"https:\/\/secure.gravatar.com\/avatar\/b80f148837990d85089c37188c2849d7e9c06f46aa6a7fd3926e733059ecb726?s=96&d=mm&r=g","contentUrl":"https:\/\/secure.gravatar.com\/avatar\/b80f148837990d85089c37188c2849d7e9c06f46aa6a7fd3926e733059ecb726?s=96&d=mm&r=g","caption":"Swissvoicetour"},"url":"https:\/\/www.swissvoicetour.ch\/it\/author\/swissvoicetour\/"}]}},"_links":{"self":[{"href":"https:\/\/www.swissvoicetour.ch\/it\/wp-json\/wp\/v2\/posts\/8242","targetHints":{"allow":["GET"]}}],"collection":[{"href":"https:\/\/www.swissvoicetour.ch\/it\/wp-json\/wp\/v2\/posts"}],"about":[{"href":"https:\/\/www.swissvoicetour.ch\/it\/wp-json\/wp\/v2\/types\/post"}],"author":[{"embeddable":true,"href":"https:\/\/www.swissvoicetour.ch\/it\/wp-json\/wp\/v2\/users\/4"}],"replies":[{"embeddable":true,"href":"https:\/\/www.swissvoicetour.ch\/it\/wp-json\/wp\/v2\/comments?post=8242"}],"version-history":[{"count":2,"href":"https:\/\/www.swissvoicetour.ch\/it\/wp-json\/wp\/v2\/posts\/8242\/revisions"}],"predecessor-version":[{"id":8244,"href":"https:\/\/www.swissvoicetour.ch\/it\/wp-json\/wp\/v2\/posts\/8242\/revisions\/8244"}],"wp:featuredmedia":[{"embeddable":true,"href":"https:\/\/www.swissvoicetour.ch\/it\/wp-json\/wp\/v2\/media\/8235"}],"wp:attachment":[{"href":"https:\/\/www.swissvoicetour.ch\/it\/wp-json\/wp\/v2\/media?parent=8242"}],"wp:term":[{"taxonomy":"category","embeddable":true,"href":"https:\/\/www.swissvoicetour.ch\/it\/wp-json\/wp\/v2\/categories?post=8242"},{"taxonomy":"post_tag","embeddable":true,"href":"https:\/\/www.swissvoicetour.ch\/it\/wp-json\/wp\/v2\/tags?post=8242"}],"curies":[{"name":"wp","href":"https:\/\/api.w.org\/{rel}","templated":true}]}}