{"id":8206,"date":"2022-06-14T10:39:29","date_gmt":"2022-06-14T08:39:29","guid":{"rendered":"https:\/\/www.swissvoicetour.ch\/?p=8206"},"modified":"2022-07-06T10:41:29","modified_gmt":"2022-07-06T08:41:29","slug":"izabela-e-ebu-hanno-vinto-la-tappa-di-entilles-centre","status":"publish","type":"post","link":"https:\/\/www.swissvoicetour.ch\/it\/2022\/06\/14\/izabela-e-ebu-hanno-vinto-la-tappa-di-entilles-centre\/","title":{"rendered":"IZABELA E EBU HANNO VINTO LA TAPPA DI ENTILLES CENTRE !"},"content":{"rendered":"<div  class='avia-button-wrap av-av_button-a59a5aab84c21f7ed766911cd2705f27-wrap avia-button-left  avia-builder-el-0  el_before_av_three_fifth  avia-builder-el-first '><a href='https:\/\/www.swissvoicetour.ch\/it\/news\/'  class='avia-button av-av_button-a59a5aab84c21f7ed766911cd2705f27 av-link-btn avia-icon_select-yes-left-icon avia-size-small avia-position-left avia-color-theme-color'   aria-label=\"Vedi tutte le notizie\"><span class='avia_button_icon avia_button_icon_left avia-iconfont avia-font-entypo-fontello' data-av_icon='\ue830' data-av_iconfont='entypo-fontello' ><\/span><span class='avia_iconbox_title' >Vedi tutte le notizie<\/span><\/a><\/div>\n\n<style type=\"text\/css\" data-created_by=\"avia_inline_auto\" id=\"style-css-av-av_three_fifth-79ff81c021393065cee878051452f6a6\">\n.flex_column.av-av_three_fifth-79ff81c021393065cee878051452f6a6{\nborder-radius:0px 0px 0px 0px;\npadding:0px 0px 0px 0px;\n}\n<\/style>\n<div  class='flex_column av-av_three_fifth-79ff81c021393065cee878051452f6a6 av_three_fifth  avia-builder-el-1  el_after_av_button  el_before_av_one_fifth  first flex_column_div av-zero-column-padding  '     ><p>\n<style type=\"text\/css\" data-created_by=\"avia_inline_auto\" id=\"style-css-av-l59c70ra-cd44900d1c44bc9facd59db4a9a7874d\">\n.avia-image-container.av-l59c70ra-cd44900d1c44bc9facd59db4a9a7874d img.avia_image{\nbox-shadow:none;\n}\n.avia-image-container.av-l59c70ra-cd44900d1c44bc9facd59db4a9a7874d .av-image-caption-overlay-center{\ncolor:#ffffff;\n}\n<\/style>\n<div  class='avia-image-container av-l59c70ra-cd44900d1c44bc9facd59db4a9a7874d av-styling- avia-align-center  avia-builder-el-2  el_before_av_heading  avia-builder-el-first '   itemprop=\"image\" itemscope=\"itemscope\" itemtype=\"https:\/\/schema.org\/ImageObject\" ><div class=\"avia-image-container-inner\"><div class=\"avia-image-overlay-wrap\"><img decoding=\"async\" fetchpriority=\"high\" class='wp-image-8202 avia-img-lazy-loading-not-8202 avia_image ' src=\"https:\/\/www.swissvoicetour.ch\/wp-content\/uploads\/2022\/07\/Gagnants-Entilles-Centre-1030x770.png\" alt='' title='Gagnants Entilles Centre'  height=\"770\" width=\"1030\"  itemprop=\"thumbnailUrl\" srcset=\"https:\/\/www.swissvoicetour.ch\/wp-content\/uploads\/2022\/07\/Gagnants-Entilles-Centre-1030x770.png 1030w, https:\/\/www.swissvoicetour.ch\/wp-content\/uploads\/2022\/07\/Gagnants-Entilles-Centre-300x224.png 300w, https:\/\/www.swissvoicetour.ch\/wp-content\/uploads\/2022\/07\/Gagnants-Entilles-Centre-768x574.png 768w, https:\/\/www.swissvoicetour.ch\/wp-content\/uploads\/2022\/07\/Gagnants-Entilles-Centre-705x527.png 705w, https:\/\/www.swissvoicetour.ch\/wp-content\/uploads\/2022\/07\/Gagnants-Entilles-Centre.png 1189w\" sizes=\"(max-width: 1030px) 100vw, 1030px\" \/><\/div><\/div><\/div><br \/>\n\n<style type=\"text\/css\" data-created_by=\"avia_inline_auto\" id=\"style-css-av-l59c6oe1-9f1dda257832deee4d19c245f41bc6a3\">\n#top .av-special-heading.av-l59c6oe1-9f1dda257832deee4d19c245f41bc6a3{\npadding-bottom:10px;\n}\nbody .av-special-heading.av-l59c6oe1-9f1dda257832deee4d19c245f41bc6a3 .av-special-heading-tag .heading-char{\nfont-size:25px;\n}\n.av-special-heading.av-l59c6oe1-9f1dda257832deee4d19c245f41bc6a3 .av-subheading{\nfont-size:15px;\n}\n<\/style>\n<div  class='av-special-heading av-l59c6oe1-9f1dda257832deee4d19c245f41bc6a3 av-special-heading-h2  avia-builder-el-3  el_after_av_image  el_before_av_hr '><h2 class='av-special-heading-tag '  itemprop=\"headline\"  >IZABELA E EBU HANNO VINTO LA TAPPA DI ENTILLES CENTRE ! <\/h2><div class=\"special-heading-border\"><div class=\"special-heading-inner-border\"><\/div><\/div><\/div><br \/>\n\n<style type=\"text\/css\" data-created_by=\"avia_inline_auto\" id=\"style-css-av-av_hr-e91f8fbe81134c228cc94df0c2ea3da0\">\n#top .hr.hr-invisible.av-av_hr-e91f8fbe81134c228cc94df0c2ea3da0{\nheight:30px;\n}\n<\/style>\n<div  class='hr av-av_hr-e91f8fbe81134c228cc94df0c2ea3da0 hr-invisible  avia-builder-el-4  el_after_av_heading  el_before_av_textblock '><span class='hr-inner '><span class=\"hr-inner-style\"><\/span><\/span><\/div><br \/>\n<section  class='av_textblock_section av-l59c7d4o-d2887b90548ddee43902ecc7a6b6ff8f '   itemscope=\"itemscope\" itemtype=\"https:\/\/schema.org\/BlogPosting\" itemprop=\"blogPost\" ><div class='avia_textblock'  itemprop=\"text\" ><section class=\"av_textblock_section \">Izabela, 15 anni, si \u00e8 aggiudicato la 8\u00aa tappa romanda dello Swiss Voice Tour, svoltasi sabato 11 giugno 2022 al Entilles Centre ad La Chaux-de-Fonds. Con la sua esibizione vola direttamente alla semifinale, che avr\u00e0 luogo sabato 27 agosto 2022 al L\u00e9man Centre di Crissier.Nella categoria Adulti \u00e8 stata Ebu convincere la giuria presente e ad aggiudicarsi un posto in semifinale.Congratulazioni ai nostri nuovi semifinalisti Izabela e Ebu!<\/section>\n<section class=\"av_textblock_section \"><\/section>\n<\/div><\/section><br \/>\n\n<style type=\"text\/css\" data-created_by=\"avia_inline_auto\" id=\"style-css-av-av_hr-50edc9949d927eab467680f201044eec\">\n#top .hr.hr-invisible.av-av_hr-50edc9949d927eab467680f201044eec{\nheight:25px;\n}\n<\/style>\n<div  class='hr av-av_hr-50edc9949d927eab467680f201044eec hr-invisible  avia-builder-el-6  el_after_av_textblock  el_before_av_button '><span class='hr-inner '><span class=\"hr-inner-style\"><\/span><\/span><\/div><br \/>\n<div  class='avia-button-wrap av-l59cmjos-cdb38206491111d04cf6eb2e69ae9d03-wrap avia-button-center  avia-builder-el-7  el_after_av_hr  avia-builder-el-last '><a href='https:\/\/www.swissvoicetour.ch\/it\/stagione-7\/'  class='avia-button av-l59cmjos-cdb38206491111d04cf6eb2e69ae9d03 av-link-btn avia-icon_select-no avia-size-small avia-position-center avia-color-theme-color'  target=\"_blank\"  rel=\"noopener noreferrer\"  aria-label=\"Trova tutti i video delle colate al Entilles Centre\"><span class='avia_iconbox_title' >Trova tutti i video delle colate al Entilles Centre<\/span><\/a><\/div><\/p><\/div>\n\n<style type=\"text\/css\" data-created_by=\"avia_inline_auto\" id=\"style-css-av-av_one_fifth-49f6e875884219cf77c24341e550af53\">\n.flex_column.av-av_one_fifth-49f6e875884219cf77c24341e550af53{\nborder-radius:0px 0px 0px 0px;\npadding:0px 0px 0px 0px;\n}\n<\/style>\n<div  class='flex_column av-av_one_fifth-49f6e875884219cf77c24341e550af53 av_one_fifth  avia-builder-el-8  el_after_av_three_fifth  avia-builder-el-last  flex_column_div av-zero-column-padding  '     ><div  class='av-social-sharing-box av-av_social_share-58307ab528cf91853f63f63cdafbad3b av-social-sharing-box-default  avia-builder-el-9  avia-builder-el-no-sibling  av-social-sharing-box-fullwidth'><div class=\"av-share-box\"><h5 class='av-share-link-description av-no-toc '>Condividi questo articolo<\/h5><ul class=\"av-share-box-list noLightbox\"><li class='av-share-link av-social-link-facebook avia_social_iconfont' ><a target=\"_blank\" aria-label=\"Condividi su Facebook\" href='https:\/\/www.facebook.com\/sharer.php?u=https:\/\/www.swissvoicetour.ch\/it\/2022\/06\/14\/izabela-e-ebu-hanno-vinto-la-tappa-di-entilles-centre\/&#038;t=IZABELA%20E%20EBU%20HANNO%20VINTO%20LA%20TAPPA%20DI%20ENTILLES%20CENTRE%20%21' data-av_icon='\ue8f3' data-av_iconfont='entypo-fontello'  title='' data-avia-related-tooltip='Condividi su Facebook'><span class='avia_hidden_link_text'>Condividi su Facebook<\/span><\/a><\/li><li class='av-share-link av-social-link-twitter avia_social_iconfont' ><a target=\"_blank\" aria-label=\"Condividi su X\" href='https:\/\/twitter.com\/share?text=IZABELA%20E%20EBU%20HANNO%20VINTO%20LA%20TAPPA%20DI%20ENTILLES%20CENTRE%20%21&#038;url=https:\/\/www.swissvoicetour.ch\/it\/?p=8206' data-av_icon='\ue932' data-av_iconfont='entypo-fontello'  title='' data-avia-related-tooltip='Condividi su X'><span class='avia_hidden_link_text'>Condividi su X<\/span><\/a><\/li><li class='av-share-link av-social-link-whatsapp avia_social_iconfont' ><a target=\"_blank\" aria-label=\"Condividi su WhatsApp\" href='https:\/\/api.whatsapp.com\/send?text=https:\/\/www.swissvoicetour.ch\/it\/2022\/06\/14\/izabela-e-ebu-hanno-vinto-la-tappa-di-entilles-centre\/' data-av_icon='\uf232' data-av_iconfont='entypo-fontello'  title='' data-avia-related-tooltip='Condividi su WhatsApp'><span class='avia_hidden_link_text'>Condividi su WhatsApp<\/span><\/a><\/li><li class='av-share-link av-social-link-linkedin avia_social_iconfont' ><a target=\"_blank\" aria-label=\"Condividi su LinkedIn\" href='https:\/\/linkedin.com\/shareArticle?mini=true&#038;title=IZABELA%20E%20EBU%20HANNO%20VINTO%20LA%20TAPPA%20DI%20ENTILLES%20CENTRE%20%21&#038;url=https:\/\/www.swissvoicetour.ch\/it\/2022\/06\/14\/izabela-e-ebu-hanno-vinto-la-tappa-di-entilles-centre\/' data-av_icon='\ue8fc' data-av_iconfont='entypo-fontello'  title='' data-avia-related-tooltip='Condividi su LinkedIn'><span class='avia_hidden_link_text'>Condividi su LinkedIn<\/span><\/a><\/li><li class='av-share-link av-social-link-mail avia_social_iconfont' ><a  aria-label=\"Condividi attraverso Mail\" href='mailto:?subject=IZABELA%20E%20EBU%20HANNO%20VINTO%20LA%20TAPPA%20DI%20ENTILLES%20CENTRE%20%21&#038;body=https:\/\/www.swissvoicetour.ch\/it\/2022\/06\/14\/izabela-e-ebu-hanno-vinto-la-tappa-di-entilles-centre\/' data-av_icon='\ue805' data-av_iconfont='entypo-fontello'  title='' data-avia-related-tooltip='Condividi attraverso Mail'><span class='avia_hidden_link_text'>Condividi attraverso Mail<\/span><\/a><\/li><\/ul><\/div><\/div><\/div>\n","protected":false},"excerpt":{"rendered":"<p>Izabela, 15 anni, si \u00e8 aggiudicato la 8\u00aa tappa romanda dello Swiss Voice Tour, svoltasi sabato 11 giugno 2022 al Entilles Centre ad La Chaux-de-Fonds. <\/p>\n","protected":false},"author":4,"featured_media":8201,"comment_status":"closed","ping_status":"closed","sticky":false,"template":"","format":"standard","meta":{"_acf_changed":false,"footnotes":""},"categories":[19],"tags":[],"class_list":["post-8206","post","type-post","status-publish","format-standard","has-post-thumbnail","hentry","category-non-categorizzato"],"acf":[],"yoast_head":"<!-- This site is optimized with the Yoast SEO plugin v27.5 - https:\/\/yoast.com\/product\/yoast-seo-wordpress\/ -->\n<title>IZABELA E EBU HANNO VINTO LA TAPPA DI ENTILLES CENTRE ! - Swiss Voice Tour<\/title>\n<meta name=\"description\" content=\"Izabela, 15 anni, si \u00e8 aggiudicato la 8\u00aa tappa romanda dello Swiss Voice Tour, svoltasi sabato 11 giugno 2022 al Entilles Centre ad La Chaux-de-Fonds. Con la sua esibizione vola direttamente alla semifinale, che avr\u00e0 luogo sabato 27 agosto 2022 al L\u00e9man Centre di Crissier.Nella categoria Adulti \u00e8 stata Ebu convincere la giuria presente e ad aggiudicarsi un posto in semifinale.Congratulazioni ai nostri nuovi semifinalisti Izabela e Ebu!\" \/>\n<meta name=\"robots\" content=\"index, follow, max-snippet:-1, max-image-preview:large, max-video-preview:-1\" \/>\n<link rel=\"canonical\" href=\"https:\/\/www.swissvoicetour.ch\/2022\/06\/14\/izabela-et-ebu-sont-les-gagnants-de-letape-des-entilles-centre\/\" \/>\n<meta property=\"og:locale\" content=\"it_IT\" \/>\n<meta property=\"og:type\" content=\"article\" \/>\n<meta property=\"og:title\" content=\"IZABELA E EBU HANNO VINTO LA TAPPA DI ENTILLES CENTRE ! - Swiss Voice Tour\" \/>\n<meta property=\"og:description\" content=\"Izabela, 15 anni, si \u00e8 aggiudicato la 8\u00aa tappa romanda dello Swiss Voice Tour, svoltasi sabato 11 giugno 2022 al Entilles Centre ad La Chaux-de-Fonds. Con la sua esibizione vola direttamente alla semifinale, che avr\u00e0 luogo sabato 27 agosto 2022 al L\u00e9man Centre di Crissier.Nella categoria Adulti \u00e8 stata Ebu convincere la giuria presente e ad aggiudicarsi un posto in semifinale.Congratulazioni ai nostri nuovi semifinalisti Izabela e Ebu!\" \/>\n<meta property=\"og:url\" content=\"https:\/\/www.swissvoicetour.ch\/2022\/06\/14\/izabela-et-ebu-sont-les-gagnants-de-letape-des-entilles-centre\/\" \/>\n<meta property=\"og:site_name\" content=\"Swiss Voice Tour\" \/>\n<meta property=\"article:publisher\" content=\"https:\/\/www.facebook.com\/swissvoicetour\/\" \/>\n<meta property=\"article:published_time\" content=\"2022-06-14T08:39:29+00:00\" \/>\n<meta property=\"article:modified_time\" content=\"2022-07-06T08:41:29+00:00\" \/>\n<meta property=\"og:image\" content=\"https:\/\/www.swissvoicetour.ch\/wp-content\/uploads\/2022\/07\/Gagnants-Entilles-Centre.png\" \/>\n\t<meta property=\"og:image:width\" content=\"1189\" \/>\n\t<meta property=\"og:image:height\" content=\"889\" \/>\n\t<meta property=\"og:image:type\" content=\"image\/png\" \/>\n<meta name=\"author\" content=\"Swissvoicetour\" \/>\n<meta name=\"twitter:card\" content=\"summary_large_image\" \/>\n<meta name=\"twitter:label1\" content=\"Scritto da\" \/>\n\t<meta name=\"twitter:data1\" content=\"Swissvoicetour\" \/>\n\t<meta name=\"twitter:label2\" content=\"Tempo di lettura stimato\" \/>\n\t<meta name=\"twitter:data2\" content=\"3 minuti\" \/>\n<script type=\"application\/ld+json\" class=\"yoast-schema-graph\">{\"@context\":\"https:\\\/\\\/schema.org\",\"@graph\":[{\"@type\":\"Article\",\"@id\":\"https:\\\/\\\/www.swissvoicetour.ch\\\/2022\\\/06\\\/14\\\/izabela-et-ebu-sont-les-gagnants-de-letape-des-entilles-centre\\\/#article\",\"isPartOf\":{\"@id\":\"https:\\\/\\\/www.swissvoicetour.ch\\\/2022\\\/06\\\/14\\\/izabela-et-ebu-sont-les-gagnants-de-letape-des-entilles-centre\\\/\"},\"author\":{\"name\":\"Swissvoicetour\",\"@id\":\"https:\\\/\\\/www.swissvoicetour.ch\\\/#\\\/schema\\\/person\\\/de38c536756e0b173c1a0c6b24b81323\"},\"headline\":\"IZABELA E EBU HANNO VINTO LA TAPPA DI ENTILLES CENTRE !\",\"datePublished\":\"2022-06-14T08:39:29+00:00\",\"dateModified\":\"2022-07-06T08:41:29+00:00\",\"mainEntityOfPage\":{\"@id\":\"https:\\\/\\\/www.swissvoicetour.ch\\\/2022\\\/06\\\/14\\\/izabela-et-ebu-sont-les-gagnants-de-letape-des-entilles-centre\\\/\"},\"wordCount\":882,\"publisher\":{\"@id\":\"https:\\\/\\\/www.swissvoicetour.ch\\\/#organization\"},\"image\":{\"@id\":\"https:\\\/\\\/www.swissvoicetour.ch\\\/2022\\\/06\\\/14\\\/izabela-et-ebu-sont-les-gagnants-de-letape-des-entilles-centre\\\/#primaryimage\"},\"thumbnailUrl\":\"https:\\\/\\\/www.swissvoicetour.ch\\\/wp-content\\\/uploads\\\/2022\\\/07\\\/Gagnants-Entilles-Centre.png\",\"articleSection\":[\"Non categorizzato\"],\"inLanguage\":\"it-IT\"},{\"@type\":\"WebPage\",\"@id\":\"https:\\\/\\\/www.swissvoicetour.ch\\\/2022\\\/06\\\/14\\\/izabela-et-ebu-sont-les-gagnants-de-letape-des-entilles-centre\\\/\",\"url\":\"https:\\\/\\\/www.swissvoicetour.ch\\\/2022\\\/06\\\/14\\\/izabela-et-ebu-sont-les-gagnants-de-letape-des-entilles-centre\\\/\",\"name\":\"IZABELA E EBU HANNO VINTO LA TAPPA DI ENTILLES CENTRE ! - Swiss Voice Tour\",\"isPartOf\":{\"@id\":\"https:\\\/\\\/www.swissvoicetour.ch\\\/#website\"},\"primaryImageOfPage\":{\"@id\":\"https:\\\/\\\/www.swissvoicetour.ch\\\/2022\\\/06\\\/14\\\/izabela-et-ebu-sont-les-gagnants-de-letape-des-entilles-centre\\\/#primaryimage\"},\"image\":{\"@id\":\"https:\\\/\\\/www.swissvoicetour.ch\\\/2022\\\/06\\\/14\\\/izabela-et-ebu-sont-les-gagnants-de-letape-des-entilles-centre\\\/#primaryimage\"},\"thumbnailUrl\":\"https:\\\/\\\/www.swissvoicetour.ch\\\/wp-content\\\/uploads\\\/2022\\\/07\\\/Gagnants-Entilles-Centre.png\",\"datePublished\":\"2022-06-14T08:39:29+00:00\",\"dateModified\":\"2022-07-06T08:41:29+00:00\",\"description\":\"Izabela, 15 anni, si \u00e8 aggiudicato la 8\u00aa tappa romanda dello Swiss Voice Tour, svoltasi sabato 11 giugno 2022 al Entilles Centre ad La Chaux-de-Fonds. Con la sua esibizione vola direttamente alla semifinale, che avr\u00e0 luogo sabato 27 agosto 2022 al L\u00e9man Centre di Crissier.Nella categoria Adulti \u00e8 stata Ebu convincere la giuria presente e ad aggiudicarsi un posto in semifinale.Congratulazioni ai nostri nuovi semifinalisti Izabela e Ebu!\",\"breadcrumb\":{\"@id\":\"https:\\\/\\\/www.swissvoicetour.ch\\\/2022\\\/06\\\/14\\\/izabela-et-ebu-sont-les-gagnants-de-letape-des-entilles-centre\\\/#breadcrumb\"},\"inLanguage\":\"it-IT\",\"potentialAction\":[{\"@type\":\"ReadAction\",\"target\":[\"https:\\\/\\\/www.swissvoicetour.ch\\\/2022\\\/06\\\/14\\\/izabela-et-ebu-sont-les-gagnants-de-letape-des-entilles-centre\\\/\"]}]},{\"@type\":\"ImageObject\",\"inLanguage\":\"it-IT\",\"@id\":\"https:\\\/\\\/www.swissvoicetour.ch\\\/2022\\\/06\\\/14\\\/izabela-et-ebu-sont-les-gagnants-de-letape-des-entilles-centre\\\/#primaryimage\",\"url\":\"https:\\\/\\\/www.swissvoicetour.ch\\\/wp-content\\\/uploads\\\/2022\\\/07\\\/Gagnants-Entilles-Centre.png\",\"contentUrl\":\"https:\\\/\\\/www.swissvoicetour.ch\\\/wp-content\\\/uploads\\\/2022\\\/07\\\/Gagnants-Entilles-Centre.png\",\"width\":1189,\"height\":889},{\"@type\":\"BreadcrumbList\",\"@id\":\"https:\\\/\\\/www.swissvoicetour.ch\\\/2022\\\/06\\\/14\\\/izabela-et-ebu-sont-les-gagnants-de-letape-des-entilles-centre\\\/#breadcrumb\",\"itemListElement\":[{\"@type\":\"ListItem\",\"position\":1,\"name\":\"Accueil\",\"item\":\"https:\\\/\\\/www.swissvoicetour.ch\\\/it\\\/\"},{\"@type\":\"ListItem\",\"position\":2,\"name\":\"IZABELA E EBU HANNO VINTO LA TAPPA DI ENTILLES CENTRE !\"}]},{\"@type\":\"WebSite\",\"@id\":\"https:\\\/\\\/www.swissvoicetour.ch\\\/#website\",\"url\":\"https:\\\/\\\/www.swissvoicetour.ch\\\/\",\"name\":\"Swiss Voice Tour\",\"description\":\"Benvenuti nella pagina ufficiale dello Swiss Voice Tour\",\"publisher\":{\"@id\":\"https:\\\/\\\/www.swissvoicetour.ch\\\/#organization\"},\"potentialAction\":[{\"@type\":\"SearchAction\",\"target\":{\"@type\":\"EntryPoint\",\"urlTemplate\":\"https:\\\/\\\/www.swissvoicetour.ch\\\/?s={search_term_string}\"},\"query-input\":{\"@type\":\"PropertyValueSpecification\",\"valueRequired\":true,\"valueName\":\"search_term_string\"}}],\"inLanguage\":\"it-IT\"},{\"@type\":\"Organization\",\"@id\":\"https:\\\/\\\/www.swissvoicetour.ch\\\/#organization\",\"name\":\"Swiss Voice Tour\",\"url\":\"https:\\\/\\\/www.swissvoicetour.ch\\\/\",\"logo\":{\"@type\":\"ImageObject\",\"inLanguage\":\"it-IT\",\"@id\":\"https:\\\/\\\/www.swissvoicetour.ch\\\/#\\\/schema\\\/logo\\\/image\\\/\",\"url\":\"https:\\\/\\\/www.swissvoicetour.ch\\\/wp-content\\\/uploads\\\/2024\\\/11\\\/LOGO_SVT_2025_RVB-1030x1030.png\",\"contentUrl\":\"https:\\\/\\\/www.swissvoicetour.ch\\\/wp-content\\\/uploads\\\/2024\\\/11\\\/LOGO_SVT_2025_RVB-1030x1030.png\",\"width\":1030,\"height\":1030,\"caption\":\"Swiss Voice Tour\"},\"image\":{\"@id\":\"https:\\\/\\\/www.swissvoicetour.ch\\\/#\\\/schema\\\/logo\\\/image\\\/\"},\"sameAs\":[\"https:\\\/\\\/www.facebook.com\\\/swissvoicetour\\\/\",\"https:\\\/\\\/www.instagram.com\\\/swissvoicetour\\\/\"]},{\"@type\":\"Person\",\"@id\":\"https:\\\/\\\/www.swissvoicetour.ch\\\/#\\\/schema\\\/person\\\/de38c536756e0b173c1a0c6b24b81323\",\"name\":\"Swissvoicetour\",\"image\":{\"@type\":\"ImageObject\",\"inLanguage\":\"it-IT\",\"@id\":\"https:\\\/\\\/secure.gravatar.com\\\/avatar\\\/b80f148837990d85089c37188c2849d7e9c06f46aa6a7fd3926e733059ecb726?s=96&d=mm&r=g\",\"url\":\"https:\\\/\\\/secure.gravatar.com\\\/avatar\\\/b80f148837990d85089c37188c2849d7e9c06f46aa6a7fd3926e733059ecb726?s=96&d=mm&r=g\",\"contentUrl\":\"https:\\\/\\\/secure.gravatar.com\\\/avatar\\\/b80f148837990d85089c37188c2849d7e9c06f46aa6a7fd3926e733059ecb726?s=96&d=mm&r=g\",\"caption\":\"Swissvoicetour\"},\"url\":\"https:\\\/\\\/www.swissvoicetour.ch\\\/it\\\/author\\\/swissvoicetour\\\/\"}]}<\/script>\n<!-- \/ Yoast SEO plugin. -->","yoast_head_json":{"title":"IZABELA E EBU HANNO VINTO LA TAPPA DI ENTILLES CENTRE ! - Swiss Voice Tour","description":"Izabela, 15 anni, si \u00e8 aggiudicato la 8\u00aa tappa romanda dello Swiss Voice Tour, svoltasi sabato 11 giugno 2022 al Entilles Centre ad La Chaux-de-Fonds. Con la sua esibizione vola direttamente alla semifinale, che avr\u00e0 luogo sabato 27 agosto 2022 al L\u00e9man Centre di Crissier.Nella categoria Adulti \u00e8 stata Ebu convincere la giuria presente e ad aggiudicarsi un posto in semifinale.Congratulazioni ai nostri nuovi semifinalisti Izabela e Ebu!","robots":{"index":"index","follow":"follow","max-snippet":"max-snippet:-1","max-image-preview":"max-image-preview:large","max-video-preview":"max-video-preview:-1"},"canonical":"https:\/\/www.swissvoicetour.ch\/2022\/06\/14\/izabela-et-ebu-sont-les-gagnants-de-letape-des-entilles-centre\/","og_locale":"it_IT","og_type":"article","og_title":"IZABELA E EBU HANNO VINTO LA TAPPA DI ENTILLES CENTRE ! - Swiss Voice Tour","og_description":"Izabela, 15 anni, si \u00e8 aggiudicato la 8\u00aa tappa romanda dello Swiss Voice Tour, svoltasi sabato 11 giugno 2022 al Entilles Centre ad La Chaux-de-Fonds. Con la sua esibizione vola direttamente alla semifinale, che avr\u00e0 luogo sabato 27 agosto 2022 al L\u00e9man Centre di Crissier.Nella categoria Adulti \u00e8 stata Ebu convincere la giuria presente e ad aggiudicarsi un posto in semifinale.Congratulazioni ai nostri nuovi semifinalisti Izabela e Ebu!","og_url":"https:\/\/www.swissvoicetour.ch\/2022\/06\/14\/izabela-et-ebu-sont-les-gagnants-de-letape-des-entilles-centre\/","og_site_name":"Swiss Voice Tour","article_publisher":"https:\/\/www.facebook.com\/swissvoicetour\/","article_published_time":"2022-06-14T08:39:29+00:00","article_modified_time":"2022-07-06T08:41:29+00:00","og_image":[{"width":1189,"height":889,"url":"https:\/\/www.swissvoicetour.ch\/wp-content\/uploads\/2022\/07\/Gagnants-Entilles-Centre.png","type":"image\/png"}],"author":"Swissvoicetour","twitter_card":"summary_large_image","twitter_misc":{"Scritto da":"Swissvoicetour","Tempo di lettura stimato":"3 minuti"},"schema":{"@context":"https:\/\/schema.org","@graph":[{"@type":"Article","@id":"https:\/\/www.swissvoicetour.ch\/2022\/06\/14\/izabela-et-ebu-sont-les-gagnants-de-letape-des-entilles-centre\/#article","isPartOf":{"@id":"https:\/\/www.swissvoicetour.ch\/2022\/06\/14\/izabela-et-ebu-sont-les-gagnants-de-letape-des-entilles-centre\/"},"author":{"name":"Swissvoicetour","@id":"https:\/\/www.swissvoicetour.ch\/#\/schema\/person\/de38c536756e0b173c1a0c6b24b81323"},"headline":"IZABELA E EBU HANNO VINTO LA TAPPA DI ENTILLES CENTRE !","datePublished":"2022-06-14T08:39:29+00:00","dateModified":"2022-07-06T08:41:29+00:00","mainEntityOfPage":{"@id":"https:\/\/www.swissvoicetour.ch\/2022\/06\/14\/izabela-et-ebu-sont-les-gagnants-de-letape-des-entilles-centre\/"},"wordCount":882,"publisher":{"@id":"https:\/\/www.swissvoicetour.ch\/#organization"},"image":{"@id":"https:\/\/www.swissvoicetour.ch\/2022\/06\/14\/izabela-et-ebu-sont-les-gagnants-de-letape-des-entilles-centre\/#primaryimage"},"thumbnailUrl":"https:\/\/www.swissvoicetour.ch\/wp-content\/uploads\/2022\/07\/Gagnants-Entilles-Centre.png","articleSection":["Non categorizzato"],"inLanguage":"it-IT"},{"@type":"WebPage","@id":"https:\/\/www.swissvoicetour.ch\/2022\/06\/14\/izabela-et-ebu-sont-les-gagnants-de-letape-des-entilles-centre\/","url":"https:\/\/www.swissvoicetour.ch\/2022\/06\/14\/izabela-et-ebu-sont-les-gagnants-de-letape-des-entilles-centre\/","name":"IZABELA E EBU HANNO VINTO LA TAPPA DI ENTILLES CENTRE ! - Swiss Voice Tour","isPartOf":{"@id":"https:\/\/www.swissvoicetour.ch\/#website"},"primaryImageOfPage":{"@id":"https:\/\/www.swissvoicetour.ch\/2022\/06\/14\/izabela-et-ebu-sont-les-gagnants-de-letape-des-entilles-centre\/#primaryimage"},"image":{"@id":"https:\/\/www.swissvoicetour.ch\/2022\/06\/14\/izabela-et-ebu-sont-les-gagnants-de-letape-des-entilles-centre\/#primaryimage"},"thumbnailUrl":"https:\/\/www.swissvoicetour.ch\/wp-content\/uploads\/2022\/07\/Gagnants-Entilles-Centre.png","datePublished":"2022-06-14T08:39:29+00:00","dateModified":"2022-07-06T08:41:29+00:00","description":"Izabela, 15 anni, si \u00e8 aggiudicato la 8\u00aa tappa romanda dello Swiss Voice Tour, svoltasi sabato 11 giugno 2022 al Entilles Centre ad La Chaux-de-Fonds. Con la sua esibizione vola direttamente alla semifinale, che avr\u00e0 luogo sabato 27 agosto 2022 al L\u00e9man Centre di Crissier.Nella categoria Adulti \u00e8 stata Ebu convincere la giuria presente e ad aggiudicarsi un posto in semifinale.Congratulazioni ai nostri nuovi semifinalisti Izabela e Ebu!","breadcrumb":{"@id":"https:\/\/www.swissvoicetour.ch\/2022\/06\/14\/izabela-et-ebu-sont-les-gagnants-de-letape-des-entilles-centre\/#breadcrumb"},"inLanguage":"it-IT","potentialAction":[{"@type":"ReadAction","target":["https:\/\/www.swissvoicetour.ch\/2022\/06\/14\/izabela-et-ebu-sont-les-gagnants-de-letape-des-entilles-centre\/"]}]},{"@type":"ImageObject","inLanguage":"it-IT","@id":"https:\/\/www.swissvoicetour.ch\/2022\/06\/14\/izabela-et-ebu-sont-les-gagnants-de-letape-des-entilles-centre\/#primaryimage","url":"https:\/\/www.swissvoicetour.ch\/wp-content\/uploads\/2022\/07\/Gagnants-Entilles-Centre.png","contentUrl":"https:\/\/www.swissvoicetour.ch\/wp-content\/uploads\/2022\/07\/Gagnants-Entilles-Centre.png","width":1189,"height":889},{"@type":"BreadcrumbList","@id":"https:\/\/www.swissvoicetour.ch\/2022\/06\/14\/izabela-et-ebu-sont-les-gagnants-de-letape-des-entilles-centre\/#breadcrumb","itemListElement":[{"@type":"ListItem","position":1,"name":"Accueil","item":"https:\/\/www.swissvoicetour.ch\/it\/"},{"@type":"ListItem","position":2,"name":"IZABELA E EBU HANNO VINTO LA TAPPA DI ENTILLES CENTRE !"}]},{"@type":"WebSite","@id":"https:\/\/www.swissvoicetour.ch\/#website","url":"https:\/\/www.swissvoicetour.ch\/","name":"Swiss Voice Tour","description":"Benvenuti nella pagina ufficiale dello Swiss Voice Tour","publisher":{"@id":"https:\/\/www.swissvoicetour.ch\/#organization"},"potentialAction":[{"@type":"SearchAction","target":{"@type":"EntryPoint","urlTemplate":"https:\/\/www.swissvoicetour.ch\/?s={search_term_string}"},"query-input":{"@type":"PropertyValueSpecification","valueRequired":true,"valueName":"search_term_string"}}],"inLanguage":"it-IT"},{"@type":"Organization","@id":"https:\/\/www.swissvoicetour.ch\/#organization","name":"Swiss Voice Tour","url":"https:\/\/www.swissvoicetour.ch\/","logo":{"@type":"ImageObject","inLanguage":"it-IT","@id":"https:\/\/www.swissvoicetour.ch\/#\/schema\/logo\/image\/","url":"https:\/\/www.swissvoicetour.ch\/wp-content\/uploads\/2024\/11\/LOGO_SVT_2025_RVB-1030x1030.png","contentUrl":"https:\/\/www.swissvoicetour.ch\/wp-content\/uploads\/2024\/11\/LOGO_SVT_2025_RVB-1030x1030.png","width":1030,"height":1030,"caption":"Swiss Voice Tour"},"image":{"@id":"https:\/\/www.swissvoicetour.ch\/#\/schema\/logo\/image\/"},"sameAs":["https:\/\/www.facebook.com\/swissvoicetour\/","https:\/\/www.instagram.com\/swissvoicetour\/"]},{"@type":"Person","@id":"https:\/\/www.swissvoicetour.ch\/#\/schema\/person\/de38c536756e0b173c1a0c6b24b81323","name":"Swissvoicetour","image":{"@type":"ImageObject","inLanguage":"it-IT","@id":"https:\/\/secure.gravatar.com\/avatar\/b80f148837990d85089c37188c2849d7e9c06f46aa6a7fd3926e733059ecb726?s=96&d=mm&r=g","url":"https:\/\/secure.gravatar.com\/avatar\/b80f148837990d85089c37188c2849d7e9c06f46aa6a7fd3926e733059ecb726?s=96&d=mm&r=g","contentUrl":"https:\/\/secure.gravatar.com\/avatar\/b80f148837990d85089c37188c2849d7e9c06f46aa6a7fd3926e733059ecb726?s=96&d=mm&r=g","caption":"Swissvoicetour"},"url":"https:\/\/www.swissvoicetour.ch\/it\/author\/swissvoicetour\/"}]}},"_links":{"self":[{"href":"https:\/\/www.swissvoicetour.ch\/it\/wp-json\/wp\/v2\/posts\/8206","targetHints":{"allow":["GET"]}}],"collection":[{"href":"https:\/\/www.swissvoicetour.ch\/it\/wp-json\/wp\/v2\/posts"}],"about":[{"href":"https:\/\/www.swissvoicetour.ch\/it\/wp-json\/wp\/v2\/types\/post"}],"author":[{"embeddable":true,"href":"https:\/\/www.swissvoicetour.ch\/it\/wp-json\/wp\/v2\/users\/4"}],"replies":[{"embeddable":true,"href":"https:\/\/www.swissvoicetour.ch\/it\/wp-json\/wp\/v2\/comments?post=8206"}],"version-history":[{"count":5,"href":"https:\/\/www.swissvoicetour.ch\/it\/wp-json\/wp\/v2\/posts\/8206\/revisions"}],"predecessor-version":[{"id":8857,"href":"https:\/\/www.swissvoicetour.ch\/it\/wp-json\/wp\/v2\/posts\/8206\/revisions\/8857"}],"wp:featuredmedia":[{"embeddable":true,"href":"https:\/\/www.swissvoicetour.ch\/it\/wp-json\/wp\/v2\/media\/8201"}],"wp:attachment":[{"href":"https:\/\/www.swissvoicetour.ch\/it\/wp-json\/wp\/v2\/media?parent=8206"}],"wp:term":[{"taxonomy":"category","embeddable":true,"href":"https:\/\/www.swissvoicetour.ch\/it\/wp-json\/wp\/v2\/categories?post=8206"},{"taxonomy":"post_tag","embeddable":true,"href":"https:\/\/www.swissvoicetour.ch\/it\/wp-json\/wp\/v2\/tags?post=8206"}],"curies":[{"name":"wp","href":"https:\/\/api.w.org\/{rel}","templated":true}]}}