{"id":8125,"date":"2022-05-25T07:49:47","date_gmt":"2022-05-25T05:49:47","guid":{"rendered":"https:\/\/www.swissvoicetour.ch\/?p=8125"},"modified":"2022-06-08T07:50:03","modified_gmt":"2022-06-08T05:50:03","slug":"malou-e-daria-sono-le-vincitrici-della-tappa-al-wiggispak","status":"publish","type":"post","link":"https:\/\/www.swissvoicetour.ch\/it\/2022\/05\/25\/malou-e-daria-sono-le-vincitrici-della-tappa-al-wiggispak\/","title":{"rendered":"MALOU E DARIA SONO LE VINCITRICI DELLA TAPPA AL WIGGISPAK!"},"content":{"rendered":"<section  class='av_textblock_section av-av_textblock-01da66c8a430ece279119bac7dc1a336 '   itemscope=\"itemscope\" itemtype=\"https:\/\/schema.org\/BlogPosting\" itemprop=\"blogPost\" ><div class='avia_textblock'  itemprop=\"text\" ><p>29<\/p>\n<\/div><\/section>\n\n<style type=\"text\/css\" data-created_by=\"avia_inline_auto\" id=\"style-css-av-av_one_fifth-79ff81c021393065cee878051452f6a6\">\n.flex_column.av-av_one_fifth-79ff81c021393065cee878051452f6a6{\nborder-radius:0px 0px 0px 0px;\npadding:0px 0px 0px 0px;\n}\n<\/style>\n<div  class='flex_column av-av_one_fifth-79ff81c021393065cee878051452f6a6 av_one_fifth  avia-builder-el-1  el_after_av_textblock  el_before_av_three_fifth  first flex_column_div av-zero-column-padding  column-top-margin'     ><div  class='avia-button-wrap av-av_button-a59a5aab84c21f7ed766911cd2705f27-wrap avia-button-left  avia-builder-el-2  avia-builder-el-no-sibling '><a href='https:\/\/www.swissvoicetour.ch\/it\/news\/'  class='avia-button av-av_button-a59a5aab84c21f7ed766911cd2705f27 av-link-btn avia-icon_select-yes-left-icon avia-size-small avia-position-left avia-color-theme-color'   aria-label=\"Vedi tutte le notizie\"><span class='avia_button_icon avia_button_icon_left avia-iconfont avia-font-entypo-fontello' data-av_icon='\ue830' data-av_iconfont='entypo-fontello' ><\/span><span class='avia_iconbox_title' >Vedi tutte le notizie<\/span><\/a><\/div><\/div>\n\n<style type=\"text\/css\" data-created_by=\"avia_inline_auto\" id=\"style-css-av-av_three_fifth-49f6e875884219cf77c24341e550af53\">\n.flex_column.av-av_three_fifth-49f6e875884219cf77c24341e550af53{\nborder-radius:0px 0px 0px 0px;\npadding:0px 0px 0px 0px;\n}\n<\/style>\n<div  class='flex_column av-av_three_fifth-49f6e875884219cf77c24341e550af53 av_three_fifth  avia-builder-el-3  el_after_av_one_fifth  el_before_av_one_fifth  flex_column_div av-zero-column-padding  column-top-margin'     ><p>\n<style type=\"text\/css\" data-created_by=\"avia_inline_auto\" id=\"style-css-av-l4566g1t-07d282d5ec27255968fc46e734cbe306\">\n.avia-image-container.av-l4566g1t-07d282d5ec27255968fc46e734cbe306 img.avia_image{\nbox-shadow:none;\n}\n.avia-image-container.av-l4566g1t-07d282d5ec27255968fc46e734cbe306 .av-image-caption-overlay-center{\ncolor:#ffffff;\n}\n<\/style>\n<div  class='avia-image-container av-l4566g1t-07d282d5ec27255968fc46e734cbe306 av-styling- avia-align-center  avia-builder-el-4  el_before_av_heading  avia-builder-el-first '   itemprop=\"image\" itemscope=\"itemscope\" itemtype=\"https:\/\/schema.org\/ImageObject\" ><div class=\"avia-image-container-inner\"><div class=\"avia-image-overlay-wrap\"><img decoding=\"async\" fetchpriority=\"high\" class='wp-image-8119 avia-img-lazy-loading-not-8119 avia_image ' src=\"https:\/\/www.swissvoicetour.ch\/wp-content\/uploads\/2022\/06\/Wiggispark6-773x1030.jpg\" alt='' title='Wiggispark6'  height=\"1030\" width=\"773\"  itemprop=\"thumbnailUrl\" srcset=\"https:\/\/www.swissvoicetour.ch\/wp-content\/uploads\/2022\/06\/Wiggispark6-773x1030.jpg 773w, https:\/\/www.swissvoicetour.ch\/wp-content\/uploads\/2022\/06\/Wiggispark6-225x300.jpg 225w, https:\/\/www.swissvoicetour.ch\/wp-content\/uploads\/2022\/06\/Wiggispark6-768x1024.jpg 768w, https:\/\/www.swissvoicetour.ch\/wp-content\/uploads\/2022\/06\/Wiggispark6-1152x1536.jpg 1152w, https:\/\/www.swissvoicetour.ch\/wp-content\/uploads\/2022\/06\/Wiggispark6-1125x1500.jpg 1125w, https:\/\/www.swissvoicetour.ch\/wp-content\/uploads\/2022\/06\/Wiggispark6-529x705.jpg 529w, https:\/\/www.swissvoicetour.ch\/wp-content\/uploads\/2022\/06\/Wiggispark6.jpg 1536w\" sizes=\"(max-width: 773px) 100vw, 773px\" \/><\/div><\/div><\/div><br \/>\n\n<style type=\"text\/css\" data-created_by=\"avia_inline_auto\" id=\"style-css-av-l4566rtd-715a61c8ac2db85fc7b2cd2b6456c7d3\">\n#top .av-special-heading.av-l4566rtd-715a61c8ac2db85fc7b2cd2b6456c7d3{\npadding-bottom:10px;\n}\nbody .av-special-heading.av-l4566rtd-715a61c8ac2db85fc7b2cd2b6456c7d3 .av-special-heading-tag .heading-char{\nfont-size:25px;\n}\n.av-special-heading.av-l4566rtd-715a61c8ac2db85fc7b2cd2b6456c7d3 .av-subheading{\nfont-size:15px;\n}\n<\/style>\n<div  class='av-special-heading av-l4566rtd-715a61c8ac2db85fc7b2cd2b6456c7d3 av-special-heading-h2  avia-builder-el-5  el_after_av_image  el_before_av_hr '><h2 class='av-special-heading-tag '  itemprop=\"headline\"  >MALOU E DARIA SONO LE VINCITRICI DELLA TAPPA AL WIGGISPAK!<\/h2><div class=\"special-heading-border\"><div class=\"special-heading-inner-border\"><\/div><\/div><\/div><br \/>\n\n<style type=\"text\/css\" data-created_by=\"avia_inline_auto\" id=\"style-css-av-av_hr-e91f8fbe81134c228cc94df0c2ea3da0\">\n#top .hr.hr-invisible.av-av_hr-e91f8fbe81134c228cc94df0c2ea3da0{\nheight:30px;\n}\n<\/style>\n<div  class='hr av-av_hr-e91f8fbe81134c228cc94df0c2ea3da0 hr-invisible  avia-builder-el-6  el_after_av_heading  el_before_av_textblock '><span class='hr-inner '><span class=\"hr-inner-style\"><\/span><\/span><\/div><br \/>\n<section  class='av_textblock_section av-l45675at-60176ff120fe1305a15ae67c08be04c6 '   itemscope=\"itemscope\" itemtype=\"https:\/\/schema.org\/BlogPosting\" itemprop=\"blogPost\" ><div class='avia_textblock'  itemprop=\"text\" ><p>Malou, 10 anni, ha vinto la finale della tappa Wiggispak a Nestal che si \u00e8 svolta sabato 21 maggio 2022. Conquistando la giuria, si \u00e8 guadagnata il suo posto alla semifinale dello Swiss Voice Tour che si terr\u00e0 sabato 27 agosto 2022 al L\u00e9man Centre a Crissier.<\/p>\n<p>Nella categoria Adulti \u00e8 stata Daria a convincere la giuria presente al Wiggispak e ad aggiudicarsi un posto in semifinale.<\/p>\n<p>Bravissime, Malou e Daria!<\/p>\n<p>Sar\u00e0 un piacere rivederle entrambe sul palco dello Swiss Voice Tour il 27 agosto 2022.<\/p>\n<\/div><\/section><br \/>\n\n<style type=\"text\/css\" data-created_by=\"avia_inline_auto\" id=\"style-css-av-av_hr-50edc9949d927eab467680f201044eec\">\n#top .hr.hr-invisible.av-av_hr-50edc9949d927eab467680f201044eec{\nheight:25px;\n}\n<\/style>\n<div  class='hr av-av_hr-50edc9949d927eab467680f201044eec hr-invisible  avia-builder-el-8  el_after_av_textblock  el_before_av_button '><span class='hr-inner '><span class=\"hr-inner-style\"><\/span><\/span><\/div><br \/>\n<div  class='avia-button-wrap av-l45684ex-b8f9d43edd3d405682a9d73497387aca-wrap avia-button-center  avia-builder-el-9  el_after_av_hr  avia-builder-el-last '><a href='https:\/\/www.swissvoicetour.ch\/it\/stagione-7\/'  class='avia-button av-l45684ex-b8f9d43edd3d405682a9d73497387aca av-link-btn avia-icon_select-no avia-size-small avia-position-center avia-color-theme-color'  target=\"_blank\"  rel=\"noopener noreferrer\"  aria-label=\"Trova tutti i video delle colate al Wiggispark\"><span class='avia_iconbox_title' >Trova tutti i video delle colate al Wiggispark<\/span><\/a><\/div><\/p><\/div>\n<style type=\"text\/css\" data-created_by=\"avia_inline_auto\" id=\"style-css-av-av_one_fifth-49f6e875884219cf77c24341e550af53\">\n.flex_column.av-av_one_fifth-49f6e875884219cf77c24341e550af53{\nborder-radius:0px 0px 0px 0px;\npadding:0px 0px 0px 0px;\n}\n<\/style>\n<div  class='flex_column av-av_one_fifth-49f6e875884219cf77c24341e550af53 av_one_fifth  avia-builder-el-10  el_after_av_three_fifth  avia-builder-el-last  flex_column_div av-zero-column-padding  column-top-margin'     ><div  class='av-social-sharing-box av-av_social_share-58307ab528cf91853f63f63cdafbad3b av-social-sharing-box-default  avia-builder-el-11  avia-builder-el-no-sibling  av-social-sharing-box-fullwidth'><div class=\"av-share-box\"><h5 class='av-share-link-description av-no-toc '>Condividi questo articolo<\/h5><ul class=\"av-share-box-list noLightbox\"><li class='av-share-link av-social-link-facebook avia_social_iconfont' ><a target=\"_blank\" aria-label=\"Condividi su Facebook\" href='https:\/\/www.facebook.com\/sharer.php?u=https:\/\/www.swissvoicetour.ch\/it\/2022\/05\/25\/malou-e-daria-sono-le-vincitrici-della-tappa-al-wiggispak\/&#038;t=MALOU%20E%20DARIA%20SONO%20LE%20VINCITRICI%20DELLA%20TAPPA%20AL%20WIGGISPAK%21' data-av_icon='\ue8f3' data-av_iconfont='entypo-fontello'  title='' data-avia-related-tooltip='Condividi su Facebook'><span class='avia_hidden_link_text'>Condividi su Facebook<\/span><\/a><\/li><li class='av-share-link av-social-link-twitter avia_social_iconfont' ><a target=\"_blank\" aria-label=\"Condividi su X\" href='https:\/\/twitter.com\/share?text=MALOU%20E%20DARIA%20SONO%20LE%20VINCITRICI%20DELLA%20TAPPA%20AL%20WIGGISPAK%21&#038;url=https:\/\/www.swissvoicetour.ch\/it\/?p=8125' data-av_icon='\ue932' data-av_iconfont='entypo-fontello'  title='' data-avia-related-tooltip='Condividi su X'><span class='avia_hidden_link_text'>Condividi su X<\/span><\/a><\/li><li class='av-share-link av-social-link-whatsapp avia_social_iconfont' ><a target=\"_blank\" aria-label=\"Condividi su WhatsApp\" href='https:\/\/api.whatsapp.com\/send?text=https:\/\/www.swissvoicetour.ch\/it\/2022\/05\/25\/malou-e-daria-sono-le-vincitrici-della-tappa-al-wiggispak\/' data-av_icon='\uf232' data-av_iconfont='entypo-fontello'  title='' data-avia-related-tooltip='Condividi su WhatsApp'><span class='avia_hidden_link_text'>Condividi su WhatsApp<\/span><\/a><\/li><li class='av-share-link av-social-link-linkedin avia_social_iconfont' ><a target=\"_blank\" aria-label=\"Condividi su LinkedIn\" href='https:\/\/linkedin.com\/shareArticle?mini=true&#038;title=MALOU%20E%20DARIA%20SONO%20LE%20VINCITRICI%20DELLA%20TAPPA%20AL%20WIGGISPAK%21&#038;url=https:\/\/www.swissvoicetour.ch\/it\/2022\/05\/25\/malou-e-daria-sono-le-vincitrici-della-tappa-al-wiggispak\/' data-av_icon='\ue8fc' data-av_iconfont='entypo-fontello'  title='' data-avia-related-tooltip='Condividi su LinkedIn'><span class='avia_hidden_link_text'>Condividi su LinkedIn<\/span><\/a><\/li><li class='av-share-link av-social-link-mail avia_social_iconfont' ><a  aria-label=\"Condividi attraverso Mail\" href='mailto:?subject=MALOU%20E%20DARIA%20SONO%20LE%20VINCITRICI%20DELLA%20TAPPA%20AL%20WIGGISPAK%21&#038;body=https:\/\/www.swissvoicetour.ch\/it\/2022\/05\/25\/malou-e-daria-sono-le-vincitrici-della-tappa-al-wiggispak\/' data-av_icon='\ue805' data-av_iconfont='entypo-fontello'  title='' data-avia-related-tooltip='Condividi attraverso Mail'><span class='avia_hidden_link_text'>Condividi attraverso Mail<\/span><\/a><\/li><\/ul><\/div><\/div><\/div><\/p>\n","protected":false},"excerpt":{"rendered":"<p>Malou, 10 anni, ha vinto la finale della tappa Wiggispak a Nestal che si \u00e8 svolta sabato 21 maggio 2022. Conquistando la giuria, si \u00e8 guadagnata il suo posto alla semifinale dello Swiss Voice Tour che si terr\u00e0 sabato 27 agosto 2022 al L\u00e9man Centre a Crissier.<\/p>\n","protected":false},"author":4,"featured_media":8119,"comment_status":"closed","ping_status":"closed","sticky":false,"template":"","format":"standard","meta":{"_acf_changed":false,"footnotes":""},"categories":[19],"tags":[],"class_list":["post-8125","post","type-post","status-publish","format-standard","has-post-thumbnail","hentry","category-non-categorizzato"],"acf":[],"yoast_head":"<!-- This site is optimized with the Yoast SEO plugin v27.5 - https:\/\/yoast.com\/product\/yoast-seo-wordpress\/ -->\n<title>MALOU E DARIA SONO LE VINCITRICI DELLA TAPPA AL WIGGISPAK! - Swiss Voice Tour<\/title>\n<meta name=\"description\" content=\"Malou, 10 anni, ha vinto la finale della tappa Wiggispak a Nestal che si \u00e8 svolta sabato 21 maggio 2022. Conquistando la giuria, si \u00e8 guadagnata il suo posto alla semifinale dello Swiss Voice Tour che si terr\u00e0 sabato 27 agosto 2022 al L\u00e9man Centre a Crissier.Nella categoria Adulti \u00e8 stata Daria a convincere la giuria presente al Wiggispak e ad aggiudicarsi un posto in semifinale.Bravissime, Malou e Daria!Sar\u00e0 un piacere rivederle entrambe sul palco dello Swiss Voice Tour il 27 agosto 2022.\" \/>\n<meta name=\"robots\" content=\"index, follow, max-snippet:-1, max-image-preview:large, max-video-preview:-1\" \/>\n<link rel=\"canonical\" href=\"https:\/\/www.swissvoicetour.ch\/2022\/05\/25\/malou-et-daria-sont-les-gagnantes-de-letape-du-wiggispak\/\" \/>\n<meta property=\"og:locale\" content=\"it_IT\" \/>\n<meta property=\"og:type\" content=\"article\" \/>\n<meta property=\"og:title\" content=\"MALOU E DARIA SONO LE VINCITRICI DELLA TAPPA AL WIGGISPAK! - Swiss Voice Tour\" \/>\n<meta property=\"og:description\" content=\"Malou, 10 anni, ha vinto la finale della tappa Wiggispak a Nestal che si \u00e8 svolta sabato 21 maggio 2022. Conquistando la giuria, si \u00e8 guadagnata il suo posto alla semifinale dello Swiss Voice Tour che si terr\u00e0 sabato 27 agosto 2022 al L\u00e9man Centre a Crissier.Nella categoria Adulti \u00e8 stata Daria a convincere la giuria presente al Wiggispak e ad aggiudicarsi un posto in semifinale.Bravissime, Malou e Daria!Sar\u00e0 un piacere rivederle entrambe sul palco dello Swiss Voice Tour il 27 agosto 2022.\" \/>\n<meta property=\"og:url\" content=\"https:\/\/www.swissvoicetour.ch\/2022\/05\/25\/malou-et-daria-sont-les-gagnantes-de-letape-du-wiggispak\/\" \/>\n<meta property=\"og:site_name\" content=\"Swiss Voice Tour\" \/>\n<meta property=\"article:publisher\" content=\"https:\/\/www.facebook.com\/swissvoicetour\/\" \/>\n<meta property=\"article:published_time\" content=\"2022-05-25T05:49:47+00:00\" \/>\n<meta property=\"article:modified_time\" content=\"2022-06-08T05:50:03+00:00\" \/>\n<meta property=\"og:image\" content=\"https:\/\/www.swissvoicetour.ch\/wp-content\/uploads\/2022\/06\/Wiggispark6.jpg\" \/>\n\t<meta property=\"og:image:width\" content=\"1536\" \/>\n\t<meta property=\"og:image:height\" content=\"2048\" \/>\n\t<meta property=\"og:image:type\" content=\"image\/jpeg\" \/>\n<meta name=\"author\" content=\"Swissvoicetour\" \/>\n<meta name=\"twitter:card\" content=\"summary_large_image\" \/>\n<meta name=\"twitter:label1\" content=\"Scritto da\" \/>\n\t<meta name=\"twitter:data1\" content=\"Swissvoicetour\" \/>\n\t<meta name=\"twitter:label2\" content=\"Tempo di lettura stimato\" \/>\n\t<meta name=\"twitter:data2\" content=\"7 minuti\" \/>\n<script type=\"application\/ld+json\" class=\"yoast-schema-graph\">{\"@context\":\"https:\\\/\\\/schema.org\",\"@graph\":[{\"@type\":\"Article\",\"@id\":\"https:\\\/\\\/www.swissvoicetour.ch\\\/2022\\\/05\\\/25\\\/malou-et-daria-sont-les-gagnantes-de-letape-du-wiggispak\\\/#article\",\"isPartOf\":{\"@id\":\"https:\\\/\\\/www.swissvoicetour.ch\\\/2022\\\/05\\\/25\\\/malou-et-daria-sont-les-gagnantes-de-letape-du-wiggispak\\\/\"},\"author\":{\"name\":\"Swissvoicetour\",\"@id\":\"https:\\\/\\\/www.swissvoicetour.ch\\\/#\\\/schema\\\/person\\\/de38c536756e0b173c1a0c6b24b81323\"},\"headline\":\"MALOU E DARIA SONO LE VINCITRICI DELLA TAPPA AL WIGGISPAK!\",\"datePublished\":\"2022-05-25T05:49:47+00:00\",\"dateModified\":\"2022-06-08T05:50:03+00:00\",\"mainEntityOfPage\":{\"@id\":\"https:\\\/\\\/www.swissvoicetour.ch\\\/2022\\\/05\\\/25\\\/malou-et-daria-sont-les-gagnantes-de-letape-du-wiggispak\\\/\"},\"wordCount\":1001,\"publisher\":{\"@id\":\"https:\\\/\\\/www.swissvoicetour.ch\\\/#organization\"},\"image\":{\"@id\":\"https:\\\/\\\/www.swissvoicetour.ch\\\/2022\\\/05\\\/25\\\/malou-et-daria-sont-les-gagnantes-de-letape-du-wiggispak\\\/#primaryimage\"},\"thumbnailUrl\":\"https:\\\/\\\/www.swissvoicetour.ch\\\/wp-content\\\/uploads\\\/2022\\\/06\\\/Wiggispark6.jpg\",\"articleSection\":[\"Non categorizzato\"],\"inLanguage\":\"it-IT\"},{\"@type\":\"WebPage\",\"@id\":\"https:\\\/\\\/www.swissvoicetour.ch\\\/2022\\\/05\\\/25\\\/malou-et-daria-sont-les-gagnantes-de-letape-du-wiggispak\\\/\",\"url\":\"https:\\\/\\\/www.swissvoicetour.ch\\\/2022\\\/05\\\/25\\\/malou-et-daria-sont-les-gagnantes-de-letape-du-wiggispak\\\/\",\"name\":\"MALOU E DARIA SONO LE VINCITRICI DELLA TAPPA AL WIGGISPAK! - Swiss Voice Tour\",\"isPartOf\":{\"@id\":\"https:\\\/\\\/www.swissvoicetour.ch\\\/#website\"},\"primaryImageOfPage\":{\"@id\":\"https:\\\/\\\/www.swissvoicetour.ch\\\/2022\\\/05\\\/25\\\/malou-et-daria-sont-les-gagnantes-de-letape-du-wiggispak\\\/#primaryimage\"},\"image\":{\"@id\":\"https:\\\/\\\/www.swissvoicetour.ch\\\/2022\\\/05\\\/25\\\/malou-et-daria-sont-les-gagnantes-de-letape-du-wiggispak\\\/#primaryimage\"},\"thumbnailUrl\":\"https:\\\/\\\/www.swissvoicetour.ch\\\/wp-content\\\/uploads\\\/2022\\\/06\\\/Wiggispark6.jpg\",\"datePublished\":\"2022-05-25T05:49:47+00:00\",\"dateModified\":\"2022-06-08T05:50:03+00:00\",\"description\":\"Malou, 10 anni, ha vinto la finale della tappa Wiggispak a Nestal che si \u00e8 svolta sabato 21 maggio 2022. Conquistando la giuria, si \u00e8 guadagnata il suo posto alla semifinale dello Swiss Voice Tour che si terr\u00e0 sabato 27 agosto 2022 al L\u00e9man Centre a Crissier.Nella categoria Adulti \u00e8 stata Daria a convincere la giuria presente al Wiggispak e ad aggiudicarsi un posto in semifinale.Bravissime, Malou e Daria!Sar\u00e0 un piacere rivederle entrambe sul palco dello Swiss Voice Tour il 27 agosto 2022.\",\"breadcrumb\":{\"@id\":\"https:\\\/\\\/www.swissvoicetour.ch\\\/2022\\\/05\\\/25\\\/malou-et-daria-sont-les-gagnantes-de-letape-du-wiggispak\\\/#breadcrumb\"},\"inLanguage\":\"it-IT\",\"potentialAction\":[{\"@type\":\"ReadAction\",\"target\":[\"https:\\\/\\\/www.swissvoicetour.ch\\\/2022\\\/05\\\/25\\\/malou-et-daria-sont-les-gagnantes-de-letape-du-wiggispak\\\/\"]}]},{\"@type\":\"ImageObject\",\"inLanguage\":\"it-IT\",\"@id\":\"https:\\\/\\\/www.swissvoicetour.ch\\\/2022\\\/05\\\/25\\\/malou-et-daria-sont-les-gagnantes-de-letape-du-wiggispak\\\/#primaryimage\",\"url\":\"https:\\\/\\\/www.swissvoicetour.ch\\\/wp-content\\\/uploads\\\/2022\\\/06\\\/Wiggispark6.jpg\",\"contentUrl\":\"https:\\\/\\\/www.swissvoicetour.ch\\\/wp-content\\\/uploads\\\/2022\\\/06\\\/Wiggispark6.jpg\",\"width\":1536,\"height\":2048},{\"@type\":\"BreadcrumbList\",\"@id\":\"https:\\\/\\\/www.swissvoicetour.ch\\\/2022\\\/05\\\/25\\\/malou-et-daria-sont-les-gagnantes-de-letape-du-wiggispak\\\/#breadcrumb\",\"itemListElement\":[{\"@type\":\"ListItem\",\"position\":1,\"name\":\"Accueil\",\"item\":\"https:\\\/\\\/www.swissvoicetour.ch\\\/it\\\/\"},{\"@type\":\"ListItem\",\"position\":2,\"name\":\"MALOU E DARIA SONO LE VINCITRICI DELLA TAPPA AL WIGGISPAK!\"}]},{\"@type\":\"WebSite\",\"@id\":\"https:\\\/\\\/www.swissvoicetour.ch\\\/#website\",\"url\":\"https:\\\/\\\/www.swissvoicetour.ch\\\/\",\"name\":\"Swiss Voice Tour\",\"description\":\"Benvenuti nella pagina ufficiale dello Swiss Voice Tour\",\"publisher\":{\"@id\":\"https:\\\/\\\/www.swissvoicetour.ch\\\/#organization\"},\"potentialAction\":[{\"@type\":\"SearchAction\",\"target\":{\"@type\":\"EntryPoint\",\"urlTemplate\":\"https:\\\/\\\/www.swissvoicetour.ch\\\/?s={search_term_string}\"},\"query-input\":{\"@type\":\"PropertyValueSpecification\",\"valueRequired\":true,\"valueName\":\"search_term_string\"}}],\"inLanguage\":\"it-IT\"},{\"@type\":\"Organization\",\"@id\":\"https:\\\/\\\/www.swissvoicetour.ch\\\/#organization\",\"name\":\"Swiss Voice Tour\",\"url\":\"https:\\\/\\\/www.swissvoicetour.ch\\\/\",\"logo\":{\"@type\":\"ImageObject\",\"inLanguage\":\"it-IT\",\"@id\":\"https:\\\/\\\/www.swissvoicetour.ch\\\/#\\\/schema\\\/logo\\\/image\\\/\",\"url\":\"https:\\\/\\\/www.swissvoicetour.ch\\\/wp-content\\\/uploads\\\/2024\\\/11\\\/LOGO_SVT_2025_RVB-1030x1030.png\",\"contentUrl\":\"https:\\\/\\\/www.swissvoicetour.ch\\\/wp-content\\\/uploads\\\/2024\\\/11\\\/LOGO_SVT_2025_RVB-1030x1030.png\",\"width\":1030,\"height\":1030,\"caption\":\"Swiss Voice Tour\"},\"image\":{\"@id\":\"https:\\\/\\\/www.swissvoicetour.ch\\\/#\\\/schema\\\/logo\\\/image\\\/\"},\"sameAs\":[\"https:\\\/\\\/www.facebook.com\\\/swissvoicetour\\\/\",\"https:\\\/\\\/www.instagram.com\\\/swissvoicetour\\\/\"]},{\"@type\":\"Person\",\"@id\":\"https:\\\/\\\/www.swissvoicetour.ch\\\/#\\\/schema\\\/person\\\/de38c536756e0b173c1a0c6b24b81323\",\"name\":\"Swissvoicetour\",\"image\":{\"@type\":\"ImageObject\",\"inLanguage\":\"it-IT\",\"@id\":\"https:\\\/\\\/secure.gravatar.com\\\/avatar\\\/b80f148837990d85089c37188c2849d7e9c06f46aa6a7fd3926e733059ecb726?s=96&d=mm&r=g\",\"url\":\"https:\\\/\\\/secure.gravatar.com\\\/avatar\\\/b80f148837990d85089c37188c2849d7e9c06f46aa6a7fd3926e733059ecb726?s=96&d=mm&r=g\",\"contentUrl\":\"https:\\\/\\\/secure.gravatar.com\\\/avatar\\\/b80f148837990d85089c37188c2849d7e9c06f46aa6a7fd3926e733059ecb726?s=96&d=mm&r=g\",\"caption\":\"Swissvoicetour\"},\"url\":\"https:\\\/\\\/www.swissvoicetour.ch\\\/it\\\/author\\\/swissvoicetour\\\/\"}]}<\/script>\n<!-- \/ Yoast SEO plugin. -->","yoast_head_json":{"title":"MALOU E DARIA SONO LE VINCITRICI DELLA TAPPA AL WIGGISPAK! - Swiss Voice Tour","description":"Malou, 10 anni, ha vinto la finale della tappa Wiggispak a Nestal che si \u00e8 svolta sabato 21 maggio 2022. Conquistando la giuria, si \u00e8 guadagnata il suo posto alla semifinale dello Swiss Voice Tour che si terr\u00e0 sabato 27 agosto 2022 al L\u00e9man Centre a Crissier.Nella categoria Adulti \u00e8 stata Daria a convincere la giuria presente al Wiggispak e ad aggiudicarsi un posto in semifinale.Bravissime, Malou e Daria!Sar\u00e0 un piacere rivederle entrambe sul palco dello Swiss Voice Tour il 27 agosto 2022.","robots":{"index":"index","follow":"follow","max-snippet":"max-snippet:-1","max-image-preview":"max-image-preview:large","max-video-preview":"max-video-preview:-1"},"canonical":"https:\/\/www.swissvoicetour.ch\/2022\/05\/25\/malou-et-daria-sont-les-gagnantes-de-letape-du-wiggispak\/","og_locale":"it_IT","og_type":"article","og_title":"MALOU E DARIA SONO LE VINCITRICI DELLA TAPPA AL WIGGISPAK! - Swiss Voice Tour","og_description":"Malou, 10 anni, ha vinto la finale della tappa Wiggispak a Nestal che si \u00e8 svolta sabato 21 maggio 2022. Conquistando la giuria, si \u00e8 guadagnata il suo posto alla semifinale dello Swiss Voice Tour che si terr\u00e0 sabato 27 agosto 2022 al L\u00e9man Centre a Crissier.Nella categoria Adulti \u00e8 stata Daria a convincere la giuria presente al Wiggispak e ad aggiudicarsi un posto in semifinale.Bravissime, Malou e Daria!Sar\u00e0 un piacere rivederle entrambe sul palco dello Swiss Voice Tour il 27 agosto 2022.","og_url":"https:\/\/www.swissvoicetour.ch\/2022\/05\/25\/malou-et-daria-sont-les-gagnantes-de-letape-du-wiggispak\/","og_site_name":"Swiss Voice Tour","article_publisher":"https:\/\/www.facebook.com\/swissvoicetour\/","article_published_time":"2022-05-25T05:49:47+00:00","article_modified_time":"2022-06-08T05:50:03+00:00","og_image":[{"width":1536,"height":2048,"url":"https:\/\/www.swissvoicetour.ch\/wp-content\/uploads\/2022\/06\/Wiggispark6.jpg","type":"image\/jpeg"}],"author":"Swissvoicetour","twitter_card":"summary_large_image","twitter_misc":{"Scritto da":"Swissvoicetour","Tempo di lettura stimato":"7 minuti"},"schema":{"@context":"https:\/\/schema.org","@graph":[{"@type":"Article","@id":"https:\/\/www.swissvoicetour.ch\/2022\/05\/25\/malou-et-daria-sont-les-gagnantes-de-letape-du-wiggispak\/#article","isPartOf":{"@id":"https:\/\/www.swissvoicetour.ch\/2022\/05\/25\/malou-et-daria-sont-les-gagnantes-de-letape-du-wiggispak\/"},"author":{"name":"Swissvoicetour","@id":"https:\/\/www.swissvoicetour.ch\/#\/schema\/person\/de38c536756e0b173c1a0c6b24b81323"},"headline":"MALOU E DARIA SONO LE VINCITRICI DELLA TAPPA AL WIGGISPAK!","datePublished":"2022-05-25T05:49:47+00:00","dateModified":"2022-06-08T05:50:03+00:00","mainEntityOfPage":{"@id":"https:\/\/www.swissvoicetour.ch\/2022\/05\/25\/malou-et-daria-sont-les-gagnantes-de-letape-du-wiggispak\/"},"wordCount":1001,"publisher":{"@id":"https:\/\/www.swissvoicetour.ch\/#organization"},"image":{"@id":"https:\/\/www.swissvoicetour.ch\/2022\/05\/25\/malou-et-daria-sont-les-gagnantes-de-letape-du-wiggispak\/#primaryimage"},"thumbnailUrl":"https:\/\/www.swissvoicetour.ch\/wp-content\/uploads\/2022\/06\/Wiggispark6.jpg","articleSection":["Non categorizzato"],"inLanguage":"it-IT"},{"@type":"WebPage","@id":"https:\/\/www.swissvoicetour.ch\/2022\/05\/25\/malou-et-daria-sont-les-gagnantes-de-letape-du-wiggispak\/","url":"https:\/\/www.swissvoicetour.ch\/2022\/05\/25\/malou-et-daria-sont-les-gagnantes-de-letape-du-wiggispak\/","name":"MALOU E DARIA SONO LE VINCITRICI DELLA TAPPA AL WIGGISPAK! - Swiss Voice Tour","isPartOf":{"@id":"https:\/\/www.swissvoicetour.ch\/#website"},"primaryImageOfPage":{"@id":"https:\/\/www.swissvoicetour.ch\/2022\/05\/25\/malou-et-daria-sont-les-gagnantes-de-letape-du-wiggispak\/#primaryimage"},"image":{"@id":"https:\/\/www.swissvoicetour.ch\/2022\/05\/25\/malou-et-daria-sont-les-gagnantes-de-letape-du-wiggispak\/#primaryimage"},"thumbnailUrl":"https:\/\/www.swissvoicetour.ch\/wp-content\/uploads\/2022\/06\/Wiggispark6.jpg","datePublished":"2022-05-25T05:49:47+00:00","dateModified":"2022-06-08T05:50:03+00:00","description":"Malou, 10 anni, ha vinto la finale della tappa Wiggispak a Nestal che si \u00e8 svolta sabato 21 maggio 2022. Conquistando la giuria, si \u00e8 guadagnata il suo posto alla semifinale dello Swiss Voice Tour che si terr\u00e0 sabato 27 agosto 2022 al L\u00e9man Centre a Crissier.Nella categoria Adulti \u00e8 stata Daria a convincere la giuria presente al Wiggispak e ad aggiudicarsi un posto in semifinale.Bravissime, Malou e Daria!Sar\u00e0 un piacere rivederle entrambe sul palco dello Swiss Voice Tour il 27 agosto 2022.","breadcrumb":{"@id":"https:\/\/www.swissvoicetour.ch\/2022\/05\/25\/malou-et-daria-sont-les-gagnantes-de-letape-du-wiggispak\/#breadcrumb"},"inLanguage":"it-IT","potentialAction":[{"@type":"ReadAction","target":["https:\/\/www.swissvoicetour.ch\/2022\/05\/25\/malou-et-daria-sont-les-gagnantes-de-letape-du-wiggispak\/"]}]},{"@type":"ImageObject","inLanguage":"it-IT","@id":"https:\/\/www.swissvoicetour.ch\/2022\/05\/25\/malou-et-daria-sont-les-gagnantes-de-letape-du-wiggispak\/#primaryimage","url":"https:\/\/www.swissvoicetour.ch\/wp-content\/uploads\/2022\/06\/Wiggispark6.jpg","contentUrl":"https:\/\/www.swissvoicetour.ch\/wp-content\/uploads\/2022\/06\/Wiggispark6.jpg","width":1536,"height":2048},{"@type":"BreadcrumbList","@id":"https:\/\/www.swissvoicetour.ch\/2022\/05\/25\/malou-et-daria-sont-les-gagnantes-de-letape-du-wiggispak\/#breadcrumb","itemListElement":[{"@type":"ListItem","position":1,"name":"Accueil","item":"https:\/\/www.swissvoicetour.ch\/it\/"},{"@type":"ListItem","position":2,"name":"MALOU E DARIA SONO LE VINCITRICI DELLA TAPPA AL WIGGISPAK!"}]},{"@type":"WebSite","@id":"https:\/\/www.swissvoicetour.ch\/#website","url":"https:\/\/www.swissvoicetour.ch\/","name":"Swiss Voice Tour","description":"Benvenuti nella pagina ufficiale dello Swiss Voice Tour","publisher":{"@id":"https:\/\/www.swissvoicetour.ch\/#organization"},"potentialAction":[{"@type":"SearchAction","target":{"@type":"EntryPoint","urlTemplate":"https:\/\/www.swissvoicetour.ch\/?s={search_term_string}"},"query-input":{"@type":"PropertyValueSpecification","valueRequired":true,"valueName":"search_term_string"}}],"inLanguage":"it-IT"},{"@type":"Organization","@id":"https:\/\/www.swissvoicetour.ch\/#organization","name":"Swiss Voice Tour","url":"https:\/\/www.swissvoicetour.ch\/","logo":{"@type":"ImageObject","inLanguage":"it-IT","@id":"https:\/\/www.swissvoicetour.ch\/#\/schema\/logo\/image\/","url":"https:\/\/www.swissvoicetour.ch\/wp-content\/uploads\/2024\/11\/LOGO_SVT_2025_RVB-1030x1030.png","contentUrl":"https:\/\/www.swissvoicetour.ch\/wp-content\/uploads\/2024\/11\/LOGO_SVT_2025_RVB-1030x1030.png","width":1030,"height":1030,"caption":"Swiss Voice Tour"},"image":{"@id":"https:\/\/www.swissvoicetour.ch\/#\/schema\/logo\/image\/"},"sameAs":["https:\/\/www.facebook.com\/swissvoicetour\/","https:\/\/www.instagram.com\/swissvoicetour\/"]},{"@type":"Person","@id":"https:\/\/www.swissvoicetour.ch\/#\/schema\/person\/de38c536756e0b173c1a0c6b24b81323","name":"Swissvoicetour","image":{"@type":"ImageObject","inLanguage":"it-IT","@id":"https:\/\/secure.gravatar.com\/avatar\/b80f148837990d85089c37188c2849d7e9c06f46aa6a7fd3926e733059ecb726?s=96&d=mm&r=g","url":"https:\/\/secure.gravatar.com\/avatar\/b80f148837990d85089c37188c2849d7e9c06f46aa6a7fd3926e733059ecb726?s=96&d=mm&r=g","contentUrl":"https:\/\/secure.gravatar.com\/avatar\/b80f148837990d85089c37188c2849d7e9c06f46aa6a7fd3926e733059ecb726?s=96&d=mm&r=g","caption":"Swissvoicetour"},"url":"https:\/\/www.swissvoicetour.ch\/it\/author\/swissvoicetour\/"}]}},"_links":{"self":[{"href":"https:\/\/www.swissvoicetour.ch\/it\/wp-json\/wp\/v2\/posts\/8125","targetHints":{"allow":["GET"]}}],"collection":[{"href":"https:\/\/www.swissvoicetour.ch\/it\/wp-json\/wp\/v2\/posts"}],"about":[{"href":"https:\/\/www.swissvoicetour.ch\/it\/wp-json\/wp\/v2\/types\/post"}],"author":[{"embeddable":true,"href":"https:\/\/www.swissvoicetour.ch\/it\/wp-json\/wp\/v2\/users\/4"}],"replies":[{"embeddable":true,"href":"https:\/\/www.swissvoicetour.ch\/it\/wp-json\/wp\/v2\/comments?post=8125"}],"version-history":[{"count":2,"href":"https:\/\/www.swissvoicetour.ch\/it\/wp-json\/wp\/v2\/posts\/8125\/revisions"}],"predecessor-version":[{"id":8127,"href":"https:\/\/www.swissvoicetour.ch\/it\/wp-json\/wp\/v2\/posts\/8125\/revisions\/8127"}],"wp:featuredmedia":[{"embeddable":true,"href":"https:\/\/www.swissvoicetour.ch\/it\/wp-json\/wp\/v2\/media\/8119"}],"wp:attachment":[{"href":"https:\/\/www.swissvoicetour.ch\/it\/wp-json\/wp\/v2\/media?parent=8125"}],"wp:term":[{"taxonomy":"category","embeddable":true,"href":"https:\/\/www.swissvoicetour.ch\/it\/wp-json\/wp\/v2\/categories?post=8125"},{"taxonomy":"post_tag","embeddable":true,"href":"https:\/\/www.swissvoicetour.ch\/it\/wp-json\/wp\/v2\/tags?post=8125"}],"curies":[{"name":"wp","href":"https:\/\/api.w.org\/{rel}","templated":true}]}}