{"id":10790,"date":"2023-11-09T10:20:02","date_gmt":"2023-11-09T09:20:02","guid":{"rendered":"https:\/\/www.swissvoicetour.ch\/?p=10790"},"modified":"2024-10-23T13:08:54","modified_gmt":"2024-10-23T11:08:54","slug":"gims-wejdene-nuit-incolore-e-nove-finalisti-in-scena","status":"publish","type":"post","link":"https:\/\/www.swissvoicetour.ch\/it\/2023\/11\/09\/gims-wejdene-nuit-incolore-e-nove-finalisti-in-scena\/","title":{"rendered":"Gims, Wejdene, Nuit Incolore e nove finalisti a Losanna"},"content":{"rendered":"\n<style type=\"text\/css\" data-created_by=\"avia_inline_auto\" id=\"style-css-av-av_section-fdff14bad3ecc7f58dfb31b9b8423929\">\n.avia-section.av-av_section-fdff14bad3ecc7f58dfb31b9b8423929{\nbackground-color:#cca047;\nbackground-image:unset;\n}\n.avia-section.av-av_section-fdff14bad3ecc7f58dfb31b9b8423929 .av-extra-border-element .av-extra-border-inner{\nbackground-color:#ffffff;\n}\n<\/style>\n<div id='av_section_1'  class='avia-section av-av_section-fdff14bad3ecc7f58dfb31b9b8423929 main_color avia-section-default avia-no-border-styling  avia-builder-el-0  el_before_av_one_fifth  avia-builder-el-first  avia-bg-style-scroll av-minimum-height av-minimum-height-custom av-height-custom  container_wrap fullsize'   data-av_minimum_height_px='200'><div class='container av-section-cont-open' style='height:200px'><main  role=\"main\" itemprop=\"mainContentOfPage\"  class='template-page content  av-content-full alpha units'><div class='post-entry post-entry-type-page post-entry-10790'><div class='entry-content-wrapper clearfix'>\n\n<style type=\"text\/css\" data-created_by=\"avia_inline_auto\" id=\"style-css-av-av_heading-9ce79dd9a7d766d4a56448e9b8709700\">\n#top .av-special-heading.av-av_heading-9ce79dd9a7d766d4a56448e9b8709700{\npadding-bottom:10px;\ncolor:#ffffff;\n}\nbody .av-special-heading.av-av_heading-9ce79dd9a7d766d4a56448e9b8709700 .av-special-heading-tag .heading-char{\nfont-size:25px;\n}\n.av-special-heading.av-av_heading-9ce79dd9a7d766d4a56448e9b8709700 .special-heading-inner-border{\nborder-color:#ffffff;\n}\n.av-special-heading.av-av_heading-9ce79dd9a7d766d4a56448e9b8709700 .av-subheading{\nfont-size:15px;\n}\n<\/style>\n<div  class='av-special-heading av-av_heading-9ce79dd9a7d766d4a56448e9b8709700 av-special-heading-h1 custom-color-heading blockquote modern-quote  avia-builder-el-1  avia-builder-el-no-sibling '><h1 class='av-special-heading-tag '  itemprop=\"headline\"  >News<\/h1><div class=\"special-heading-border\"><div class=\"special-heading-inner-border\"><\/div><\/div><\/div>\n<\/div><\/div><\/main><!-- close content main element --><\/div><div class='av-extra-border-element border-extra-diagonal border-extra-diagonal-inverse '><div class='av-extra-border-outer'><div class='av-extra-border-inner'><\/div><\/div><\/div><\/div><div id='after_section_1'  class='main_color av_default_container_wrap container_wrap fullsize'  ><div class='container av-section-cont-open' ><div class='template-page content  av-content-full alpha units'><div class='post-entry post-entry-type-page post-entry-10790'><div class='entry-content-wrapper clearfix'>\n\n<style type=\"text\/css\" data-created_by=\"avia_inline_auto\" id=\"style-css-av-aq2ynd-f715ac1ba4ec0935e10d74ef059516d9\">\n.flex_column.av-aq2ynd-f715ac1ba4ec0935e10d74ef059516d9{\nborder-radius:0px 0px 0px 0px;\npadding:0px 0px 0px 0px;\n}\n<\/style>\n<div  class='flex_column av-aq2ynd-f715ac1ba4ec0935e10d74ef059516d9 av_one_fifth  avia-builder-el-2  el_after_av_section  el_before_av_three_fifth  avia-builder-el-first  first flex_column_div av-zero-column-padding  '     ><div  class='avia-button-wrap av-8nhrzd-db449b9867a58f1f7f745be980432ad3-wrap avia-button-left  avia-builder-el-3  avia-builder-el-no-sibling '><a href='https:\/\/www.swissvoicetour.ch\/it\/news\/'  class='avia-button av-8nhrzd-db449b9867a58f1f7f745be980432ad3 av-link-btn avia-icon_select-yes-left-icon avia-size-small avia-position-left avia-color-theme-color'   aria-label=\"Vedi tutte le notizie\"><span class='avia_button_icon avia_button_icon_left avia-iconfont avia-font-entypo-fontello' data-av_icon='\ue830' data-av_iconfont='entypo-fontello' ><\/span><span class='avia_iconbox_title' >Vedi tutte le notizie<\/span><\/a><\/div><\/div>\n\n<style type=\"text\/css\" data-created_by=\"avia_inline_auto\" id=\"style-css-av-pd2d5-a116a4e2370e92a45843c3f8ef50ec62\">\n.flex_column.av-pd2d5-a116a4e2370e92a45843c3f8ef50ec62{\nborder-radius:0px 0px 0px 0px;\npadding:0px 0px 0px 0px;\n}\n<\/style>\n<div  class='flex_column av-pd2d5-a116a4e2370e92a45843c3f8ef50ec62 av_three_fifth  avia-builder-el-4  el_after_av_one_fifth  el_before_av_one_fifth  flex_column_div av-zero-column-padding  '     ><p>\n<style type=\"text\/css\" data-created_by=\"avia_inline_auto\" id=\"style-css-av-l7is95n9-436d712712b1ba50099a20d3614f928a\">\n.avia-image-container.av-l7is95n9-436d712712b1ba50099a20d3614f928a img.avia_image{\nbox-shadow:none;\n}\n.avia-image-container.av-l7is95n9-436d712712b1ba50099a20d3614f928a .av-image-caption-overlay-center{\ncolor:#ffffff;\n}\n<\/style>\n<div  class='avia-image-container av-l7is95n9-436d712712b1ba50099a20d3614f928a av-styling- avia-align-center  avia-builder-el-5  el_before_av_heading  avia-builder-el-first '   itemprop=\"image\" itemscope=\"itemscope\" itemtype=\"https:\/\/schema.org\/ImageObject\" ><div class=\"avia-image-container-inner\"><div class=\"avia-image-overlay-wrap\"><img decoding=\"async\" fetchpriority=\"high\" class='wp-image-11129 avia-img-lazy-loading-not-11129 avia_image ' src=\"https:\/\/www.swissvoicetour.ch\/wp-content\/uploads\/2023\/11\/16986_AC_SWISS_VOICE_TOUR_2023_POST_INSTA_1080X1080_GIMS-1030x1030.jpg\" alt='' title='16986_AC_SWISS_VOICE_TOUR_2023_POST_INSTA_1080X1080_GIMS'  height=\"1030\" width=\"1030\"  itemprop=\"thumbnailUrl\" srcset=\"https:\/\/www.swissvoicetour.ch\/wp-content\/uploads\/2023\/11\/16986_AC_SWISS_VOICE_TOUR_2023_POST_INSTA_1080X1080_GIMS-1030x1030.jpg 1030w, https:\/\/www.swissvoicetour.ch\/wp-content\/uploads\/2023\/11\/16986_AC_SWISS_VOICE_TOUR_2023_POST_INSTA_1080X1080_GIMS-300x300.jpg 300w, https:\/\/www.swissvoicetour.ch\/wp-content\/uploads\/2023\/11\/16986_AC_SWISS_VOICE_TOUR_2023_POST_INSTA_1080X1080_GIMS-80x80.jpg 80w, https:\/\/www.swissvoicetour.ch\/wp-content\/uploads\/2023\/11\/16986_AC_SWISS_VOICE_TOUR_2023_POST_INSTA_1080X1080_GIMS-768x768.jpg 768w, https:\/\/www.swissvoicetour.ch\/wp-content\/uploads\/2023\/11\/16986_AC_SWISS_VOICE_TOUR_2023_POST_INSTA_1080X1080_GIMS-36x36.jpg 36w, https:\/\/www.swissvoicetour.ch\/wp-content\/uploads\/2023\/11\/16986_AC_SWISS_VOICE_TOUR_2023_POST_INSTA_1080X1080_GIMS-180x180.jpg 180w, https:\/\/www.swissvoicetour.ch\/wp-content\/uploads\/2023\/11\/16986_AC_SWISS_VOICE_TOUR_2023_POST_INSTA_1080X1080_GIMS-705x705.jpg 705w, https:\/\/www.swissvoicetour.ch\/wp-content\/uploads\/2023\/11\/16986_AC_SWISS_VOICE_TOUR_2023_POST_INSTA_1080X1080_GIMS.jpg 1080w\" sizes=\"(max-width: 1030px) 100vw, 1030px\" \/><\/div><\/div><\/div><br \/>\n\n<style type=\"text\/css\" data-created_by=\"avia_inline_auto\" id=\"style-css-av-l7is8fr9-fb46bcce62a1f565c24056de08bea1eb\">\n#top .av-special-heading.av-l7is8fr9-fb46bcce62a1f565c24056de08bea1eb{\npadding-bottom:10px;\n}\nbody .av-special-heading.av-l7is8fr9-fb46bcce62a1f565c24056de08bea1eb .av-special-heading-tag .heading-char{\nfont-size:25px;\n}\n.av-special-heading.av-l7is8fr9-fb46bcce62a1f565c24056de08bea1eb .av-subheading{\nfont-size:15px;\n}\n<\/style>\n<div  class='av-special-heading av-l7is8fr9-fb46bcce62a1f565c24056de08bea1eb av-special-heading-h2  avia-builder-el-6  el_after_av_image  el_before_av_hr '><h2 class='av-special-heading-tag '  itemprop=\"headline\"  >Gims, Wejdene, Nuit Incolore e nove finalisti a Losanna<\/h2><div class=\"special-heading-border\"><div class=\"special-heading-inner-border\"><\/div><\/div><\/div><br \/>\n\n<style type=\"text\/css\" data-created_by=\"avia_inline_auto\" id=\"style-css-av-5iqa09-52e1bbce7549e8c1ee0b7378b3ce2c1f\">\n#top .hr.hr-invisible.av-5iqa09-52e1bbce7549e8c1ee0b7378b3ce2c1f{\nheight:30px;\n}\n<\/style>\n<div  class='hr av-5iqa09-52e1bbce7549e8c1ee0b7378b3ce2c1f hr-invisible  avia-builder-el-7  el_after_av_heading  el_before_av_textblock '><span class='hr-inner '><span class=\"hr-inner-style\"><\/span><\/span><\/div><br \/>\n<section  class='av_textblock_section av-l7is8vfq-74bdce57c601bdd8b2a6921eabe357ab '   itemscope=\"itemscope\" itemtype=\"https:\/\/schema.org\/BlogPosting\" itemprop=\"blogPost\" ><div class='avia_textblock'  itemprop=\"text\" ><p>La grande finale della stagione 8 del Swiss Voice Tour, prevista per sabato 24 febbraio 2024, si terr\u00e0 presso il nuovissimo Th\u00e9\u00e2tre de Beaulieu, ora il pi\u00f9 grande teatro della Svizzera con i suoi 1600 posti a sedere. GIMS, WEJDENE e NUIT INCOLORE condivideranno il palco con i nove finalisti del pi\u00f9 grande concorso canoro del paese.<\/p>\n<p>UN CONCORSO DI ALTO LIVELLO<\/p>\n<p>Sin dalla prima stagione, la reputazione del Swiss Voice Tour \u00e8 innegabilmente cresciuta grazie alla qualit\u00e0 della giuria, che non solo valuta i concorrenti, ma fornisce loro preziosi consigli.<\/p>\n<p>NOVE FINALISTI PER DUE VINCITORI<\/p>\n<p>Un impressionante totale di oltre 1400 candidati si \u00e8 presentato in tutta la Svizzera con la speranza di diventare la voce di questa 8\u00aa stagione. Il tour delle audizioni ha coperto 19 centri commerciali Coop, spaziando in tutto il paese. Dopo le semifinali, sono stati selezionati 4 giovani talenti e 4 adulti per continuare il loro percorso. Successivamente, un favorito del pubblico \u00e8 stato designato come il 9\u00b0 finalista.<\/p>\n<p>UNA SERATA INDIMENTICABILE<\/p>\n<p>Questa serata promette uno spettacolo indimenticabile in cui Gims, Wejdene e Nuit Incolore condivideranno il palco con i finalisti. L&#8217;evento sar\u00e0 trasmesso in diretta su canali regionali come Canal 9, Canal Alpha, La T\u00e9l\u00e9 &amp; L\u00e9man Bleu. I vincitori avranno l&#8217;opportunit\u00e0 di realizzare il loro sogno registrando un singolo in studi professionali.<\/p>\n<p>I biglietti sono gi\u00e0 disponibili all&#8217;acquisto tramite Ticketcorner al prezzo di CHF 40.50 (CHF 31.30 per i bambini sotto i 12 anni).<\/p>\n<p>Attendiamo la vostra presenza in questa serata indimenticabile e ricca di sorprese al Th\u00e9\u00e2tre de Beaulieu il 24 febbraio 2024.<\/p>\n<\/div><\/section><br \/>\n\n<style type=\"text\/css\" data-created_by=\"avia_inline_auto\" id=\"style-css-av-lor0xxli-4187e20d514fa8a7400cde5f86b38480\">\n.avia-image-container.av-lor0xxli-4187e20d514fa8a7400cde5f86b38480 img.avia_image{\nbox-shadow:none;\n}\n.avia-image-container.av-lor0xxli-4187e20d514fa8a7400cde5f86b38480 .av-image-caption-overlay-center{\ncolor:#ffffff;\n}\n<\/style>\n<div  class='avia-image-container av-lor0xxli-4187e20d514fa8a7400cde5f86b38480 av-styling- avia-align-center  avia-builder-el-9  el_after_av_textblock  avia-builder-el-last '   itemprop=\"image\" itemscope=\"itemscope\" itemtype=\"https:\/\/schema.org\/ImageObject\" ><div class=\"avia-image-container-inner\"><div class=\"avia-image-overlay-wrap\"><img decoding=\"async\" fetchpriority=\"high\" class='wp-image-10813 avia-img-lazy-loading-not-10813 avia_image ' src=\"https:\/\/www.swissvoicetour.ch\/wp-content\/uploads\/2023\/11\/banner-horizontal-productos-naturales-cosmetica-organico-saturado-monocromatico-verde-1-1030x515.png\" alt='' title='banner horizontal productos naturales cosm\u00e9tica organico saturado monocrom\u00e1tico verde (1)'  height=\"515\" width=\"1030\"  itemprop=\"thumbnailUrl\" srcset=\"https:\/\/www.swissvoicetour.ch\/wp-content\/uploads\/2023\/11\/banner-horizontal-productos-naturales-cosmetica-organico-saturado-monocromatico-verde-1-1030x515.png 1030w, https:\/\/www.swissvoicetour.ch\/wp-content\/uploads\/2023\/11\/banner-horizontal-productos-naturales-cosmetica-organico-saturado-monocromatico-verde-1-300x150.png 300w, https:\/\/www.swissvoicetour.ch\/wp-content\/uploads\/2023\/11\/banner-horizontal-productos-naturales-cosmetica-organico-saturado-monocromatico-verde-1-768x384.png 768w, https:\/\/www.swissvoicetour.ch\/wp-content\/uploads\/2023\/11\/banner-horizontal-productos-naturales-cosmetica-organico-saturado-monocromatico-verde-1-1536x768.png 1536w, https:\/\/www.swissvoicetour.ch\/wp-content\/uploads\/2023\/11\/banner-horizontal-productos-naturales-cosmetica-organico-saturado-monocromatico-verde-1-2048x1024.png 2048w, https:\/\/www.swissvoicetour.ch\/wp-content\/uploads\/2023\/11\/banner-horizontal-productos-naturales-cosmetica-organico-saturado-monocromatico-verde-1-1500x750.png 1500w, https:\/\/www.swissvoicetour.ch\/wp-content\/uploads\/2023\/11\/banner-horizontal-productos-naturales-cosmetica-organico-saturado-monocromatico-verde-1-705x353.png 705w\" sizes=\"(max-width: 1030px) 100vw, 1030px\" \/><\/div><\/div><\/div><\/p><\/div>\n<style type=\"text\/css\" data-created_by=\"avia_inline_auto\" id=\"style-css-av-3xdt0p-d38ae0e37a88d77aaa513428a7746aca\">\n.flex_column.av-3xdt0p-d38ae0e37a88d77aaa513428a7746aca{\nborder-radius:0px 0px 0px 0px;\npadding:0px 0px 0px 0px;\n}\n<\/style>\n<div  class='flex_column av-3xdt0p-d38ae0e37a88d77aaa513428a7746aca av_one_fifth  avia-builder-el-10  el_after_av_three_fifth  avia-builder-el-last  flex_column_div av-zero-column-padding  '     ><div  class='av-social-sharing-box av-3aqwll-46aaa316feac620dbb9e5750147e1fb1 av-social-sharing-box-default  avia-builder-el-11  avia-builder-el-no-sibling  av-social-sharing-box-fullwidth'><div class=\"av-share-box\"><h5 class='av-share-link-description av-no-toc '>Condividi questo articolo<\/h5><ul class=\"av-share-box-list noLightbox\"><li class='av-share-link av-social-link-facebook avia_social_iconfont' ><a target=\"_blank\" aria-label=\"Condividi su Facebook\" href='https:\/\/www.facebook.com\/sharer.php?u=https:\/\/www.swissvoicetour.ch\/it\/2023\/11\/09\/gims-wejdene-nuit-incolore-e-nove-finalisti-in-scena\/&#038;t=Gims%2C%20Wejdene%2C%20Nuit%20Incolore%20e%20nove%20finalisti%20a%20Losanna' data-av_icon='\ue8f3' data-av_iconfont='entypo-fontello'  title='' data-avia-related-tooltip='Condividi su Facebook'><span class='avia_hidden_link_text'>Condividi su Facebook<\/span><\/a><\/li><li class='av-share-link av-social-link-twitter avia_social_iconfont' ><a target=\"_blank\" aria-label=\"Condividi su X\" href='https:\/\/twitter.com\/share?text=Gims%2C%20Wejdene%2C%20Nuit%20Incolore%20e%20nove%20finalisti%20a%20Losanna&#038;url=https:\/\/www.swissvoicetour.ch\/it\/?p=10790' data-av_icon='\ue932' data-av_iconfont='entypo-fontello'  title='' data-avia-related-tooltip='Condividi su X'><span class='avia_hidden_link_text'>Condividi su X<\/span><\/a><\/li><li class='av-share-link av-social-link-whatsapp avia_social_iconfont' ><a target=\"_blank\" aria-label=\"Condividi su WhatsApp\" href='https:\/\/api.whatsapp.com\/send?text=https:\/\/www.swissvoicetour.ch\/it\/2023\/11\/09\/gims-wejdene-nuit-incolore-e-nove-finalisti-in-scena\/' data-av_icon='\uf232' data-av_iconfont='entypo-fontello'  title='' data-avia-related-tooltip='Condividi su WhatsApp'><span class='avia_hidden_link_text'>Condividi su WhatsApp<\/span><\/a><\/li><li class='av-share-link av-social-link-linkedin avia_social_iconfont' ><a target=\"_blank\" aria-label=\"Condividi su LinkedIn\" href='https:\/\/linkedin.com\/shareArticle?mini=true&#038;title=Gims%2C%20Wejdene%2C%20Nuit%20Incolore%20e%20nove%20finalisti%20a%20Losanna&#038;url=https:\/\/www.swissvoicetour.ch\/it\/2023\/11\/09\/gims-wejdene-nuit-incolore-e-nove-finalisti-in-scena\/' data-av_icon='\ue8fc' data-av_iconfont='entypo-fontello'  title='' data-avia-related-tooltip='Condividi su LinkedIn'><span class='avia_hidden_link_text'>Condividi su LinkedIn<\/span><\/a><\/li><li class='av-share-link av-social-link-mail avia_social_iconfont' ><a  aria-label=\"Condividi attraverso Mail\" href='mailto:?subject=Gims%2C%20Wejdene%2C%20Nuit%20Incolore%20e%20nove%20finalisti%20a%20Losanna&#038;body=https:\/\/www.swissvoicetour.ch\/it\/2023\/11\/09\/gims-wejdene-nuit-incolore-e-nove-finalisti-in-scena\/' data-av_icon='\ue805' data-av_iconfont='entypo-fontello'  title='' data-avia-related-tooltip='Condividi attraverso Mail'><span class='avia_hidden_link_text'>Condividi attraverso Mail<\/span><\/a><\/li><\/ul><\/div><\/div><\/div><\/p>\n","protected":false},"excerpt":{"rendered":"<p>GIMS, WEJDENE e NUIT INCOLORE condivideranno il palco con i nove finalisti del pi\u00f9 grande concorso canoro del paese.<\/p>\n","protected":false},"author":4,"featured_media":11129,"comment_status":"closed","ping_status":"closed","sticky":false,"template":"","format":"standard","meta":{"_acf_changed":false,"footnotes":""},"categories":[19],"tags":[],"class_list":["post-10790","post","type-post","status-publish","format-standard","has-post-thumbnail","hentry","category-non-categorizzato"],"acf":[],"yoast_head":"<!-- This site is optimized with the Yoast SEO plugin v27.5 - https:\/\/yoast.com\/product\/yoast-seo-wordpress\/ -->\n<title>Gims, Wejdene, Nuit Incolore e nove finalisti a Losanna - Swiss Voice Tour<\/title>\n<meta name=\"description\" content=\"GIMS, WEJDENE e NUIT INCOLORE condivideranno il palco con i nove finalisti del pi\u00f9 grande concorso canoro del paese.\" \/>\n<meta name=\"robots\" content=\"index, follow, max-snippet:-1, max-image-preview:large, max-video-preview:-1\" \/>\n<link rel=\"canonical\" href=\"https:\/\/www.swissvoicetour.ch\/it\/2023\/11\/09\/gims-wejdene-nuit-incolore-e-nove-finalisti-in-scena\/\" \/>\n<meta property=\"og:locale\" content=\"it_IT\" \/>\n<meta property=\"og:type\" content=\"article\" \/>\n<meta property=\"og:title\" content=\"Gims, Wejdene, Nuit Incolore e nove finalisti a Losanna - Swiss Voice Tour\" \/>\n<meta property=\"og:description\" content=\"GIMS, WEJDENE e NUIT INCOLORE condivideranno il palco con i nove finalisti del pi\u00f9 grande concorso canoro del paese.\" \/>\n<meta property=\"og:url\" content=\"https:\/\/www.swissvoicetour.ch\/it\/2023\/11\/09\/gims-wejdene-nuit-incolore-e-nove-finalisti-in-scena\/\" \/>\n<meta property=\"og:site_name\" content=\"Swiss Voice Tour\" \/>\n<meta property=\"article:publisher\" content=\"https:\/\/www.facebook.com\/swissvoicetour\/\" \/>\n<meta property=\"article:published_time\" content=\"2023-11-09T09:20:02+00:00\" \/>\n<meta property=\"article:modified_time\" content=\"2024-10-23T11:08:54+00:00\" \/>\n<meta property=\"og:image\" content=\"https:\/\/www.swissvoicetour.ch\/wp-content\/uploads\/2023\/11\/16986_AC_SWISS_VOICE_TOUR_2023_POST_INSTA_1080X1080_GIMS.jpg\" \/>\n\t<meta property=\"og:image:width\" content=\"1080\" \/>\n\t<meta property=\"og:image:height\" content=\"1080\" \/>\n\t<meta property=\"og:image:type\" content=\"image\/jpeg\" \/>\n<meta name=\"author\" content=\"Swissvoicetour\" \/>\n<meta name=\"twitter:card\" content=\"summary_large_image\" \/>\n<meta name=\"twitter:label1\" content=\"Scritto da\" \/>\n\t<meta name=\"twitter:data1\" content=\"Swissvoicetour\" \/>\n\t<meta name=\"twitter:label2\" content=\"Tempo di lettura stimato\" \/>\n\t<meta name=\"twitter:data2\" content=\"2 minuti\" \/>\n<script type=\"application\/ld+json\" class=\"yoast-schema-graph\">{\"@context\":\"https:\\\/\\\/schema.org\",\"@graph\":[{\"@type\":\"Article\",\"@id\":\"https:\\\/\\\/www.swissvoicetour.ch\\\/it\\\/2023\\\/11\\\/09\\\/gims-wejdene-nuit-incolore-e-nove-finalisti-in-scena\\\/#article\",\"isPartOf\":{\"@id\":\"https:\\\/\\\/www.swissvoicetour.ch\\\/it\\\/2023\\\/11\\\/09\\\/gims-wejdene-nuit-incolore-e-nove-finalisti-in-scena\\\/\"},\"author\":{\"name\":\"Swissvoicetour\",\"@id\":\"https:\\\/\\\/www.swissvoicetour.ch\\\/#\\\/schema\\\/person\\\/de38c536756e0b173c1a0c6b24b81323\"},\"headline\":\"Gims, Wejdene, Nuit Incolore e nove finalisti a Losanna\",\"datePublished\":\"2023-11-09T09:20:02+00:00\",\"dateModified\":\"2024-10-23T11:08:54+00:00\",\"mainEntityOfPage\":{\"@id\":\"https:\\\/\\\/www.swissvoicetour.ch\\\/it\\\/2023\\\/11\\\/09\\\/gims-wejdene-nuit-incolore-e-nove-finalisti-in-scena\\\/\"},\"wordCount\":1630,\"publisher\":{\"@id\":\"https:\\\/\\\/www.swissvoicetour.ch\\\/#organization\"},\"image\":{\"@id\":\"https:\\\/\\\/www.swissvoicetour.ch\\\/it\\\/2023\\\/11\\\/09\\\/gims-wejdene-nuit-incolore-e-nove-finalisti-in-scena\\\/#primaryimage\"},\"thumbnailUrl\":\"https:\\\/\\\/www.swissvoicetour.ch\\\/wp-content\\\/uploads\\\/2023\\\/11\\\/16986_AC_SWISS_VOICE_TOUR_2023_POST_INSTA_1080X1080_GIMS.jpg\",\"articleSection\":[\"Non categorizzato\"],\"inLanguage\":\"it-IT\"},{\"@type\":\"WebPage\",\"@id\":\"https:\\\/\\\/www.swissvoicetour.ch\\\/it\\\/2023\\\/11\\\/09\\\/gims-wejdene-nuit-incolore-e-nove-finalisti-in-scena\\\/\",\"url\":\"https:\\\/\\\/www.swissvoicetour.ch\\\/it\\\/2023\\\/11\\\/09\\\/gims-wejdene-nuit-incolore-e-nove-finalisti-in-scena\\\/\",\"name\":\"Gims, Wejdene, Nuit Incolore e nove finalisti a Losanna - Swiss Voice Tour\",\"isPartOf\":{\"@id\":\"https:\\\/\\\/www.swissvoicetour.ch\\\/#website\"},\"primaryImageOfPage\":{\"@id\":\"https:\\\/\\\/www.swissvoicetour.ch\\\/it\\\/2023\\\/11\\\/09\\\/gims-wejdene-nuit-incolore-e-nove-finalisti-in-scena\\\/#primaryimage\"},\"image\":{\"@id\":\"https:\\\/\\\/www.swissvoicetour.ch\\\/it\\\/2023\\\/11\\\/09\\\/gims-wejdene-nuit-incolore-e-nove-finalisti-in-scena\\\/#primaryimage\"},\"thumbnailUrl\":\"https:\\\/\\\/www.swissvoicetour.ch\\\/wp-content\\\/uploads\\\/2023\\\/11\\\/16986_AC_SWISS_VOICE_TOUR_2023_POST_INSTA_1080X1080_GIMS.jpg\",\"datePublished\":\"2023-11-09T09:20:02+00:00\",\"dateModified\":\"2024-10-23T11:08:54+00:00\",\"description\":\"GIMS, WEJDENE e NUIT INCOLORE condivideranno il palco con i nove finalisti del pi\u00f9 grande concorso canoro del paese.\",\"breadcrumb\":{\"@id\":\"https:\\\/\\\/www.swissvoicetour.ch\\\/it\\\/2023\\\/11\\\/09\\\/gims-wejdene-nuit-incolore-e-nove-finalisti-in-scena\\\/#breadcrumb\"},\"inLanguage\":\"it-IT\",\"potentialAction\":[{\"@type\":\"ReadAction\",\"target\":[\"https:\\\/\\\/www.swissvoicetour.ch\\\/it\\\/2023\\\/11\\\/09\\\/gims-wejdene-nuit-incolore-e-nove-finalisti-in-scena\\\/\"]}]},{\"@type\":\"ImageObject\",\"inLanguage\":\"it-IT\",\"@id\":\"https:\\\/\\\/www.swissvoicetour.ch\\\/it\\\/2023\\\/11\\\/09\\\/gims-wejdene-nuit-incolore-e-nove-finalisti-in-scena\\\/#primaryimage\",\"url\":\"https:\\\/\\\/www.swissvoicetour.ch\\\/wp-content\\\/uploads\\\/2023\\\/11\\\/16986_AC_SWISS_VOICE_TOUR_2023_POST_INSTA_1080X1080_GIMS.jpg\",\"contentUrl\":\"https:\\\/\\\/www.swissvoicetour.ch\\\/wp-content\\\/uploads\\\/2023\\\/11\\\/16986_AC_SWISS_VOICE_TOUR_2023_POST_INSTA_1080X1080_GIMS.jpg\",\"width\":1080,\"height\":1080},{\"@type\":\"BreadcrumbList\",\"@id\":\"https:\\\/\\\/www.swissvoicetour.ch\\\/it\\\/2023\\\/11\\\/09\\\/gims-wejdene-nuit-incolore-e-nove-finalisti-in-scena\\\/#breadcrumb\",\"itemListElement\":[{\"@type\":\"ListItem\",\"position\":1,\"name\":\"Accueil\",\"item\":\"https:\\\/\\\/www.swissvoicetour.ch\\\/it\\\/\"},{\"@type\":\"ListItem\",\"position\":2,\"name\":\"Gims, Wejdene, Nuit Incolore e nove finalisti a Losanna\"}]},{\"@type\":\"WebSite\",\"@id\":\"https:\\\/\\\/www.swissvoicetour.ch\\\/#website\",\"url\":\"https:\\\/\\\/www.swissvoicetour.ch\\\/\",\"name\":\"Swiss Voice Tour\",\"description\":\"Benvenuti nella pagina ufficiale dello Swiss Voice Tour\",\"publisher\":{\"@id\":\"https:\\\/\\\/www.swissvoicetour.ch\\\/#organization\"},\"potentialAction\":[{\"@type\":\"SearchAction\",\"target\":{\"@type\":\"EntryPoint\",\"urlTemplate\":\"https:\\\/\\\/www.swissvoicetour.ch\\\/?s={search_term_string}\"},\"query-input\":{\"@type\":\"PropertyValueSpecification\",\"valueRequired\":true,\"valueName\":\"search_term_string\"}}],\"inLanguage\":\"it-IT\"},{\"@type\":\"Organization\",\"@id\":\"https:\\\/\\\/www.swissvoicetour.ch\\\/#organization\",\"name\":\"Swiss Voice Tour\",\"url\":\"https:\\\/\\\/www.swissvoicetour.ch\\\/\",\"logo\":{\"@type\":\"ImageObject\",\"inLanguage\":\"it-IT\",\"@id\":\"https:\\\/\\\/www.swissvoicetour.ch\\\/#\\\/schema\\\/logo\\\/image\\\/\",\"url\":\"https:\\\/\\\/www.swissvoicetour.ch\\\/wp-content\\\/uploads\\\/2024\\\/11\\\/LOGO_SVT_2025_RVB-1030x1030.png\",\"contentUrl\":\"https:\\\/\\\/www.swissvoicetour.ch\\\/wp-content\\\/uploads\\\/2024\\\/11\\\/LOGO_SVT_2025_RVB-1030x1030.png\",\"width\":1030,\"height\":1030,\"caption\":\"Swiss Voice Tour\"},\"image\":{\"@id\":\"https:\\\/\\\/www.swissvoicetour.ch\\\/#\\\/schema\\\/logo\\\/image\\\/\"},\"sameAs\":[\"https:\\\/\\\/www.facebook.com\\\/swissvoicetour\\\/\",\"https:\\\/\\\/www.instagram.com\\\/swissvoicetour\\\/\"]},{\"@type\":\"Person\",\"@id\":\"https:\\\/\\\/www.swissvoicetour.ch\\\/#\\\/schema\\\/person\\\/de38c536756e0b173c1a0c6b24b81323\",\"name\":\"Swissvoicetour\",\"image\":{\"@type\":\"ImageObject\",\"inLanguage\":\"it-IT\",\"@id\":\"https:\\\/\\\/secure.gravatar.com\\\/avatar\\\/b80f148837990d85089c37188c2849d7e9c06f46aa6a7fd3926e733059ecb726?s=96&d=mm&r=g\",\"url\":\"https:\\\/\\\/secure.gravatar.com\\\/avatar\\\/b80f148837990d85089c37188c2849d7e9c06f46aa6a7fd3926e733059ecb726?s=96&d=mm&r=g\",\"contentUrl\":\"https:\\\/\\\/secure.gravatar.com\\\/avatar\\\/b80f148837990d85089c37188c2849d7e9c06f46aa6a7fd3926e733059ecb726?s=96&d=mm&r=g\",\"caption\":\"Swissvoicetour\"},\"url\":\"https:\\\/\\\/www.swissvoicetour.ch\\\/it\\\/author\\\/swissvoicetour\\\/\"}]}<\/script>\n<!-- \/ Yoast SEO plugin. -->","yoast_head_json":{"title":"Gims, Wejdene, Nuit Incolore e nove finalisti a Losanna - Swiss Voice Tour","description":"GIMS, WEJDENE e NUIT INCOLORE condivideranno il palco con i nove finalisti del pi\u00f9 grande concorso canoro del paese.","robots":{"index":"index","follow":"follow","max-snippet":"max-snippet:-1","max-image-preview":"max-image-preview:large","max-video-preview":"max-video-preview:-1"},"canonical":"https:\/\/www.swissvoicetour.ch\/it\/2023\/11\/09\/gims-wejdene-nuit-incolore-e-nove-finalisti-in-scena\/","og_locale":"it_IT","og_type":"article","og_title":"Gims, Wejdene, Nuit Incolore e nove finalisti a Losanna - Swiss Voice Tour","og_description":"GIMS, WEJDENE e NUIT INCOLORE condivideranno il palco con i nove finalisti del pi\u00f9 grande concorso canoro del paese.","og_url":"https:\/\/www.swissvoicetour.ch\/it\/2023\/11\/09\/gims-wejdene-nuit-incolore-e-nove-finalisti-in-scena\/","og_site_name":"Swiss Voice Tour","article_publisher":"https:\/\/www.facebook.com\/swissvoicetour\/","article_published_time":"2023-11-09T09:20:02+00:00","article_modified_time":"2024-10-23T11:08:54+00:00","og_image":[{"width":1080,"height":1080,"url":"https:\/\/www.swissvoicetour.ch\/wp-content\/uploads\/2023\/11\/16986_AC_SWISS_VOICE_TOUR_2023_POST_INSTA_1080X1080_GIMS.jpg","type":"image\/jpeg"}],"author":"Swissvoicetour","twitter_card":"summary_large_image","twitter_misc":{"Scritto da":"Swissvoicetour","Tempo di lettura stimato":"2 minuti"},"schema":{"@context":"https:\/\/schema.org","@graph":[{"@type":"Article","@id":"https:\/\/www.swissvoicetour.ch\/it\/2023\/11\/09\/gims-wejdene-nuit-incolore-e-nove-finalisti-in-scena\/#article","isPartOf":{"@id":"https:\/\/www.swissvoicetour.ch\/it\/2023\/11\/09\/gims-wejdene-nuit-incolore-e-nove-finalisti-in-scena\/"},"author":{"name":"Swissvoicetour","@id":"https:\/\/www.swissvoicetour.ch\/#\/schema\/person\/de38c536756e0b173c1a0c6b24b81323"},"headline":"Gims, Wejdene, Nuit Incolore e nove finalisti a Losanna","datePublished":"2023-11-09T09:20:02+00:00","dateModified":"2024-10-23T11:08:54+00:00","mainEntityOfPage":{"@id":"https:\/\/www.swissvoicetour.ch\/it\/2023\/11\/09\/gims-wejdene-nuit-incolore-e-nove-finalisti-in-scena\/"},"wordCount":1630,"publisher":{"@id":"https:\/\/www.swissvoicetour.ch\/#organization"},"image":{"@id":"https:\/\/www.swissvoicetour.ch\/it\/2023\/11\/09\/gims-wejdene-nuit-incolore-e-nove-finalisti-in-scena\/#primaryimage"},"thumbnailUrl":"https:\/\/www.swissvoicetour.ch\/wp-content\/uploads\/2023\/11\/16986_AC_SWISS_VOICE_TOUR_2023_POST_INSTA_1080X1080_GIMS.jpg","articleSection":["Non categorizzato"],"inLanguage":"it-IT"},{"@type":"WebPage","@id":"https:\/\/www.swissvoicetour.ch\/it\/2023\/11\/09\/gims-wejdene-nuit-incolore-e-nove-finalisti-in-scena\/","url":"https:\/\/www.swissvoicetour.ch\/it\/2023\/11\/09\/gims-wejdene-nuit-incolore-e-nove-finalisti-in-scena\/","name":"Gims, Wejdene, Nuit Incolore e nove finalisti a Losanna - Swiss Voice Tour","isPartOf":{"@id":"https:\/\/www.swissvoicetour.ch\/#website"},"primaryImageOfPage":{"@id":"https:\/\/www.swissvoicetour.ch\/it\/2023\/11\/09\/gims-wejdene-nuit-incolore-e-nove-finalisti-in-scena\/#primaryimage"},"image":{"@id":"https:\/\/www.swissvoicetour.ch\/it\/2023\/11\/09\/gims-wejdene-nuit-incolore-e-nove-finalisti-in-scena\/#primaryimage"},"thumbnailUrl":"https:\/\/www.swissvoicetour.ch\/wp-content\/uploads\/2023\/11\/16986_AC_SWISS_VOICE_TOUR_2023_POST_INSTA_1080X1080_GIMS.jpg","datePublished":"2023-11-09T09:20:02+00:00","dateModified":"2024-10-23T11:08:54+00:00","description":"GIMS, WEJDENE e NUIT INCOLORE condivideranno il palco con i nove finalisti del pi\u00f9 grande concorso canoro del paese.","breadcrumb":{"@id":"https:\/\/www.swissvoicetour.ch\/it\/2023\/11\/09\/gims-wejdene-nuit-incolore-e-nove-finalisti-in-scena\/#breadcrumb"},"inLanguage":"it-IT","potentialAction":[{"@type":"ReadAction","target":["https:\/\/www.swissvoicetour.ch\/it\/2023\/11\/09\/gims-wejdene-nuit-incolore-e-nove-finalisti-in-scena\/"]}]},{"@type":"ImageObject","inLanguage":"it-IT","@id":"https:\/\/www.swissvoicetour.ch\/it\/2023\/11\/09\/gims-wejdene-nuit-incolore-e-nove-finalisti-in-scena\/#primaryimage","url":"https:\/\/www.swissvoicetour.ch\/wp-content\/uploads\/2023\/11\/16986_AC_SWISS_VOICE_TOUR_2023_POST_INSTA_1080X1080_GIMS.jpg","contentUrl":"https:\/\/www.swissvoicetour.ch\/wp-content\/uploads\/2023\/11\/16986_AC_SWISS_VOICE_TOUR_2023_POST_INSTA_1080X1080_GIMS.jpg","width":1080,"height":1080},{"@type":"BreadcrumbList","@id":"https:\/\/www.swissvoicetour.ch\/it\/2023\/11\/09\/gims-wejdene-nuit-incolore-e-nove-finalisti-in-scena\/#breadcrumb","itemListElement":[{"@type":"ListItem","position":1,"name":"Accueil","item":"https:\/\/www.swissvoicetour.ch\/it\/"},{"@type":"ListItem","position":2,"name":"Gims, Wejdene, Nuit Incolore e nove finalisti a Losanna"}]},{"@type":"WebSite","@id":"https:\/\/www.swissvoicetour.ch\/#website","url":"https:\/\/www.swissvoicetour.ch\/","name":"Swiss Voice Tour","description":"Benvenuti nella pagina ufficiale dello Swiss Voice Tour","publisher":{"@id":"https:\/\/www.swissvoicetour.ch\/#organization"},"potentialAction":[{"@type":"SearchAction","target":{"@type":"EntryPoint","urlTemplate":"https:\/\/www.swissvoicetour.ch\/?s={search_term_string}"},"query-input":{"@type":"PropertyValueSpecification","valueRequired":true,"valueName":"search_term_string"}}],"inLanguage":"it-IT"},{"@type":"Organization","@id":"https:\/\/www.swissvoicetour.ch\/#organization","name":"Swiss Voice Tour","url":"https:\/\/www.swissvoicetour.ch\/","logo":{"@type":"ImageObject","inLanguage":"it-IT","@id":"https:\/\/www.swissvoicetour.ch\/#\/schema\/logo\/image\/","url":"https:\/\/www.swissvoicetour.ch\/wp-content\/uploads\/2024\/11\/LOGO_SVT_2025_RVB-1030x1030.png","contentUrl":"https:\/\/www.swissvoicetour.ch\/wp-content\/uploads\/2024\/11\/LOGO_SVT_2025_RVB-1030x1030.png","width":1030,"height":1030,"caption":"Swiss Voice Tour"},"image":{"@id":"https:\/\/www.swissvoicetour.ch\/#\/schema\/logo\/image\/"},"sameAs":["https:\/\/www.facebook.com\/swissvoicetour\/","https:\/\/www.instagram.com\/swissvoicetour\/"]},{"@type":"Person","@id":"https:\/\/www.swissvoicetour.ch\/#\/schema\/person\/de38c536756e0b173c1a0c6b24b81323","name":"Swissvoicetour","image":{"@type":"ImageObject","inLanguage":"it-IT","@id":"https:\/\/secure.gravatar.com\/avatar\/b80f148837990d85089c37188c2849d7e9c06f46aa6a7fd3926e733059ecb726?s=96&d=mm&r=g","url":"https:\/\/secure.gravatar.com\/avatar\/b80f148837990d85089c37188c2849d7e9c06f46aa6a7fd3926e733059ecb726?s=96&d=mm&r=g","contentUrl":"https:\/\/secure.gravatar.com\/avatar\/b80f148837990d85089c37188c2849d7e9c06f46aa6a7fd3926e733059ecb726?s=96&d=mm&r=g","caption":"Swissvoicetour"},"url":"https:\/\/www.swissvoicetour.ch\/it\/author\/swissvoicetour\/"}]}},"_links":{"self":[{"href":"https:\/\/www.swissvoicetour.ch\/it\/wp-json\/wp\/v2\/posts\/10790","targetHints":{"allow":["GET"]}}],"collection":[{"href":"https:\/\/www.swissvoicetour.ch\/it\/wp-json\/wp\/v2\/posts"}],"about":[{"href":"https:\/\/www.swissvoicetour.ch\/it\/wp-json\/wp\/v2\/types\/post"}],"author":[{"embeddable":true,"href":"https:\/\/www.swissvoicetour.ch\/it\/wp-json\/wp\/v2\/users\/4"}],"replies":[{"embeddable":true,"href":"https:\/\/www.swissvoicetour.ch\/it\/wp-json\/wp\/v2\/comments?post=10790"}],"version-history":[{"count":7,"href":"https:\/\/www.swissvoicetour.ch\/it\/wp-json\/wp\/v2\/posts\/10790\/revisions"}],"predecessor-version":[{"id":12773,"href":"https:\/\/www.swissvoicetour.ch\/it\/wp-json\/wp\/v2\/posts\/10790\/revisions\/12773"}],"wp:featuredmedia":[{"embeddable":true,"href":"https:\/\/www.swissvoicetour.ch\/it\/wp-json\/wp\/v2\/media\/11129"}],"wp:attachment":[{"href":"https:\/\/www.swissvoicetour.ch\/it\/wp-json\/wp\/v2\/media?parent=10790"}],"wp:term":[{"taxonomy":"category","embeddable":true,"href":"https:\/\/www.swissvoicetour.ch\/it\/wp-json\/wp\/v2\/categories?post=10790"},{"taxonomy":"post_tag","embeddable":true,"href":"https:\/\/www.swissvoicetour.ch\/it\/wp-json\/wp\/v2\/tags?post=10790"}],"curies":[{"name":"wp","href":"https:\/\/api.w.org\/{rel}","templated":true}]}}