{"id":10753,"date":"2023-11-01T11:02:02","date_gmt":"2023-11-01T10:02:02","guid":{"rendered":"https:\/\/www.swissvoicetour.ch\/?p=10753"},"modified":"2024-10-23T13:09:29","modified_gmt":"2024-10-23T11:09:29","slug":"le-iscrizioni-per-la-stagione-9-del-swiss-voice-tour-sono-aperte","status":"publish","type":"post","link":"https:\/\/www.swissvoicetour.ch\/it\/2023\/11\/01\/le-iscrizioni-per-la-stagione-9-del-swiss-voice-tour-sono-aperte\/","title":{"rendered":"LE ISCRIZIONI PER LA STAGIONE 9 DEL SWISS VOICE TOUR SONO APERTE!"},"content":{"rendered":"\n<style type=\"text\/css\" data-created_by=\"avia_inline_auto\" id=\"style-css-av-av_section-fdff14bad3ecc7f58dfb31b9b8423929\">\n.avia-section.av-av_section-fdff14bad3ecc7f58dfb31b9b8423929{\nbackground-color:#cca047;\nbackground-image:unset;\n}\n.avia-section.av-av_section-fdff14bad3ecc7f58dfb31b9b8423929 .av-extra-border-element .av-extra-border-inner{\nbackground-color:#ffffff;\n}\n<\/style>\n<div id='av_section_1'  class='avia-section av-av_section-fdff14bad3ecc7f58dfb31b9b8423929 main_color avia-section-default avia-no-border-styling  avia-builder-el-0  el_before_av_one_fifth  avia-builder-el-first  avia-bg-style-scroll av-minimum-height av-minimum-height-custom av-height-custom  container_wrap fullsize'   data-av_minimum_height_px='200'><div class='container av-section-cont-open' style='height:200px'><main  role=\"main\" itemprop=\"mainContentOfPage\"  class='template-page content  av-content-full alpha units'><div class='post-entry post-entry-type-page post-entry-10753'><div class='entry-content-wrapper clearfix'>\n\n<style type=\"text\/css\" data-created_by=\"avia_inline_auto\" id=\"style-css-av-av_heading-9ce79dd9a7d766d4a56448e9b8709700\">\n#top .av-special-heading.av-av_heading-9ce79dd9a7d766d4a56448e9b8709700{\npadding-bottom:10px;\ncolor:#ffffff;\n}\nbody .av-special-heading.av-av_heading-9ce79dd9a7d766d4a56448e9b8709700 .av-special-heading-tag .heading-char{\nfont-size:25px;\n}\n.av-special-heading.av-av_heading-9ce79dd9a7d766d4a56448e9b8709700 .special-heading-inner-border{\nborder-color:#ffffff;\n}\n.av-special-heading.av-av_heading-9ce79dd9a7d766d4a56448e9b8709700 .av-subheading{\nfont-size:15px;\n}\n<\/style>\n<div  class='av-special-heading av-av_heading-9ce79dd9a7d766d4a56448e9b8709700 av-special-heading-h1 custom-color-heading blockquote modern-quote  avia-builder-el-1  avia-builder-el-no-sibling '><h1 class='av-special-heading-tag '  itemprop=\"headline\"  >News<\/h1><div class=\"special-heading-border\"><div class=\"special-heading-inner-border\"><\/div><\/div><\/div>\n<\/div><\/div><\/main><!-- close content main element --><\/div><div class='av-extra-border-element border-extra-diagonal border-extra-diagonal-inverse '><div class='av-extra-border-outer'><div class='av-extra-border-inner'><\/div><\/div><\/div><\/div><div id='after_section_1'  class='main_color av_default_container_wrap container_wrap fullsize'  ><div class='container av-section-cont-open' ><div class='template-page content  av-content-full alpha units'><div class='post-entry post-entry-type-page post-entry-10753'><div class='entry-content-wrapper clearfix'>\n\n<style type=\"text\/css\" data-created_by=\"avia_inline_auto\" id=\"style-css-av-aq2ynd-f715ac1ba4ec0935e10d74ef059516d9\">\n.flex_column.av-aq2ynd-f715ac1ba4ec0935e10d74ef059516d9{\nborder-radius:0px 0px 0px 0px;\npadding:0px 0px 0px 0px;\n}\n<\/style>\n<div  class='flex_column av-aq2ynd-f715ac1ba4ec0935e10d74ef059516d9 av_one_fifth  avia-builder-el-2  el_after_av_section  el_before_av_three_fifth  avia-builder-el-first  first flex_column_div av-zero-column-padding  '     ><div  class='avia-button-wrap av-8nhrzd-db449b9867a58f1f7f745be980432ad3-wrap avia-button-left  avia-builder-el-3  avia-builder-el-no-sibling '><a href='https:\/\/www.swissvoicetour.ch\/it\/news\/'  class='avia-button av-8nhrzd-db449b9867a58f1f7f745be980432ad3 av-link-btn avia-icon_select-yes-left-icon avia-size-small avia-position-left avia-color-theme-color'   aria-label=\"Vedi tutte le notizie\"><span class='avia_button_icon avia_button_icon_left avia-iconfont avia-font-entypo-fontello' data-av_icon='\ue830' data-av_iconfont='entypo-fontello' ><\/span><span class='avia_iconbox_title' >Vedi tutte le notizie<\/span><\/a><\/div><\/div>\n\n<style type=\"text\/css\" data-created_by=\"avia_inline_auto\" id=\"style-css-av-pd2d5-a116a4e2370e92a45843c3f8ef50ec62\">\n.flex_column.av-pd2d5-a116a4e2370e92a45843c3f8ef50ec62{\nborder-radius:0px 0px 0px 0px;\npadding:0px 0px 0px 0px;\n}\n<\/style>\n<div  class='flex_column av-pd2d5-a116a4e2370e92a45843c3f8ef50ec62 av_three_fifth  avia-builder-el-4  el_after_av_one_fifth  el_before_av_one_fifth  flex_column_div av-zero-column-padding  '     ><p>\n<style type=\"text\/css\" data-created_by=\"avia_inline_auto\" id=\"style-css-av-l7is95n9-ce9281ee5de8d57e922e84aba9e4c1d0\">\n.avia-image-container.av-l7is95n9-ce9281ee5de8d57e922e84aba9e4c1d0 img.avia_image{\nbox-shadow:none;\n}\n.avia-image-container.av-l7is95n9-ce9281ee5de8d57e922e84aba9e4c1d0 .av-image-caption-overlay-center{\ncolor:#ffffff;\n}\n<\/style>\n<div  class='avia-image-container av-l7is95n9-ce9281ee5de8d57e922e84aba9e4c1d0 av-styling- avia-align-center  avia-builder-el-5  el_before_av_heading  avia-builder-el-first '   itemprop=\"image\" itemscope=\"itemscope\" itemtype=\"https:\/\/schema.org\/ImageObject\" ><div class=\"avia-image-container-inner\"><div class=\"avia-image-overlay-wrap\"><img decoding=\"async\" fetchpriority=\"high\" class='wp-image-10730 avia-img-lazy-loading-not-10730 avia_image ' src=\"https:\/\/www.swissvoicetour.ch\/wp-content\/uploads\/2023\/11\/forja2-mx-r2kxuoOFtHY-unsplash-1030x687.jpg\" alt='' title='forja2-mx-r2kxuoOFtHY-unsplash'  height=\"687\" width=\"1030\"  itemprop=\"thumbnailUrl\" srcset=\"https:\/\/www.swissvoicetour.ch\/wp-content\/uploads\/2023\/11\/forja2-mx-r2kxuoOFtHY-unsplash-1030x687.jpg 1030w, https:\/\/www.swissvoicetour.ch\/wp-content\/uploads\/2023\/11\/forja2-mx-r2kxuoOFtHY-unsplash-300x200.jpg 300w, https:\/\/www.swissvoicetour.ch\/wp-content\/uploads\/2023\/11\/forja2-mx-r2kxuoOFtHY-unsplash-768x512.jpg 768w, https:\/\/www.swissvoicetour.ch\/wp-content\/uploads\/2023\/11\/forja2-mx-r2kxuoOFtHY-unsplash-1536x1024.jpg 1536w, https:\/\/www.swissvoicetour.ch\/wp-content\/uploads\/2023\/11\/forja2-mx-r2kxuoOFtHY-unsplash-2048x1365.jpg 2048w, https:\/\/www.swissvoicetour.ch\/wp-content\/uploads\/2023\/11\/forja2-mx-r2kxuoOFtHY-unsplash-1500x1000.jpg 1500w, https:\/\/www.swissvoicetour.ch\/wp-content\/uploads\/2023\/11\/forja2-mx-r2kxuoOFtHY-unsplash-705x470.jpg 705w\" sizes=\"(max-width: 1030px) 100vw, 1030px\" \/><\/div><\/div><\/div><br \/>\n\n<style type=\"text\/css\" data-created_by=\"avia_inline_auto\" id=\"style-css-av-l7is8fr9-cd1081fc814a2a6f8c55f1a51560825a\">\n#top .av-special-heading.av-l7is8fr9-cd1081fc814a2a6f8c55f1a51560825a{\npadding-bottom:10px;\n}\nbody .av-special-heading.av-l7is8fr9-cd1081fc814a2a6f8c55f1a51560825a .av-special-heading-tag .heading-char{\nfont-size:25px;\n}\n.av-special-heading.av-l7is8fr9-cd1081fc814a2a6f8c55f1a51560825a .av-subheading{\nfont-size:15px;\n}\n<\/style>\n<div  class='av-special-heading av-l7is8fr9-cd1081fc814a2a6f8c55f1a51560825a av-special-heading-h2  avia-builder-el-6  el_after_av_image  el_before_av_hr '><h2 class='av-special-heading-tag '  itemprop=\"headline\"  >LE ISCRIZIONI PER LA STAGIONE 9 DEL SWISS VOICE TOUR SONO APERTE!<\/h2><div class=\"special-heading-border\"><div class=\"special-heading-inner-border\"><\/div><\/div><\/div><br \/>\n\n<style type=\"text\/css\" data-created_by=\"avia_inline_auto\" id=\"style-css-av-5iqa09-52e1bbce7549e8c1ee0b7378b3ce2c1f\">\n#top .hr.hr-invisible.av-5iqa09-52e1bbce7549e8c1ee0b7378b3ce2c1f{\nheight:30px;\n}\n<\/style>\n<div  class='hr av-5iqa09-52e1bbce7549e8c1ee0b7378b3ce2c1f hr-invisible  avia-builder-el-7  el_after_av_heading  el_before_av_textblock '><span class='hr-inner '><span class=\"hr-inner-style\"><\/span><\/span><\/div><br \/>\n<section  class='av_textblock_section av-l7is8vfq-74bdce57c601bdd8b2a6921eabe357ab '   itemscope=\"itemscope\" itemtype=\"https:\/\/schema.org\/BlogPosting\" itemprop=\"blogPost\" ><div class='avia_textblock'  itemprop=\"text\" ><p>La Svizzera vibra nuovamente al suono della musica, poich\u00e9 le iscrizioni per la Stagione 9 del Swiss Voice Tour sono ufficialmente aperte!<\/p>\n<p>Con 19 centri di casting distribuiti in tutto il paese, siamo pronti a scoprire i talenti eccezionali che si nascondono in ogni angolo della Svizzera.<\/p>\n<p>Quest&#8217;anno, il Swiss Voice Tour raggiunge nuove vette offrendo agli artisti emergenti l&#8217;opportunit\u00e0 di brillare sul palco. I 19 centri di casting sparsi in tutta la Svizzera offrono ai partecipanti la flessibilit\u00e0 di scegliere il luogo di loro scelta per esibirsi. Che tu venga da Ginevra, Zurigo, Losanna, Lugano o da qualsiasi altra regione svizzera, il Swiss Voice Tour \u00e8 accessibile a tutti!<\/p>\n<p>Non vediamo l&#8217;ora di scoprire il talento eccezionale che dorme in te. Qualunque sia il tuo stile musicale, che si tratti di pop, rock, hip-hop, jazz, classica o qualsiasi altro genere, siamo convinti che la Svizzera sia ricca di voci straordinarie.<\/p>\n<p>Il Swiss Voice Tour \u00e8 molto pi\u00f9 di un semplice concorso di canto. \u00c8 un&#8217;opportunit\u00e0 per brillare sotto i riflettori, far parte di una straordinaria comunit\u00e0 musicale e ricevere una formazione di prim&#8217;ordine dai migliori professionisti del settore. I vincitori avranno anche la possibilit\u00e0 di registrare il loro singolo in uno studio professionale e realizzare un videoclip.<\/p>\n<p>Quindi, che tu sia un appassionato cantante da anni o che abbia scoperto di recente il tuo talento, il Swiss Voice Tour \u00e8 l&#8217;occasione perfetta per far conoscere la tua voce al mondo. Non perdere questa opportunit\u00e0 per realizzarti come artista.<\/p>\n<p>Per iscriverti, visita il nostro sito web ufficiale, dove troverai tutte le informazioni sui centri di casting, le date, ecc. Non indugiare, perch\u00e9 i posti sono limitati, e la competizione si preannuncia intensa.<\/p>\n<p>La Stagione 9 del Swiss Voice Tour promette di essere un&#8217;avventura musicale indimenticabile, e non vediamo l&#8217;ora di vederti brillare sul palco. Che la musica ti guidi, e il miglior talento trionfi!<\/p>\n<p>Iscriviti ora :\u00a0<a href=\"https:\/\/register.swissvoicetour.ch\/it?_gl=1*1yelicj*_gcl_au*MTQzMTExMjczLjE2OTUzNzQ3Nzg.*_ga*NDg4OTE4ODY3LjE2Nzk0MDE3NDg.*_ga_8GRQY7FD4Z*MTY5ODgzMDAzOC4xNTUuMS4xNjk4ODMyODc4LjM4LjAuMA..\">https:\/\/register.swissvoicetour.ch\/it?_gl=1*1yelicj*_gcl_au*MTQzMTExMjczLjE2OTUzNzQ3Nzg.*_ga*NDg4OTE4ODY3LjE2Nzk0MDE3NDg.*_ga_8GRQY7FD4Z*MTY5ODgzMDAzOC4xNTUuMS4xNjk4ODMyODc4LjM4LjAuMA..<\/a><\/p>\n<\/div><\/section><\/p><\/div>\n\n<style type=\"text\/css\" data-created_by=\"avia_inline_auto\" id=\"style-css-av-3xdt0p-d38ae0e37a88d77aaa513428a7746aca\">\n.flex_column.av-3xdt0p-d38ae0e37a88d77aaa513428a7746aca{\nborder-radius:0px 0px 0px 0px;\npadding:0px 0px 0px 0px;\n}\n<\/style>\n<div  class='flex_column av-3xdt0p-d38ae0e37a88d77aaa513428a7746aca av_one_fifth  avia-builder-el-9  el_after_av_three_fifth  avia-builder-el-last  flex_column_div av-zero-column-padding  '     ><div  class='av-social-sharing-box av-3aqwll-46aaa316feac620dbb9e5750147e1fb1 av-social-sharing-box-default  avia-builder-el-10  avia-builder-el-no-sibling  av-social-sharing-box-fullwidth'><div class=\"av-share-box\"><h5 class='av-share-link-description av-no-toc '>Condividi questo articolo<\/h5><ul class=\"av-share-box-list noLightbox\"><li class='av-share-link av-social-link-facebook avia_social_iconfont' ><a target=\"_blank\" aria-label=\"Condividi su Facebook\" href='https:\/\/www.facebook.com\/sharer.php?u=https:\/\/www.swissvoicetour.ch\/it\/2023\/11\/01\/le-iscrizioni-per-la-stagione-9-del-swiss-voice-tour-sono-aperte\/&#038;t=LE%20ISCRIZIONI%20PER%20LA%20STAGIONE%209%20DEL%20SWISS%20VOICE%20TOUR%20SONO%20APERTE%21' data-av_icon='\ue8f3' data-av_iconfont='entypo-fontello'  title='' data-avia-related-tooltip='Condividi su Facebook'><span class='avia_hidden_link_text'>Condividi su Facebook<\/span><\/a><\/li><li class='av-share-link av-social-link-twitter avia_social_iconfont' ><a target=\"_blank\" aria-label=\"Condividi su X\" href='https:\/\/twitter.com\/share?text=LE%20ISCRIZIONI%20PER%20LA%20STAGIONE%209%20DEL%20SWISS%20VOICE%20TOUR%20SONO%20APERTE%21&#038;url=https:\/\/www.swissvoicetour.ch\/it\/?p=10753' data-av_icon='\ue932' data-av_iconfont='entypo-fontello'  title='' data-avia-related-tooltip='Condividi su X'><span class='avia_hidden_link_text'>Condividi su X<\/span><\/a><\/li><li class='av-share-link av-social-link-whatsapp avia_social_iconfont' ><a target=\"_blank\" aria-label=\"Condividi su WhatsApp\" href='https:\/\/api.whatsapp.com\/send?text=https:\/\/www.swissvoicetour.ch\/it\/2023\/11\/01\/le-iscrizioni-per-la-stagione-9-del-swiss-voice-tour-sono-aperte\/' data-av_icon='\uf232' data-av_iconfont='entypo-fontello'  title='' data-avia-related-tooltip='Condividi su WhatsApp'><span class='avia_hidden_link_text'>Condividi su WhatsApp<\/span><\/a><\/li><li class='av-share-link av-social-link-linkedin avia_social_iconfont' ><a target=\"_blank\" aria-label=\"Condividi su LinkedIn\" href='https:\/\/linkedin.com\/shareArticle?mini=true&#038;title=LE%20ISCRIZIONI%20PER%20LA%20STAGIONE%209%20DEL%20SWISS%20VOICE%20TOUR%20SONO%20APERTE%21&#038;url=https:\/\/www.swissvoicetour.ch\/it\/2023\/11\/01\/le-iscrizioni-per-la-stagione-9-del-swiss-voice-tour-sono-aperte\/' data-av_icon='\ue8fc' data-av_iconfont='entypo-fontello'  title='' data-avia-related-tooltip='Condividi su LinkedIn'><span class='avia_hidden_link_text'>Condividi su LinkedIn<\/span><\/a><\/li><li class='av-share-link av-social-link-mail avia_social_iconfont' ><a  aria-label=\"Condividi attraverso Mail\" href='mailto:?subject=LE%20ISCRIZIONI%20PER%20LA%20STAGIONE%209%20DEL%20SWISS%20VOICE%20TOUR%20SONO%20APERTE%21&#038;body=https:\/\/www.swissvoicetour.ch\/it\/2023\/11\/01\/le-iscrizioni-per-la-stagione-9-del-swiss-voice-tour-sono-aperte\/' data-av_icon='\ue805' data-av_iconfont='entypo-fontello'  title='' data-avia-related-tooltip='Condividi attraverso Mail'><span class='avia_hidden_link_text'>Condividi attraverso Mail<\/span><\/a><\/li><\/ul><\/div><\/div><\/div>\n","protected":false},"excerpt":{"rendered":"<p>La Svizzera vibra nuovamente al suono della musica, poich\u00e9 le iscrizioni per la Stagione 9 del Swiss Voice Tour sono ufficialmente aperte!<\/p>\n","protected":false},"author":4,"featured_media":10730,"comment_status":"closed","ping_status":"closed","sticky":false,"template":"","format":"standard","meta":{"_acf_changed":false,"footnotes":""},"categories":[19],"tags":[],"class_list":["post-10753","post","type-post","status-publish","format-standard","has-post-thumbnail","hentry","category-non-categorizzato"],"acf":[],"yoast_head":"<!-- This site is optimized with the Yoast SEO plugin v27.5 - https:\/\/yoast.com\/product\/yoast-seo-wordpress\/ -->\n<title>LE ISCRIZIONI PER LA STAGIONE 9 DEL SWISS VOICE TOUR SONO APERTE! - Swiss Voice Tour<\/title>\n<meta name=\"description\" content=\"La Svizzera vibra nuovamente al suono della musica, poich\u00e9 le iscrizioni per la Stagione 9 del Swiss Voice Tour sono ufficialmente aperte!\" \/>\n<meta name=\"robots\" content=\"index, follow, max-snippet:-1, max-image-preview:large, max-video-preview:-1\" \/>\n<link rel=\"canonical\" href=\"https:\/\/www.swissvoicetour.ch\/it\/2023\/11\/01\/le-iscrizioni-per-la-stagione-9-del-swiss-voice-tour-sono-aperte\/\" \/>\n<meta property=\"og:locale\" content=\"it_IT\" \/>\n<meta property=\"og:type\" content=\"article\" \/>\n<meta property=\"og:title\" content=\"LE ISCRIZIONI PER LA STAGIONE 9 DEL SWISS VOICE TOUR SONO APERTE! - Swiss Voice Tour\" \/>\n<meta property=\"og:description\" content=\"La Svizzera vibra nuovamente al suono della musica, poich\u00e9 le iscrizioni per la Stagione 9 del Swiss Voice Tour sono ufficialmente aperte!\" \/>\n<meta property=\"og:url\" content=\"https:\/\/www.swissvoicetour.ch\/it\/2023\/11\/01\/le-iscrizioni-per-la-stagione-9-del-swiss-voice-tour-sono-aperte\/\" \/>\n<meta property=\"og:site_name\" content=\"Swiss Voice Tour\" \/>\n<meta property=\"article:publisher\" content=\"https:\/\/www.facebook.com\/swissvoicetour\/\" \/>\n<meta property=\"article:published_time\" content=\"2023-11-01T10:02:02+00:00\" \/>\n<meta property=\"article:modified_time\" content=\"2024-10-23T11:09:29+00:00\" \/>\n<meta property=\"og:image\" content=\"https:\/\/www.swissvoicetour.ch\/wp-content\/uploads\/2023\/11\/forja2-mx-r2kxuoOFtHY-unsplash-1030x687.jpg\" \/>\n\t<meta property=\"og:image:width\" content=\"1030\" \/>\n\t<meta property=\"og:image:height\" content=\"687\" \/>\n\t<meta property=\"og:image:type\" content=\"image\/jpeg\" \/>\n<meta name=\"author\" content=\"Swissvoicetour\" \/>\n<meta name=\"twitter:card\" content=\"summary_large_image\" \/>\n<meta name=\"twitter:label1\" content=\"Scritto da\" \/>\n\t<meta name=\"twitter:data1\" content=\"Swissvoicetour\" \/>\n\t<meta name=\"twitter:label2\" content=\"Tempo di lettura stimato\" \/>\n\t<meta name=\"twitter:data2\" content=\"3 minuti\" \/>\n<script type=\"application\/ld+json\" class=\"yoast-schema-graph\">{\"@context\":\"https:\\\/\\\/schema.org\",\"@graph\":[{\"@type\":\"Article\",\"@id\":\"https:\\\/\\\/www.swissvoicetour.ch\\\/it\\\/2023\\\/11\\\/01\\\/le-iscrizioni-per-la-stagione-9-del-swiss-voice-tour-sono-aperte\\\/#article\",\"isPartOf\":{\"@id\":\"https:\\\/\\\/www.swissvoicetour.ch\\\/it\\\/2023\\\/11\\\/01\\\/le-iscrizioni-per-la-stagione-9-del-swiss-voice-tour-sono-aperte\\\/\"},\"author\":{\"name\":\"Swissvoicetour\",\"@id\":\"https:\\\/\\\/www.swissvoicetour.ch\\\/#\\\/schema\\\/person\\\/de38c536756e0b173c1a0c6b24b81323\"},\"headline\":\"LE ISCRIZIONI PER LA STAGIONE 9 DEL SWISS VOICE TOUR SONO APERTE!\",\"datePublished\":\"2023-11-01T10:02:02+00:00\",\"dateModified\":\"2024-10-23T11:09:29+00:00\",\"mainEntityOfPage\":{\"@id\":\"https:\\\/\\\/www.swissvoicetour.ch\\\/it\\\/2023\\\/11\\\/01\\\/le-iscrizioni-per-la-stagione-9-del-swiss-voice-tour-sono-aperte\\\/\"},\"wordCount\":1466,\"publisher\":{\"@id\":\"https:\\\/\\\/www.swissvoicetour.ch\\\/#organization\"},\"image\":{\"@id\":\"https:\\\/\\\/www.swissvoicetour.ch\\\/it\\\/2023\\\/11\\\/01\\\/le-iscrizioni-per-la-stagione-9-del-swiss-voice-tour-sono-aperte\\\/#primaryimage\"},\"thumbnailUrl\":\"https:\\\/\\\/www.swissvoicetour.ch\\\/wp-content\\\/uploads\\\/2023\\\/11\\\/forja2-mx-r2kxuoOFtHY-unsplash-scaled.jpg\",\"articleSection\":[\"Non categorizzato\"],\"inLanguage\":\"it-IT\"},{\"@type\":\"WebPage\",\"@id\":\"https:\\\/\\\/www.swissvoicetour.ch\\\/it\\\/2023\\\/11\\\/01\\\/le-iscrizioni-per-la-stagione-9-del-swiss-voice-tour-sono-aperte\\\/\",\"url\":\"https:\\\/\\\/www.swissvoicetour.ch\\\/it\\\/2023\\\/11\\\/01\\\/le-iscrizioni-per-la-stagione-9-del-swiss-voice-tour-sono-aperte\\\/\",\"name\":\"LE ISCRIZIONI PER LA STAGIONE 9 DEL SWISS VOICE TOUR SONO APERTE! - Swiss Voice Tour\",\"isPartOf\":{\"@id\":\"https:\\\/\\\/www.swissvoicetour.ch\\\/#website\"},\"primaryImageOfPage\":{\"@id\":\"https:\\\/\\\/www.swissvoicetour.ch\\\/it\\\/2023\\\/11\\\/01\\\/le-iscrizioni-per-la-stagione-9-del-swiss-voice-tour-sono-aperte\\\/#primaryimage\"},\"image\":{\"@id\":\"https:\\\/\\\/www.swissvoicetour.ch\\\/it\\\/2023\\\/11\\\/01\\\/le-iscrizioni-per-la-stagione-9-del-swiss-voice-tour-sono-aperte\\\/#primaryimage\"},\"thumbnailUrl\":\"https:\\\/\\\/www.swissvoicetour.ch\\\/wp-content\\\/uploads\\\/2023\\\/11\\\/forja2-mx-r2kxuoOFtHY-unsplash-scaled.jpg\",\"datePublished\":\"2023-11-01T10:02:02+00:00\",\"dateModified\":\"2024-10-23T11:09:29+00:00\",\"description\":\"La Svizzera vibra nuovamente al suono della musica, poich\u00e9 le iscrizioni per la Stagione 9 del Swiss Voice Tour sono ufficialmente aperte!\",\"breadcrumb\":{\"@id\":\"https:\\\/\\\/www.swissvoicetour.ch\\\/it\\\/2023\\\/11\\\/01\\\/le-iscrizioni-per-la-stagione-9-del-swiss-voice-tour-sono-aperte\\\/#breadcrumb\"},\"inLanguage\":\"it-IT\",\"potentialAction\":[{\"@type\":\"ReadAction\",\"target\":[\"https:\\\/\\\/www.swissvoicetour.ch\\\/it\\\/2023\\\/11\\\/01\\\/le-iscrizioni-per-la-stagione-9-del-swiss-voice-tour-sono-aperte\\\/\"]}]},{\"@type\":\"ImageObject\",\"inLanguage\":\"it-IT\",\"@id\":\"https:\\\/\\\/www.swissvoicetour.ch\\\/it\\\/2023\\\/11\\\/01\\\/le-iscrizioni-per-la-stagione-9-del-swiss-voice-tour-sono-aperte\\\/#primaryimage\",\"url\":\"https:\\\/\\\/www.swissvoicetour.ch\\\/wp-content\\\/uploads\\\/2023\\\/11\\\/forja2-mx-r2kxuoOFtHY-unsplash-scaled.jpg\",\"contentUrl\":\"https:\\\/\\\/www.swissvoicetour.ch\\\/wp-content\\\/uploads\\\/2023\\\/11\\\/forja2-mx-r2kxuoOFtHY-unsplash-scaled.jpg\",\"width\":2560,\"height\":1707},{\"@type\":\"BreadcrumbList\",\"@id\":\"https:\\\/\\\/www.swissvoicetour.ch\\\/it\\\/2023\\\/11\\\/01\\\/le-iscrizioni-per-la-stagione-9-del-swiss-voice-tour-sono-aperte\\\/#breadcrumb\",\"itemListElement\":[{\"@type\":\"ListItem\",\"position\":1,\"name\":\"Accueil\",\"item\":\"https:\\\/\\\/www.swissvoicetour.ch\\\/it\\\/\"},{\"@type\":\"ListItem\",\"position\":2,\"name\":\"LE ISCRIZIONI PER LA STAGIONE 9 DEL SWISS VOICE TOUR SONO APERTE!\"}]},{\"@type\":\"WebSite\",\"@id\":\"https:\\\/\\\/www.swissvoicetour.ch\\\/#website\",\"url\":\"https:\\\/\\\/www.swissvoicetour.ch\\\/\",\"name\":\"Swiss Voice Tour\",\"description\":\"Benvenuti nella pagina ufficiale dello Swiss Voice Tour\",\"publisher\":{\"@id\":\"https:\\\/\\\/www.swissvoicetour.ch\\\/#organization\"},\"potentialAction\":[{\"@type\":\"SearchAction\",\"target\":{\"@type\":\"EntryPoint\",\"urlTemplate\":\"https:\\\/\\\/www.swissvoicetour.ch\\\/?s={search_term_string}\"},\"query-input\":{\"@type\":\"PropertyValueSpecification\",\"valueRequired\":true,\"valueName\":\"search_term_string\"}}],\"inLanguage\":\"it-IT\"},{\"@type\":\"Organization\",\"@id\":\"https:\\\/\\\/www.swissvoicetour.ch\\\/#organization\",\"name\":\"Swiss Voice Tour\",\"url\":\"https:\\\/\\\/www.swissvoicetour.ch\\\/\",\"logo\":{\"@type\":\"ImageObject\",\"inLanguage\":\"it-IT\",\"@id\":\"https:\\\/\\\/www.swissvoicetour.ch\\\/#\\\/schema\\\/logo\\\/image\\\/\",\"url\":\"https:\\\/\\\/www.swissvoicetour.ch\\\/wp-content\\\/uploads\\\/2024\\\/11\\\/LOGO_SVT_2025_RVB-1030x1030.png\",\"contentUrl\":\"https:\\\/\\\/www.swissvoicetour.ch\\\/wp-content\\\/uploads\\\/2024\\\/11\\\/LOGO_SVT_2025_RVB-1030x1030.png\",\"width\":1030,\"height\":1030,\"caption\":\"Swiss Voice Tour\"},\"image\":{\"@id\":\"https:\\\/\\\/www.swissvoicetour.ch\\\/#\\\/schema\\\/logo\\\/image\\\/\"},\"sameAs\":[\"https:\\\/\\\/www.facebook.com\\\/swissvoicetour\\\/\",\"https:\\\/\\\/www.instagram.com\\\/swissvoicetour\\\/\"]},{\"@type\":\"Person\",\"@id\":\"https:\\\/\\\/www.swissvoicetour.ch\\\/#\\\/schema\\\/person\\\/de38c536756e0b173c1a0c6b24b81323\",\"name\":\"Swissvoicetour\",\"image\":{\"@type\":\"ImageObject\",\"inLanguage\":\"it-IT\",\"@id\":\"https:\\\/\\\/secure.gravatar.com\\\/avatar\\\/b80f148837990d85089c37188c2849d7e9c06f46aa6a7fd3926e733059ecb726?s=96&d=mm&r=g\",\"url\":\"https:\\\/\\\/secure.gravatar.com\\\/avatar\\\/b80f148837990d85089c37188c2849d7e9c06f46aa6a7fd3926e733059ecb726?s=96&d=mm&r=g\",\"contentUrl\":\"https:\\\/\\\/secure.gravatar.com\\\/avatar\\\/b80f148837990d85089c37188c2849d7e9c06f46aa6a7fd3926e733059ecb726?s=96&d=mm&r=g\",\"caption\":\"Swissvoicetour\"},\"url\":\"https:\\\/\\\/www.swissvoicetour.ch\\\/it\\\/author\\\/swissvoicetour\\\/\"}]}<\/script>\n<!-- \/ Yoast SEO plugin. -->","yoast_head_json":{"title":"LE ISCRIZIONI PER LA STAGIONE 9 DEL SWISS VOICE TOUR SONO APERTE! - Swiss Voice Tour","description":"La Svizzera vibra nuovamente al suono della musica, poich\u00e9 le iscrizioni per la Stagione 9 del Swiss Voice Tour sono ufficialmente aperte!","robots":{"index":"index","follow":"follow","max-snippet":"max-snippet:-1","max-image-preview":"max-image-preview:large","max-video-preview":"max-video-preview:-1"},"canonical":"https:\/\/www.swissvoicetour.ch\/it\/2023\/11\/01\/le-iscrizioni-per-la-stagione-9-del-swiss-voice-tour-sono-aperte\/","og_locale":"it_IT","og_type":"article","og_title":"LE ISCRIZIONI PER LA STAGIONE 9 DEL SWISS VOICE TOUR SONO APERTE! - Swiss Voice Tour","og_description":"La Svizzera vibra nuovamente al suono della musica, poich\u00e9 le iscrizioni per la Stagione 9 del Swiss Voice Tour sono ufficialmente aperte!","og_url":"https:\/\/www.swissvoicetour.ch\/it\/2023\/11\/01\/le-iscrizioni-per-la-stagione-9-del-swiss-voice-tour-sono-aperte\/","og_site_name":"Swiss Voice Tour","article_publisher":"https:\/\/www.facebook.com\/swissvoicetour\/","article_published_time":"2023-11-01T10:02:02+00:00","article_modified_time":"2024-10-23T11:09:29+00:00","og_image":[{"width":1030,"height":687,"url":"https:\/\/www.swissvoicetour.ch\/wp-content\/uploads\/2023\/11\/forja2-mx-r2kxuoOFtHY-unsplash-1030x687.jpg","type":"image\/jpeg"}],"author":"Swissvoicetour","twitter_card":"summary_large_image","twitter_misc":{"Scritto da":"Swissvoicetour","Tempo di lettura stimato":"3 minuti"},"schema":{"@context":"https:\/\/schema.org","@graph":[{"@type":"Article","@id":"https:\/\/www.swissvoicetour.ch\/it\/2023\/11\/01\/le-iscrizioni-per-la-stagione-9-del-swiss-voice-tour-sono-aperte\/#article","isPartOf":{"@id":"https:\/\/www.swissvoicetour.ch\/it\/2023\/11\/01\/le-iscrizioni-per-la-stagione-9-del-swiss-voice-tour-sono-aperte\/"},"author":{"name":"Swissvoicetour","@id":"https:\/\/www.swissvoicetour.ch\/#\/schema\/person\/de38c536756e0b173c1a0c6b24b81323"},"headline":"LE ISCRIZIONI PER LA STAGIONE 9 DEL SWISS VOICE TOUR SONO APERTE!","datePublished":"2023-11-01T10:02:02+00:00","dateModified":"2024-10-23T11:09:29+00:00","mainEntityOfPage":{"@id":"https:\/\/www.swissvoicetour.ch\/it\/2023\/11\/01\/le-iscrizioni-per-la-stagione-9-del-swiss-voice-tour-sono-aperte\/"},"wordCount":1466,"publisher":{"@id":"https:\/\/www.swissvoicetour.ch\/#organization"},"image":{"@id":"https:\/\/www.swissvoicetour.ch\/it\/2023\/11\/01\/le-iscrizioni-per-la-stagione-9-del-swiss-voice-tour-sono-aperte\/#primaryimage"},"thumbnailUrl":"https:\/\/www.swissvoicetour.ch\/wp-content\/uploads\/2023\/11\/forja2-mx-r2kxuoOFtHY-unsplash-scaled.jpg","articleSection":["Non categorizzato"],"inLanguage":"it-IT"},{"@type":"WebPage","@id":"https:\/\/www.swissvoicetour.ch\/it\/2023\/11\/01\/le-iscrizioni-per-la-stagione-9-del-swiss-voice-tour-sono-aperte\/","url":"https:\/\/www.swissvoicetour.ch\/it\/2023\/11\/01\/le-iscrizioni-per-la-stagione-9-del-swiss-voice-tour-sono-aperte\/","name":"LE ISCRIZIONI PER LA STAGIONE 9 DEL SWISS VOICE TOUR SONO APERTE! - Swiss Voice Tour","isPartOf":{"@id":"https:\/\/www.swissvoicetour.ch\/#website"},"primaryImageOfPage":{"@id":"https:\/\/www.swissvoicetour.ch\/it\/2023\/11\/01\/le-iscrizioni-per-la-stagione-9-del-swiss-voice-tour-sono-aperte\/#primaryimage"},"image":{"@id":"https:\/\/www.swissvoicetour.ch\/it\/2023\/11\/01\/le-iscrizioni-per-la-stagione-9-del-swiss-voice-tour-sono-aperte\/#primaryimage"},"thumbnailUrl":"https:\/\/www.swissvoicetour.ch\/wp-content\/uploads\/2023\/11\/forja2-mx-r2kxuoOFtHY-unsplash-scaled.jpg","datePublished":"2023-11-01T10:02:02+00:00","dateModified":"2024-10-23T11:09:29+00:00","description":"La Svizzera vibra nuovamente al suono della musica, poich\u00e9 le iscrizioni per la Stagione 9 del Swiss Voice Tour sono ufficialmente aperte!","breadcrumb":{"@id":"https:\/\/www.swissvoicetour.ch\/it\/2023\/11\/01\/le-iscrizioni-per-la-stagione-9-del-swiss-voice-tour-sono-aperte\/#breadcrumb"},"inLanguage":"it-IT","potentialAction":[{"@type":"ReadAction","target":["https:\/\/www.swissvoicetour.ch\/it\/2023\/11\/01\/le-iscrizioni-per-la-stagione-9-del-swiss-voice-tour-sono-aperte\/"]}]},{"@type":"ImageObject","inLanguage":"it-IT","@id":"https:\/\/www.swissvoicetour.ch\/it\/2023\/11\/01\/le-iscrizioni-per-la-stagione-9-del-swiss-voice-tour-sono-aperte\/#primaryimage","url":"https:\/\/www.swissvoicetour.ch\/wp-content\/uploads\/2023\/11\/forja2-mx-r2kxuoOFtHY-unsplash-scaled.jpg","contentUrl":"https:\/\/www.swissvoicetour.ch\/wp-content\/uploads\/2023\/11\/forja2-mx-r2kxuoOFtHY-unsplash-scaled.jpg","width":2560,"height":1707},{"@type":"BreadcrumbList","@id":"https:\/\/www.swissvoicetour.ch\/it\/2023\/11\/01\/le-iscrizioni-per-la-stagione-9-del-swiss-voice-tour-sono-aperte\/#breadcrumb","itemListElement":[{"@type":"ListItem","position":1,"name":"Accueil","item":"https:\/\/www.swissvoicetour.ch\/it\/"},{"@type":"ListItem","position":2,"name":"LE ISCRIZIONI PER LA STAGIONE 9 DEL SWISS VOICE TOUR SONO APERTE!"}]},{"@type":"WebSite","@id":"https:\/\/www.swissvoicetour.ch\/#website","url":"https:\/\/www.swissvoicetour.ch\/","name":"Swiss Voice Tour","description":"Benvenuti nella pagina ufficiale dello Swiss Voice Tour","publisher":{"@id":"https:\/\/www.swissvoicetour.ch\/#organization"},"potentialAction":[{"@type":"SearchAction","target":{"@type":"EntryPoint","urlTemplate":"https:\/\/www.swissvoicetour.ch\/?s={search_term_string}"},"query-input":{"@type":"PropertyValueSpecification","valueRequired":true,"valueName":"search_term_string"}}],"inLanguage":"it-IT"},{"@type":"Organization","@id":"https:\/\/www.swissvoicetour.ch\/#organization","name":"Swiss Voice Tour","url":"https:\/\/www.swissvoicetour.ch\/","logo":{"@type":"ImageObject","inLanguage":"it-IT","@id":"https:\/\/www.swissvoicetour.ch\/#\/schema\/logo\/image\/","url":"https:\/\/www.swissvoicetour.ch\/wp-content\/uploads\/2024\/11\/LOGO_SVT_2025_RVB-1030x1030.png","contentUrl":"https:\/\/www.swissvoicetour.ch\/wp-content\/uploads\/2024\/11\/LOGO_SVT_2025_RVB-1030x1030.png","width":1030,"height":1030,"caption":"Swiss Voice Tour"},"image":{"@id":"https:\/\/www.swissvoicetour.ch\/#\/schema\/logo\/image\/"},"sameAs":["https:\/\/www.facebook.com\/swissvoicetour\/","https:\/\/www.instagram.com\/swissvoicetour\/"]},{"@type":"Person","@id":"https:\/\/www.swissvoicetour.ch\/#\/schema\/person\/de38c536756e0b173c1a0c6b24b81323","name":"Swissvoicetour","image":{"@type":"ImageObject","inLanguage":"it-IT","@id":"https:\/\/secure.gravatar.com\/avatar\/b80f148837990d85089c37188c2849d7e9c06f46aa6a7fd3926e733059ecb726?s=96&d=mm&r=g","url":"https:\/\/secure.gravatar.com\/avatar\/b80f148837990d85089c37188c2849d7e9c06f46aa6a7fd3926e733059ecb726?s=96&d=mm&r=g","contentUrl":"https:\/\/secure.gravatar.com\/avatar\/b80f148837990d85089c37188c2849d7e9c06f46aa6a7fd3926e733059ecb726?s=96&d=mm&r=g","caption":"Swissvoicetour"},"url":"https:\/\/www.swissvoicetour.ch\/it\/author\/swissvoicetour\/"}]}},"_links":{"self":[{"href":"https:\/\/www.swissvoicetour.ch\/it\/wp-json\/wp\/v2\/posts\/10753","targetHints":{"allow":["GET"]}}],"collection":[{"href":"https:\/\/www.swissvoicetour.ch\/it\/wp-json\/wp\/v2\/posts"}],"about":[{"href":"https:\/\/www.swissvoicetour.ch\/it\/wp-json\/wp\/v2\/types\/post"}],"author":[{"embeddable":true,"href":"https:\/\/www.swissvoicetour.ch\/it\/wp-json\/wp\/v2\/users\/4"}],"replies":[{"embeddable":true,"href":"https:\/\/www.swissvoicetour.ch\/it\/wp-json\/wp\/v2\/comments?post=10753"}],"version-history":[{"count":3,"href":"https:\/\/www.swissvoicetour.ch\/it\/wp-json\/wp\/v2\/posts\/10753\/revisions"}],"predecessor-version":[{"id":12775,"href":"https:\/\/www.swissvoicetour.ch\/it\/wp-json\/wp\/v2\/posts\/10753\/revisions\/12775"}],"wp:featuredmedia":[{"embeddable":true,"href":"https:\/\/www.swissvoicetour.ch\/it\/wp-json\/wp\/v2\/media\/10730"}],"wp:attachment":[{"href":"https:\/\/www.swissvoicetour.ch\/it\/wp-json\/wp\/v2\/media?parent=10753"}],"wp:term":[{"taxonomy":"category","embeddable":true,"href":"https:\/\/www.swissvoicetour.ch\/it\/wp-json\/wp\/v2\/categories?post=10753"},{"taxonomy":"post_tag","embeddable":true,"href":"https:\/\/www.swissvoicetour.ch\/it\/wp-json\/wp\/v2\/tags?post=10753"}],"curies":[{"name":"wp","href":"https:\/\/api.w.org\/{rel}","templated":true}]}}