{"id":8239,"date":"2022-07-15T10:41:01","date_gmt":"2022-07-15T08:41:01","guid":{"rendered":"https:\/\/www.swissvoicetour.ch\/?p=8239"},"modified":"2022-07-15T10:41:02","modified_gmt":"2022-07-15T08:41:02","slug":"sana-und-jamica-sind-die-siegerinnen-der-vorausscheidung-im-wankdorf","status":"publish","type":"post","link":"https:\/\/www.swissvoicetour.ch\/de\/2022\/07\/15\/sana-und-jamica-sind-die-siegerinnen-der-vorausscheidung-im-wankdorf\/","title":{"rendered":"SANA UND JAMICA SIND DIE SIEGERINNEN DER VORAUSSCHEIDUNG IM WANKDORF!"},"content":{"rendered":"\n<style type=\"text\/css\" data-created_by=\"avia_inline_auto\" id=\"style-css-av-av_section-fdff14bad3ecc7f58dfb31b9b8423929\">\n.avia-section.av-av_section-fdff14bad3ecc7f58dfb31b9b8423929{\nbackground-color:#cca047;\nbackground-image:unset;\n}\n.avia-section.av-av_section-fdff14bad3ecc7f58dfb31b9b8423929 .av-extra-border-element .av-extra-border-inner{\nbackground-color:#ffffff;\n}\n<\/style>\n<div id='av_section_1'  class='avia-section av-av_section-fdff14bad3ecc7f58dfb31b9b8423929 main_color avia-section-default avia-no-border-styling  avia-builder-el-0  el_before_av_one_fifth  avia-builder-el-first  avia-bg-style-scroll av-minimum-height av-minimum-height-custom av-height-custom  container_wrap fullsize'   data-av_minimum_height_px='200'><div class='container av-section-cont-open' style='height:200px'><main  role=\"main\" itemprop=\"mainContentOfPage\"  class='template-page content  av-content-full alpha units'><div class='post-entry post-entry-type-page post-entry-8239'><div class='entry-content-wrapper clearfix'>\n\n<style type=\"text\/css\" data-created_by=\"avia_inline_auto\" id=\"style-css-av-av_heading-9ce79dd9a7d766d4a56448e9b8709700\">\n#top .av-special-heading.av-av_heading-9ce79dd9a7d766d4a56448e9b8709700{\npadding-bottom:10px;\ncolor:#ffffff;\n}\nbody .av-special-heading.av-av_heading-9ce79dd9a7d766d4a56448e9b8709700 .av-special-heading-tag .heading-char{\nfont-size:25px;\n}\n.av-special-heading.av-av_heading-9ce79dd9a7d766d4a56448e9b8709700 .special-heading-inner-border{\nborder-color:#ffffff;\n}\n.av-special-heading.av-av_heading-9ce79dd9a7d766d4a56448e9b8709700 .av-subheading{\nfont-size:15px;\n}\n<\/style>\n<div  class='av-special-heading av-av_heading-9ce79dd9a7d766d4a56448e9b8709700 av-special-heading-h1 custom-color-heading blockquote modern-quote  avia-builder-el-1  avia-builder-el-no-sibling '><h1 class='av-special-heading-tag '  itemprop=\"headline\"  >News<\/h1><div class=\"special-heading-border\"><div class=\"special-heading-inner-border\"><\/div><\/div><\/div>\n<\/div><\/div><\/main><!-- close content main element --><\/div><div class='av-extra-border-element border-extra-diagonal border-extra-diagonal-inverse '><div class='av-extra-border-outer'><div class='av-extra-border-inner'><\/div><\/div><\/div><\/div><div id='after_section_1'  class='main_color av_default_container_wrap container_wrap fullsize'  ><div class='container av-section-cont-open' ><div class='template-page content  av-content-full alpha units'><div class='post-entry post-entry-type-page post-entry-8239'><div class='entry-content-wrapper clearfix'>\n\n<style type=\"text\/css\" data-created_by=\"avia_inline_auto\" id=\"style-css-av-av_one_fifth-79ff81c021393065cee878051452f6a6\">\n.flex_column.av-av_one_fifth-79ff81c021393065cee878051452f6a6{\nborder-radius:0px 0px 0px 0px;\npadding:0px 0px 0px 0px;\n}\n<\/style>\n<div  class='flex_column av-av_one_fifth-79ff81c021393065cee878051452f6a6 av_one_fifth  avia-builder-el-2  el_after_av_section  el_before_av_three_fifth  avia-builder-el-first  first flex_column_div av-zero-column-padding  '     ><div  class='avia-button-wrap av-av_button-23c47e7b89e0504d1649fbe21300a20e-wrap avia-button-left  avia-builder-el-3  avia-builder-el-no-sibling '><a href='https:\/\/www.swissvoicetour.ch\/de\/news\/'  class='avia-button av-av_button-23c47e7b89e0504d1649fbe21300a20e av-link-btn avia-icon_select-yes-left-icon avia-size-small avia-position-left avia-color-theme-color'   aria-label=\"Sehen Sie alle Nachrichten\"><span class='avia_button_icon avia_button_icon_left avia-iconfont avia-font-entypo-fontello' data-av_icon='\ue830' data-av_iconfont='entypo-fontello' ><\/span><span class='avia_iconbox_title' >Sehen Sie alle Nachrichten<\/span><\/a><\/div><\/div>\n\n<style type=\"text\/css\" data-created_by=\"avia_inline_auto\" id=\"style-css-av-av_three_fifth-49f6e875884219cf77c24341e550af53\">\n.flex_column.av-av_three_fifth-49f6e875884219cf77c24341e550af53{\nborder-radius:0px 0px 0px 0px;\npadding:0px 0px 0px 0px;\n}\n<\/style>\n<div  class='flex_column av-av_three_fifth-49f6e875884219cf77c24341e550af53 av_three_fifth  avia-builder-el-4  el_after_av_one_fifth  el_before_av_one_fifth  flex_column_div av-zero-column-padding  '     ><p>\n<style type=\"text\/css\" data-created_by=\"avia_inline_auto\" id=\"style-css-av-l5m7j2y0-eb1b4c517fde2f1b33a45eeb51d09c8d\">\n.avia-image-container.av-l5m7j2y0-eb1b4c517fde2f1b33a45eeb51d09c8d img.avia_image{\nbox-shadow:none;\n}\n.avia-image-container.av-l5m7j2y0-eb1b4c517fde2f1b33a45eeb51d09c8d .av-image-caption-overlay-center{\ncolor:#ffffff;\n}\n<\/style>\n<div  class='avia-image-container av-l5m7j2y0-eb1b4c517fde2f1b33a45eeb51d09c8d av-styling- avia-align-center  avia-builder-el-5  el_before_av_heading  avia-builder-el-first '   itemprop=\"image\" itemscope=\"itemscope\" itemtype=\"https:\/\/schema.org\/ImageObject\" ><div class=\"avia-image-container-inner\"><div class=\"avia-image-overlay-wrap\"><img decoding=\"async\" fetchpriority=\"high\" class='wp-image-8234 avia-img-lazy-loading-not-8234 avia_image ' src=\"https:\/\/www.swissvoicetour.ch\/wp-content\/uploads\/2022\/07\/Gagnants-Wankdorf-1030x865.jpg\" alt='' title='Gagnants Wankdorf'  height=\"865\" width=\"1030\"  itemprop=\"thumbnailUrl\" srcset=\"https:\/\/www.swissvoicetour.ch\/wp-content\/uploads\/2022\/07\/Gagnants-Wankdorf-1030x865.jpg 1030w, https:\/\/www.swissvoicetour.ch\/wp-content\/uploads\/2022\/07\/Gagnants-Wankdorf-300x252.jpg 300w, https:\/\/www.swissvoicetour.ch\/wp-content\/uploads\/2022\/07\/Gagnants-Wankdorf-768x645.jpg 768w, https:\/\/www.swissvoicetour.ch\/wp-content\/uploads\/2022\/07\/Gagnants-Wankdorf-1536x1290.jpg 1536w, https:\/\/www.swissvoicetour.ch\/wp-content\/uploads\/2022\/07\/Gagnants-Wankdorf-2048x1720.jpg 2048w, https:\/\/www.swissvoicetour.ch\/wp-content\/uploads\/2022\/07\/Gagnants-Wankdorf-1500x1260.jpg 1500w, https:\/\/www.swissvoicetour.ch\/wp-content\/uploads\/2022\/07\/Gagnants-Wankdorf-705x592.jpg 705w\" sizes=\"(max-width: 1030px) 100vw, 1030px\" \/><\/div><\/div><\/div><br \/>\n\n<style type=\"text\/css\" data-created_by=\"avia_inline_auto\" id=\"style-css-av-l5m7jg3g-f3edc396be7a71288f0a216f252f882b\">\n#top .av-special-heading.av-l5m7jg3g-f3edc396be7a71288f0a216f252f882b{\npadding-bottom:10px;\n}\nbody .av-special-heading.av-l5m7jg3g-f3edc396be7a71288f0a216f252f882b .av-special-heading-tag .heading-char{\nfont-size:25px;\n}\n.av-special-heading.av-l5m7jg3g-f3edc396be7a71288f0a216f252f882b .av-subheading{\nfont-size:15px;\n}\n<\/style>\n<div  class='av-special-heading av-l5m7jg3g-f3edc396be7a71288f0a216f252f882b av-special-heading-h2  avia-builder-el-6  el_after_av_image  el_before_av_hr '><h2 class='av-special-heading-tag '  itemprop=\"headline\"  >SANA UND JAMICA SIND DIE SIEGERINNEN DER VORAUSSCHEIDUNG IM WANKDORF!<\/h2><div class=\"special-heading-border\"><div class=\"special-heading-inner-border\"><\/div><\/div><\/div><br \/>\n\n<style type=\"text\/css\" data-created_by=\"avia_inline_auto\" id=\"style-css-av-av_hr-e91f8fbe81134c228cc94df0c2ea3da0\">\n#top .hr.hr-invisible.av-av_hr-e91f8fbe81134c228cc94df0c2ea3da0{\nheight:30px;\n}\n<\/style>\n<div  class='hr av-av_hr-e91f8fbe81134c228cc94df0c2ea3da0 hr-invisible  avia-builder-el-7  el_after_av_heading  el_before_av_textblock '><span class='hr-inner '><span class=\"hr-inner-style\"><\/span><\/span><\/div><br \/>\n<section  class='av_textblock_section av-l5m7jvhz-e735e05f8dfd719245585693414888f3 '   itemscope=\"itemscope\" itemtype=\"https:\/\/schema.org\/BlogPosting\" itemprop=\"blogPost\" ><div class='avia_textblock'  itemprop=\"text\" ><p>Die 13-j\u00e4hrige Sana gewinnt das Finale der Wankdorf-Etappe in Bern, das am Samstag, den 07. Juli 2022 stattgefunden hat. Sie hat die Juroren begeistert und sich somit ihre Teilnahme am Halbfinale der Swiss Voice Tour vom Samstag, den 27. August 2022, im L\u00e9man Centre in Crissier gesichert.<\/p>\n<p>In der Erwachsenen-Kategorie ist es Jamica, die die Jury im Wankdorf von sich \u00fcberzeugen konnte und sich somit ihren Platz im Halbfinale ergattert hat.<\/p>\n<p>Gl\u00fcckwunsch an Sana und Jamica!<\/p>\n<\/div><\/section><br \/>\n\n<style type=\"text\/css\" data-created_by=\"avia_inline_auto\" id=\"style-css-av-av_hr-50edc9949d927eab467680f201044eec\">\n#top .hr.hr-invisible.av-av_hr-50edc9949d927eab467680f201044eec{\nheight:25px;\n}\n<\/style>\n<div  class='hr av-av_hr-50edc9949d927eab467680f201044eec hr-invisible  avia-builder-el-9  el_after_av_textblock  el_before_av_button '><span class='hr-inner '><span class=\"hr-inner-style\"><\/span><\/span><\/div><br \/>\n<div  class='avia-button-wrap av-l5m7k24a-fa365a7c692d4a575b07d9d512191c9a-wrap avia-button-center  avia-builder-el-10  el_after_av_hr  avia-builder-el-last '><a href='https:\/\/www.swissvoicetour.ch\/de\/staffel-7\/'  class='avia-button av-l5m7k24a-fa365a7c692d4a575b07d9d512191c9a av-link-btn avia-icon_select-no avia-size-small avia-position-center avia-color-theme-color'  target=\"_blank\"  rel=\"noopener noreferrer\"  aria-label=\"Finden Sie alle Videos des Castings im Wankdorf\"><span class='avia_iconbox_title' >Finden Sie alle Videos des Castings im Wankdorf<\/span><\/a><\/div><\/p><\/div>\n<style type=\"text\/css\" data-created_by=\"avia_inline_auto\" id=\"style-css-av-av_one_fifth-49f6e875884219cf77c24341e550af53\">\n.flex_column.av-av_one_fifth-49f6e875884219cf77c24341e550af53{\nborder-radius:0px 0px 0px 0px;\npadding:0px 0px 0px 0px;\n}\n<\/style>\n<div  class='flex_column av-av_one_fifth-49f6e875884219cf77c24341e550af53 av_one_fifth  avia-builder-el-11  el_after_av_three_fifth  avia-builder-el-last  flex_column_div av-zero-column-padding  '     ><div  class='av-social-sharing-box av-av_social_share-1de44a86d17cf8db4984542d1da2083e av-social-sharing-box-default  avia-builder-el-12  avia-builder-el-no-sibling  av-social-sharing-box-fullwidth'><div class=\"av-share-box\"><h5 class='av-share-link-description av-no-toc '>Teilen Sie diesen Artikel<\/h5><ul class=\"av-share-box-list noLightbox\"><li class='av-share-link av-social-link-facebook avia_social_iconfont' ><a target=\"_blank\" aria-label=\"Teilen auf Facebook\" href='https:\/\/www.facebook.com\/sharer.php?u=https:\/\/www.swissvoicetour.ch\/de\/2022\/07\/15\/sana-und-jamica-sind-die-siegerinnen-der-vorausscheidung-im-wankdorf\/&#038;t=SANA%20UND%20JAMICA%20SIND%20DIE%20SIEGERINNEN%20DER%20VORAUSSCHEIDUNG%20IM%20WANKDORF%21' data-av_icon='\ue8f3' data-av_iconfont='entypo-fontello'  title='' data-avia-related-tooltip='Teilen auf Facebook'><span class='avia_hidden_link_text'>Teilen auf Facebook<\/span><\/a><\/li><li class='av-share-link av-social-link-twitter avia_social_iconfont' ><a target=\"_blank\" aria-label=\"Teilen auf X\" href='https:\/\/twitter.com\/share?text=SANA%20UND%20JAMICA%20SIND%20DIE%20SIEGERINNEN%20DER%20VORAUSSCHEIDUNG%20IM%20WANKDORF%21&#038;url=https:\/\/www.swissvoicetour.ch\/de\/?p=8239' data-av_icon='\ue932' data-av_iconfont='entypo-fontello'  title='' data-avia-related-tooltip='Teilen auf X'><span class='avia_hidden_link_text'>Teilen auf X<\/span><\/a><\/li><li class='av-share-link av-social-link-whatsapp avia_social_iconfont' ><a target=\"_blank\" aria-label=\"Teilen auf WhatsApp\" href='https:\/\/api.whatsapp.com\/send?text=https:\/\/www.swissvoicetour.ch\/de\/2022\/07\/15\/sana-und-jamica-sind-die-siegerinnen-der-vorausscheidung-im-wankdorf\/' data-av_icon='\uf232' data-av_iconfont='entypo-fontello'  title='' data-avia-related-tooltip='Teilen auf WhatsApp'><span class='avia_hidden_link_text'>Teilen auf WhatsApp<\/span><\/a><\/li><li class='av-share-link av-social-link-linkedin avia_social_iconfont' ><a target=\"_blank\" aria-label=\"Teilen auf LinkedIn\" href='https:\/\/linkedin.com\/shareArticle?mini=true&#038;title=SANA%20UND%20JAMICA%20SIND%20DIE%20SIEGERINNEN%20DER%20VORAUSSCHEIDUNG%20IM%20WANKDORF%21&#038;url=https:\/\/www.swissvoicetour.ch\/de\/2022\/07\/15\/sana-und-jamica-sind-die-siegerinnen-der-vorausscheidung-im-wankdorf\/' data-av_icon='\ue8fc' data-av_iconfont='entypo-fontello'  title='' data-avia-related-tooltip='Teilen auf LinkedIn'><span class='avia_hidden_link_text'>Teilen auf LinkedIn<\/span><\/a><\/li><li class='av-share-link av-social-link-mail avia_social_iconfont' ><a  aria-label=\"Per E-Mail teilen\" href='mailto:?subject=SANA%20UND%20JAMICA%20SIND%20DIE%20SIEGERINNEN%20DER%20VORAUSSCHEIDUNG%20IM%20WANKDORF%21&#038;body=https:\/\/www.swissvoicetour.ch\/de\/2022\/07\/15\/sana-und-jamica-sind-die-siegerinnen-der-vorausscheidung-im-wankdorf\/' data-av_icon='\ue805' data-av_iconfont='entypo-fontello'  title='' data-avia-related-tooltip='Per E-Mail teilen'><span class='avia_hidden_link_text'>Per E-Mail teilen<\/span><\/a><\/li><\/ul><\/div><\/div><\/div><\/p>\n","protected":false},"excerpt":{"rendered":"<p>Die 13-j\u00e4hrige Sana gewinnt das Finale der Wankdorf-Etappe in Bern, das am Samstag, den 07. Juli 2022 stattgefunden hat. <\/p>\n","protected":false},"author":4,"featured_media":8234,"comment_status":"closed","ping_status":"closed","sticky":false,"template":"","format":"standard","meta":{"_acf_changed":false,"footnotes":""},"categories":[18],"tags":[],"class_list":["post-8239","post","type-post","status-publish","format-standard","has-post-thumbnail","hentry","category-unkategorisiert"],"acf":[],"yoast_head":"<!-- This site is optimized with the Yoast SEO plugin v27.5 - https:\/\/yoast.com\/product\/yoast-seo-wordpress\/ -->\n<title>SANA UND JAMICA SIND DIE SIEGERINNEN DER VORAUSSCHEIDUNG IM WANKDORF! - Swiss Voice Tour<\/title>\n<meta name=\"description\" content=\"Die 13-j\u00e4hrige Sana gewinnt das Finale der Wankdorf-Etappe in Bern, das am Samstag, den 07. Juli 2022 stattgefunden hat. Sie hat die Juroren begeistert und sich somit ihre Teilnahme am Halbfinale der Swiss Voice Tour vom Samstag, den 27. August 2022, im L\u00e9man Centre in Crissier gesichert.In der Erwachsenen-Kategorie ist es Jamica, die die Jury im Wankdorf von sich \u00fcberzeugen konnte und sich somit ihren Platz im Halbfinale ergattert hat.Gl\u00fcckwunsch an Sana und Jamica!\" \/>\n<meta name=\"robots\" content=\"index, follow, max-snippet:-1, max-image-preview:large, max-video-preview:-1\" \/>\n<link rel=\"canonical\" href=\"https:\/\/www.swissvoicetour.ch\/2022\/07\/15\/sana-et-jamica-sont-les-gagnantes-de-letape-du-wankdorf\/\" \/>\n<meta property=\"og:locale\" content=\"de_DE\" \/>\n<meta property=\"og:type\" content=\"article\" \/>\n<meta property=\"og:title\" content=\"SANA UND JAMICA SIND DIE SIEGERINNEN DER VORAUSSCHEIDUNG IM WANKDORF! - Swiss Voice Tour\" \/>\n<meta property=\"og:description\" content=\"Die 13-j\u00e4hrige Sana gewinnt das Finale der Wankdorf-Etappe in Bern, das am Samstag, den 07. Juli 2022 stattgefunden hat. Sie hat die Juroren begeistert und sich somit ihre Teilnahme am Halbfinale der Swiss Voice Tour vom Samstag, den 27. August 2022, im L\u00e9man Centre in Crissier gesichert.In der Erwachsenen-Kategorie ist es Jamica, die die Jury im Wankdorf von sich \u00fcberzeugen konnte und sich somit ihren Platz im Halbfinale ergattert hat.Gl\u00fcckwunsch an Sana und Jamica!\" \/>\n<meta property=\"og:url\" content=\"https:\/\/www.swissvoicetour.ch\/2022\/07\/15\/sana-et-jamica-sont-les-gagnantes-de-letape-du-wankdorf\/\" \/>\n<meta property=\"og:site_name\" content=\"Swiss Voice Tour\" \/>\n<meta property=\"article:publisher\" content=\"https:\/\/www.facebook.com\/swissvoicetour\/\" \/>\n<meta property=\"article:published_time\" content=\"2022-07-15T08:41:01+00:00\" \/>\n<meta property=\"article:modified_time\" content=\"2022-07-15T08:41:02+00:00\" \/>\n<meta property=\"og:image\" content=\"https:\/\/www.swissvoicetour.ch\/wp-content\/uploads\/2022\/07\/Gagnants-Wankdorf-1030x865.jpg\" \/>\n\t<meta property=\"og:image:width\" content=\"1030\" \/>\n\t<meta property=\"og:image:height\" content=\"865\" \/>\n\t<meta property=\"og:image:type\" content=\"image\/jpeg\" \/>\n<meta name=\"author\" content=\"Swissvoicetour\" \/>\n<meta name=\"twitter:card\" content=\"summary_large_image\" \/>\n<meta name=\"twitter:label1\" content=\"Verfasst von\" \/>\n\t<meta name=\"twitter:data1\" content=\"Swissvoicetour\" \/>\n\t<meta name=\"twitter:label2\" content=\"Gesch\u00e4tzte Lesezeit\" \/>\n\t<meta name=\"twitter:data2\" content=\"7\u00a0Minuten\" \/>\n<script type=\"application\/ld+json\" class=\"yoast-schema-graph\">{\"@context\":\"https:\\\/\\\/schema.org\",\"@graph\":[{\"@type\":\"Article\",\"@id\":\"https:\\\/\\\/www.swissvoicetour.ch\\\/2022\\\/07\\\/15\\\/sana-et-jamica-sont-les-gagnantes-de-letape-du-wankdorf\\\/#article\",\"isPartOf\":{\"@id\":\"https:\\\/\\\/www.swissvoicetour.ch\\\/2022\\\/07\\\/15\\\/sana-et-jamica-sont-les-gagnantes-de-letape-du-wankdorf\\\/\"},\"author\":{\"name\":\"Swissvoicetour\",\"@id\":\"https:\\\/\\\/www.swissvoicetour.ch\\\/#\\\/schema\\\/person\\\/de38c536756e0b173c1a0c6b24b81323\"},\"headline\":\"SANA UND JAMICA SIND DIE SIEGERINNEN DER VORAUSSCHEIDUNG IM WANKDORF!\",\"datePublished\":\"2022-07-15T08:41:01+00:00\",\"dateModified\":\"2022-07-15T08:41:02+00:00\",\"mainEntityOfPage\":{\"@id\":\"https:\\\/\\\/www.swissvoicetour.ch\\\/2022\\\/07\\\/15\\\/sana-et-jamica-sont-les-gagnantes-de-letape-du-wankdorf\\\/\"},\"wordCount\":1126,\"publisher\":{\"@id\":\"https:\\\/\\\/www.swissvoicetour.ch\\\/#organization\"},\"image\":{\"@id\":\"https:\\\/\\\/www.swissvoicetour.ch\\\/2022\\\/07\\\/15\\\/sana-et-jamica-sont-les-gagnantes-de-letape-du-wankdorf\\\/#primaryimage\"},\"thumbnailUrl\":\"https:\\\/\\\/www.swissvoicetour.ch\\\/wp-content\\\/uploads\\\/2022\\\/07\\\/Gagnants-Wankdorf-scaled.jpg\",\"articleSection\":[\"Unkategorisiert\"],\"inLanguage\":\"de\"},{\"@type\":\"WebPage\",\"@id\":\"https:\\\/\\\/www.swissvoicetour.ch\\\/2022\\\/07\\\/15\\\/sana-et-jamica-sont-les-gagnantes-de-letape-du-wankdorf\\\/\",\"url\":\"https:\\\/\\\/www.swissvoicetour.ch\\\/2022\\\/07\\\/15\\\/sana-et-jamica-sont-les-gagnantes-de-letape-du-wankdorf\\\/\",\"name\":\"SANA UND JAMICA SIND DIE SIEGERINNEN DER VORAUSSCHEIDUNG IM WANKDORF! - Swiss Voice Tour\",\"isPartOf\":{\"@id\":\"https:\\\/\\\/www.swissvoicetour.ch\\\/#website\"},\"primaryImageOfPage\":{\"@id\":\"https:\\\/\\\/www.swissvoicetour.ch\\\/2022\\\/07\\\/15\\\/sana-et-jamica-sont-les-gagnantes-de-letape-du-wankdorf\\\/#primaryimage\"},\"image\":{\"@id\":\"https:\\\/\\\/www.swissvoicetour.ch\\\/2022\\\/07\\\/15\\\/sana-et-jamica-sont-les-gagnantes-de-letape-du-wankdorf\\\/#primaryimage\"},\"thumbnailUrl\":\"https:\\\/\\\/www.swissvoicetour.ch\\\/wp-content\\\/uploads\\\/2022\\\/07\\\/Gagnants-Wankdorf-scaled.jpg\",\"datePublished\":\"2022-07-15T08:41:01+00:00\",\"dateModified\":\"2022-07-15T08:41:02+00:00\",\"description\":\"Die 13-j\u00e4hrige Sana gewinnt das Finale der Wankdorf-Etappe in Bern, das am Samstag, den 07. Juli 2022 stattgefunden hat. Sie hat die Juroren begeistert und sich somit ihre Teilnahme am Halbfinale der Swiss Voice Tour vom Samstag, den 27. August 2022, im L\u00e9man Centre in Crissier gesichert.In der Erwachsenen-Kategorie ist es Jamica, die die Jury im Wankdorf von sich \u00fcberzeugen konnte und sich somit ihren Platz im Halbfinale ergattert hat.Gl\u00fcckwunsch an Sana und Jamica!\",\"breadcrumb\":{\"@id\":\"https:\\\/\\\/www.swissvoicetour.ch\\\/2022\\\/07\\\/15\\\/sana-et-jamica-sont-les-gagnantes-de-letape-du-wankdorf\\\/#breadcrumb\"},\"inLanguage\":\"de\",\"potentialAction\":[{\"@type\":\"ReadAction\",\"target\":[\"https:\\\/\\\/www.swissvoicetour.ch\\\/2022\\\/07\\\/15\\\/sana-et-jamica-sont-les-gagnantes-de-letape-du-wankdorf\\\/\"]}]},{\"@type\":\"ImageObject\",\"inLanguage\":\"de\",\"@id\":\"https:\\\/\\\/www.swissvoicetour.ch\\\/2022\\\/07\\\/15\\\/sana-et-jamica-sont-les-gagnantes-de-letape-du-wankdorf\\\/#primaryimage\",\"url\":\"https:\\\/\\\/www.swissvoicetour.ch\\\/wp-content\\\/uploads\\\/2022\\\/07\\\/Gagnants-Wankdorf-scaled.jpg\",\"contentUrl\":\"https:\\\/\\\/www.swissvoicetour.ch\\\/wp-content\\\/uploads\\\/2022\\\/07\\\/Gagnants-Wankdorf-scaled.jpg\",\"width\":2560,\"height\":2150},{\"@type\":\"BreadcrumbList\",\"@id\":\"https:\\\/\\\/www.swissvoicetour.ch\\\/2022\\\/07\\\/15\\\/sana-et-jamica-sont-les-gagnantes-de-letape-du-wankdorf\\\/#breadcrumb\",\"itemListElement\":[{\"@type\":\"ListItem\",\"position\":1,\"name\":\"Accueil\",\"item\":\"https:\\\/\\\/www.swissvoicetour.ch\\\/de\\\/\"},{\"@type\":\"ListItem\",\"position\":2,\"name\":\"SANA UND JAMICA SIND DIE SIEGERINNEN DER VORAUSSCHEIDUNG IM WANKDORF!\"}]},{\"@type\":\"WebSite\",\"@id\":\"https:\\\/\\\/www.swissvoicetour.ch\\\/#website\",\"url\":\"https:\\\/\\\/www.swissvoicetour.ch\\\/\",\"name\":\"Swiss Voice Tour\",\"description\":\"Willkommen auf der offiziellen Seite der Swiss Voice Tour\",\"publisher\":{\"@id\":\"https:\\\/\\\/www.swissvoicetour.ch\\\/#organization\"},\"potentialAction\":[{\"@type\":\"SearchAction\",\"target\":{\"@type\":\"EntryPoint\",\"urlTemplate\":\"https:\\\/\\\/www.swissvoicetour.ch\\\/?s={search_term_string}\"},\"query-input\":{\"@type\":\"PropertyValueSpecification\",\"valueRequired\":true,\"valueName\":\"search_term_string\"}}],\"inLanguage\":\"de\"},{\"@type\":\"Organization\",\"@id\":\"https:\\\/\\\/www.swissvoicetour.ch\\\/#organization\",\"name\":\"Swiss Voice Tour\",\"url\":\"https:\\\/\\\/www.swissvoicetour.ch\\\/\",\"logo\":{\"@type\":\"ImageObject\",\"inLanguage\":\"de\",\"@id\":\"https:\\\/\\\/www.swissvoicetour.ch\\\/#\\\/schema\\\/logo\\\/image\\\/\",\"url\":\"https:\\\/\\\/www.swissvoicetour.ch\\\/wp-content\\\/uploads\\\/2024\\\/11\\\/LOGO_SVT_2025_RVB-1030x1030.png\",\"contentUrl\":\"https:\\\/\\\/www.swissvoicetour.ch\\\/wp-content\\\/uploads\\\/2024\\\/11\\\/LOGO_SVT_2025_RVB-1030x1030.png\",\"width\":1030,\"height\":1030,\"caption\":\"Swiss Voice Tour\"},\"image\":{\"@id\":\"https:\\\/\\\/www.swissvoicetour.ch\\\/#\\\/schema\\\/logo\\\/image\\\/\"},\"sameAs\":[\"https:\\\/\\\/www.facebook.com\\\/swissvoicetour\\\/\",\"https:\\\/\\\/www.instagram.com\\\/swissvoicetour\\\/\"]},{\"@type\":\"Person\",\"@id\":\"https:\\\/\\\/www.swissvoicetour.ch\\\/#\\\/schema\\\/person\\\/de38c536756e0b173c1a0c6b24b81323\",\"name\":\"Swissvoicetour\",\"image\":{\"@type\":\"ImageObject\",\"inLanguage\":\"de\",\"@id\":\"https:\\\/\\\/secure.gravatar.com\\\/avatar\\\/b80f148837990d85089c37188c2849d7e9c06f46aa6a7fd3926e733059ecb726?s=96&d=mm&r=g\",\"url\":\"https:\\\/\\\/secure.gravatar.com\\\/avatar\\\/b80f148837990d85089c37188c2849d7e9c06f46aa6a7fd3926e733059ecb726?s=96&d=mm&r=g\",\"contentUrl\":\"https:\\\/\\\/secure.gravatar.com\\\/avatar\\\/b80f148837990d85089c37188c2849d7e9c06f46aa6a7fd3926e733059ecb726?s=96&d=mm&r=g\",\"caption\":\"Swissvoicetour\"},\"url\":\"https:\\\/\\\/www.swissvoicetour.ch\\\/de\\\/author\\\/swissvoicetour\\\/\"}]}<\/script>\n<!-- \/ Yoast SEO plugin. -->","yoast_head_json":{"title":"SANA UND JAMICA SIND DIE SIEGERINNEN DER VORAUSSCHEIDUNG IM WANKDORF! - Swiss Voice Tour","description":"Die 13-j\u00e4hrige Sana gewinnt das Finale der Wankdorf-Etappe in Bern, das am Samstag, den 07. Juli 2022 stattgefunden hat. Sie hat die Juroren begeistert und sich somit ihre Teilnahme am Halbfinale der Swiss Voice Tour vom Samstag, den 27. August 2022, im L\u00e9man Centre in Crissier gesichert.In der Erwachsenen-Kategorie ist es Jamica, die die Jury im Wankdorf von sich \u00fcberzeugen konnte und sich somit ihren Platz im Halbfinale ergattert hat.Gl\u00fcckwunsch an Sana und Jamica!","robots":{"index":"index","follow":"follow","max-snippet":"max-snippet:-1","max-image-preview":"max-image-preview:large","max-video-preview":"max-video-preview:-1"},"canonical":"https:\/\/www.swissvoicetour.ch\/2022\/07\/15\/sana-et-jamica-sont-les-gagnantes-de-letape-du-wankdorf\/","og_locale":"de_DE","og_type":"article","og_title":"SANA UND JAMICA SIND DIE SIEGERINNEN DER VORAUSSCHEIDUNG IM WANKDORF! - Swiss Voice Tour","og_description":"Die 13-j\u00e4hrige Sana gewinnt das Finale der Wankdorf-Etappe in Bern, das am Samstag, den 07. Juli 2022 stattgefunden hat. Sie hat die Juroren begeistert und sich somit ihre Teilnahme am Halbfinale der Swiss Voice Tour vom Samstag, den 27. August 2022, im L\u00e9man Centre in Crissier gesichert.In der Erwachsenen-Kategorie ist es Jamica, die die Jury im Wankdorf von sich \u00fcberzeugen konnte und sich somit ihren Platz im Halbfinale ergattert hat.Gl\u00fcckwunsch an Sana und Jamica!","og_url":"https:\/\/www.swissvoicetour.ch\/2022\/07\/15\/sana-et-jamica-sont-les-gagnantes-de-letape-du-wankdorf\/","og_site_name":"Swiss Voice Tour","article_publisher":"https:\/\/www.facebook.com\/swissvoicetour\/","article_published_time":"2022-07-15T08:41:01+00:00","article_modified_time":"2022-07-15T08:41:02+00:00","og_image":[{"width":1030,"height":865,"url":"https:\/\/www.swissvoicetour.ch\/wp-content\/uploads\/2022\/07\/Gagnants-Wankdorf-1030x865.jpg","type":"image\/jpeg"}],"author":"Swissvoicetour","twitter_card":"summary_large_image","twitter_misc":{"Verfasst von":"Swissvoicetour","Gesch\u00e4tzte Lesezeit":"7\u00a0Minuten"},"schema":{"@context":"https:\/\/schema.org","@graph":[{"@type":"Article","@id":"https:\/\/www.swissvoicetour.ch\/2022\/07\/15\/sana-et-jamica-sont-les-gagnantes-de-letape-du-wankdorf\/#article","isPartOf":{"@id":"https:\/\/www.swissvoicetour.ch\/2022\/07\/15\/sana-et-jamica-sont-les-gagnantes-de-letape-du-wankdorf\/"},"author":{"name":"Swissvoicetour","@id":"https:\/\/www.swissvoicetour.ch\/#\/schema\/person\/de38c536756e0b173c1a0c6b24b81323"},"headline":"SANA UND JAMICA SIND DIE SIEGERINNEN DER VORAUSSCHEIDUNG IM WANKDORF!","datePublished":"2022-07-15T08:41:01+00:00","dateModified":"2022-07-15T08:41:02+00:00","mainEntityOfPage":{"@id":"https:\/\/www.swissvoicetour.ch\/2022\/07\/15\/sana-et-jamica-sont-les-gagnantes-de-letape-du-wankdorf\/"},"wordCount":1126,"publisher":{"@id":"https:\/\/www.swissvoicetour.ch\/#organization"},"image":{"@id":"https:\/\/www.swissvoicetour.ch\/2022\/07\/15\/sana-et-jamica-sont-les-gagnantes-de-letape-du-wankdorf\/#primaryimage"},"thumbnailUrl":"https:\/\/www.swissvoicetour.ch\/wp-content\/uploads\/2022\/07\/Gagnants-Wankdorf-scaled.jpg","articleSection":["Unkategorisiert"],"inLanguage":"de"},{"@type":"WebPage","@id":"https:\/\/www.swissvoicetour.ch\/2022\/07\/15\/sana-et-jamica-sont-les-gagnantes-de-letape-du-wankdorf\/","url":"https:\/\/www.swissvoicetour.ch\/2022\/07\/15\/sana-et-jamica-sont-les-gagnantes-de-letape-du-wankdorf\/","name":"SANA UND JAMICA SIND DIE SIEGERINNEN DER VORAUSSCHEIDUNG IM WANKDORF! - Swiss Voice Tour","isPartOf":{"@id":"https:\/\/www.swissvoicetour.ch\/#website"},"primaryImageOfPage":{"@id":"https:\/\/www.swissvoicetour.ch\/2022\/07\/15\/sana-et-jamica-sont-les-gagnantes-de-letape-du-wankdorf\/#primaryimage"},"image":{"@id":"https:\/\/www.swissvoicetour.ch\/2022\/07\/15\/sana-et-jamica-sont-les-gagnantes-de-letape-du-wankdorf\/#primaryimage"},"thumbnailUrl":"https:\/\/www.swissvoicetour.ch\/wp-content\/uploads\/2022\/07\/Gagnants-Wankdorf-scaled.jpg","datePublished":"2022-07-15T08:41:01+00:00","dateModified":"2022-07-15T08:41:02+00:00","description":"Die 13-j\u00e4hrige Sana gewinnt das Finale der Wankdorf-Etappe in Bern, das am Samstag, den 07. Juli 2022 stattgefunden hat. Sie hat die Juroren begeistert und sich somit ihre Teilnahme am Halbfinale der Swiss Voice Tour vom Samstag, den 27. August 2022, im L\u00e9man Centre in Crissier gesichert.In der Erwachsenen-Kategorie ist es Jamica, die die Jury im Wankdorf von sich \u00fcberzeugen konnte und sich somit ihren Platz im Halbfinale ergattert hat.Gl\u00fcckwunsch an Sana und Jamica!","breadcrumb":{"@id":"https:\/\/www.swissvoicetour.ch\/2022\/07\/15\/sana-et-jamica-sont-les-gagnantes-de-letape-du-wankdorf\/#breadcrumb"},"inLanguage":"de","potentialAction":[{"@type":"ReadAction","target":["https:\/\/www.swissvoicetour.ch\/2022\/07\/15\/sana-et-jamica-sont-les-gagnantes-de-letape-du-wankdorf\/"]}]},{"@type":"ImageObject","inLanguage":"de","@id":"https:\/\/www.swissvoicetour.ch\/2022\/07\/15\/sana-et-jamica-sont-les-gagnantes-de-letape-du-wankdorf\/#primaryimage","url":"https:\/\/www.swissvoicetour.ch\/wp-content\/uploads\/2022\/07\/Gagnants-Wankdorf-scaled.jpg","contentUrl":"https:\/\/www.swissvoicetour.ch\/wp-content\/uploads\/2022\/07\/Gagnants-Wankdorf-scaled.jpg","width":2560,"height":2150},{"@type":"BreadcrumbList","@id":"https:\/\/www.swissvoicetour.ch\/2022\/07\/15\/sana-et-jamica-sont-les-gagnantes-de-letape-du-wankdorf\/#breadcrumb","itemListElement":[{"@type":"ListItem","position":1,"name":"Accueil","item":"https:\/\/www.swissvoicetour.ch\/de\/"},{"@type":"ListItem","position":2,"name":"SANA UND JAMICA SIND DIE SIEGERINNEN DER VORAUSSCHEIDUNG IM WANKDORF!"}]},{"@type":"WebSite","@id":"https:\/\/www.swissvoicetour.ch\/#website","url":"https:\/\/www.swissvoicetour.ch\/","name":"Swiss Voice Tour","description":"Willkommen auf der offiziellen Seite der Swiss Voice Tour","publisher":{"@id":"https:\/\/www.swissvoicetour.ch\/#organization"},"potentialAction":[{"@type":"SearchAction","target":{"@type":"EntryPoint","urlTemplate":"https:\/\/www.swissvoicetour.ch\/?s={search_term_string}"},"query-input":{"@type":"PropertyValueSpecification","valueRequired":true,"valueName":"search_term_string"}}],"inLanguage":"de"},{"@type":"Organization","@id":"https:\/\/www.swissvoicetour.ch\/#organization","name":"Swiss Voice Tour","url":"https:\/\/www.swissvoicetour.ch\/","logo":{"@type":"ImageObject","inLanguage":"de","@id":"https:\/\/www.swissvoicetour.ch\/#\/schema\/logo\/image\/","url":"https:\/\/www.swissvoicetour.ch\/wp-content\/uploads\/2024\/11\/LOGO_SVT_2025_RVB-1030x1030.png","contentUrl":"https:\/\/www.swissvoicetour.ch\/wp-content\/uploads\/2024\/11\/LOGO_SVT_2025_RVB-1030x1030.png","width":1030,"height":1030,"caption":"Swiss Voice Tour"},"image":{"@id":"https:\/\/www.swissvoicetour.ch\/#\/schema\/logo\/image\/"},"sameAs":["https:\/\/www.facebook.com\/swissvoicetour\/","https:\/\/www.instagram.com\/swissvoicetour\/"]},{"@type":"Person","@id":"https:\/\/www.swissvoicetour.ch\/#\/schema\/person\/de38c536756e0b173c1a0c6b24b81323","name":"Swissvoicetour","image":{"@type":"ImageObject","inLanguage":"de","@id":"https:\/\/secure.gravatar.com\/avatar\/b80f148837990d85089c37188c2849d7e9c06f46aa6a7fd3926e733059ecb726?s=96&d=mm&r=g","url":"https:\/\/secure.gravatar.com\/avatar\/b80f148837990d85089c37188c2849d7e9c06f46aa6a7fd3926e733059ecb726?s=96&d=mm&r=g","contentUrl":"https:\/\/secure.gravatar.com\/avatar\/b80f148837990d85089c37188c2849d7e9c06f46aa6a7fd3926e733059ecb726?s=96&d=mm&r=g","caption":"Swissvoicetour"},"url":"https:\/\/www.swissvoicetour.ch\/de\/author\/swissvoicetour\/"}]}},"_links":{"self":[{"href":"https:\/\/www.swissvoicetour.ch\/de\/wp-json\/wp\/v2\/posts\/8239","targetHints":{"allow":["GET"]}}],"collection":[{"href":"https:\/\/www.swissvoicetour.ch\/de\/wp-json\/wp\/v2\/posts"}],"about":[{"href":"https:\/\/www.swissvoicetour.ch\/de\/wp-json\/wp\/v2\/types\/post"}],"author":[{"embeddable":true,"href":"https:\/\/www.swissvoicetour.ch\/de\/wp-json\/wp\/v2\/users\/4"}],"replies":[{"embeddable":true,"href":"https:\/\/www.swissvoicetour.ch\/de\/wp-json\/wp\/v2\/comments?post=8239"}],"version-history":[{"count":2,"href":"https:\/\/www.swissvoicetour.ch\/de\/wp-json\/wp\/v2\/posts\/8239\/revisions"}],"predecessor-version":[{"id":8241,"href":"https:\/\/www.swissvoicetour.ch\/de\/wp-json\/wp\/v2\/posts\/8239\/revisions\/8241"}],"wp:featuredmedia":[{"embeddable":true,"href":"https:\/\/www.swissvoicetour.ch\/de\/wp-json\/wp\/v2\/media\/8234"}],"wp:attachment":[{"href":"https:\/\/www.swissvoicetour.ch\/de\/wp-json\/wp\/v2\/media?parent=8239"}],"wp:term":[{"taxonomy":"category","embeddable":true,"href":"https:\/\/www.swissvoicetour.ch\/de\/wp-json\/wp\/v2\/categories?post=8239"},{"taxonomy":"post_tag","embeddable":true,"href":"https:\/\/www.swissvoicetour.ch\/de\/wp-json\/wp\/v2\/tags?post=8239"}],"curies":[{"name":"wp","href":"https:\/\/api.w.org\/{rel}","templated":true}]}}