{"id":3699,"date":"2019-08-19T15:00:20","date_gmt":"2019-08-19T13:00:20","guid":{"rendered":"https:\/\/www.swissvoicetour.ch\/2019\/08\/19\/bravo-a-arvena-et-joel-les-premiers-demi-finalistes-du-swiss-voice-tour\/"},"modified":"2020-03-25T14:37:02","modified_gmt":"2020-03-25T13:37:02","slug":"herzlichen-glueckwunsch-an-arvena-und-joel-die-ersten-semifinalisten-der-swiss-voice-tour","status":"publish","type":"post","link":"https:\/\/www.swissvoicetour.ch\/de\/2019\/08\/19\/herzlichen-glueckwunsch-an-arvena-und-joel-die-ersten-semifinalisten-der-swiss-voice-tour\/","title":{"rendered":"Herzlichen Gl\u00fcckwunsch an Arvena und Joel, die ersten Semifinalisten der Swiss Voice Tour!"},"content":{"rendered":"\n<style type=\"text\/css\" data-created_by=\"avia_inline_auto\" id=\"style-css-av-k7m0uc4i-42ab96b437fefc62e751ba5c15e899ea\">\n.avia-section.av-k7m0uc4i-42ab96b437fefc62e751ba5c15e899ea{\nbackground-color:#cca047;\nbackground-image:unset;\n}\n.avia-section.av-k7m0uc4i-42ab96b437fefc62e751ba5c15e899ea .av-extra-border-element .av-extra-border-inner{\nbackground-color:#ffffff;\n}\n<\/style>\n<div id='av_section_1'  class='avia-section av-k7m0uc4i-42ab96b437fefc62e751ba5c15e899ea main_color avia-section-default avia-no-border-styling  avia-builder-el-0  el_before_av_one_fifth  avia-builder-el-first  avia-bg-style-scroll av-minimum-height av-minimum-height-custom av-height-custom  container_wrap fullsize'   data-av_minimum_height_px='200'><div class='container av-section-cont-open' style='height:200px'><main  role=\"main\" itemprop=\"mainContentOfPage\"  class='template-page content  av-content-full alpha units'><div class='post-entry post-entry-type-page post-entry-3699'><div class='entry-content-wrapper clearfix'>\n\n<style type=\"text\/css\" data-created_by=\"avia_inline_auto\" id=\"style-css-av-k7ott04x-97b510a9d4462fad01bc4eb1eb9807b6\">\n#top .av-special-heading.av-k7ott04x-97b510a9d4462fad01bc4eb1eb9807b6{\npadding-bottom:10px;\ncolor:#ffffff;\n}\nbody .av-special-heading.av-k7ott04x-97b510a9d4462fad01bc4eb1eb9807b6 .av-special-heading-tag .heading-char{\nfont-size:25px;\n}\n.av-special-heading.av-k7ott04x-97b510a9d4462fad01bc4eb1eb9807b6 .special-heading-inner-border{\nborder-color:#ffffff;\n}\n.av-special-heading.av-k7ott04x-97b510a9d4462fad01bc4eb1eb9807b6 .av-subheading{\nfont-size:15px;\n}\n<\/style>\n<div  class='av-special-heading av-k7ott04x-97b510a9d4462fad01bc4eb1eb9807b6 av-special-heading-h1 custom-color-heading blockquote modern-quote  avia-builder-el-1  avia-builder-el-no-sibling '><h1 class='av-special-heading-tag '  itemprop=\"headline\"  >News<\/h1><div class=\"special-heading-border\"><div class=\"special-heading-inner-border\"><\/div><\/div><\/div>\n<\/div><\/div><\/main><!-- close content main element --><\/div><div class='av-extra-border-element border-extra-diagonal border-extra-diagonal-inverse '><div class='av-extra-border-outer'><div class='av-extra-border-inner'><\/div><\/div><\/div><\/div><div id='after_section_1'  class='main_color av_default_container_wrap container_wrap fullsize'  ><div class='container av-section-cont-open' ><div class='template-page content  av-content-full alpha units'><div class='post-entry post-entry-type-page post-entry-3699'><div class='entry-content-wrapper clearfix'>\n\n<style type=\"text\/css\" data-created_by=\"avia_inline_auto\" id=\"style-css-av-j1z1d-3a0a17e5baf097f671adcf345bcb6805\">\n.flex_column.av-j1z1d-3a0a17e5baf097f671adcf345bcb6805{\nborder-radius:0px 0px 0px 0px;\npadding:0px 0px 0px 0px;\n}\n<\/style>\n<div  class='flex_column av-j1z1d-3a0a17e5baf097f671adcf345bcb6805 av_one_fifth  avia-builder-el-2  el_after_av_section  el_before_av_three_fifth  avia-builder-el-first  first flex_column_div av-zero-column-padding  '     ><div  class='avia-button-wrap av-k7ngtdap-4f9ba8a640c75fb6ea8ddb1a73b0cd8e-wrap avia-button-left  avia-builder-el-3  avia-builder-el-no-sibling '><a href='https:\/\/www.swissvoicetour.ch\/news\/'  class='avia-button av-k7ngtdap-4f9ba8a640c75fb6ea8ddb1a73b0cd8e av-link-btn avia-icon_select-yes-left-icon avia-size-small avia-position-left avia-color-theme-color'   aria-label=\"Sehen Sie alle Nachrichten\"><span class='avia_button_icon avia_button_icon_left avia-iconfont avia-font-entypo-fontello' data-av_icon='\ue830' data-av_iconfont='entypo-fontello' ><\/span><span class='avia_iconbox_title' >Sehen Sie alle Nachrichten<\/span><\/a><\/div><\/div>\n<style type=\"text\/css\" data-created_by=\"avia_inline_auto\" id=\"style-css-av-fcz89-62bffea1720daa32b959c1ea1fb1e93e\">\n.flex_column.av-fcz89-62bffea1720daa32b959c1ea1fb1e93e{\nborder-radius:0px 0px 0px 0px;\npadding:0px 0px 0px 0px;\n}\n<\/style>\n<div  class='flex_column av-fcz89-62bffea1720daa32b959c1ea1fb1e93e av_three_fifth  avia-builder-el-4  el_after_av_one_fifth  el_before_av_one_fifth  flex_column_div av-zero-column-padding  '     ><p>\n<style type=\"text\/css\" data-created_by=\"avia_inline_auto\" id=\"style-css-av-k7ouefmn-9dac3400b9edcc7335ff6509a75ff620\">\n.avia-image-container.av-k7ouefmn-9dac3400b9edcc7335ff6509a75ff620 img.avia_image{\nbox-shadow:none;\n}\n.avia-image-container.av-k7ouefmn-9dac3400b9edcc7335ff6509a75ff620 .av-image-caption-overlay-center{\ncolor:#ffffff;\n}\n<\/style>\n<div  class='avia-image-container av-k7ouefmn-9dac3400b9edcc7335ff6509a75ff620 av-styling- avia-align-center  avia-builder-el-5  el_before_av_heading  avia-builder-el-first '   itemprop=\"image\" itemscope=\"itemscope\" itemtype=\"https:\/\/schema.org\/ImageObject\" ><div class=\"avia-image-container-inner\"><div class=\"avia-image-overlay-wrap\"><img decoding=\"async\" fetchpriority=\"high\" class='wp-image-3720 avia-img-lazy-loading-not-3720 avia_image ' src=\"https:\/\/www.swissvoicetour.ch\/wp-content\/uploads\/2019\/08\/PS7A2330.jpg\" alt='' title='PS7A2330'  height=\"325\" width=\"480\"  itemprop=\"thumbnailUrl\" srcset=\"https:\/\/www.swissvoicetour.ch\/wp-content\/uploads\/2019\/08\/PS7A2330.jpg 480w, https:\/\/www.swissvoicetour.ch\/wp-content\/uploads\/2019\/08\/PS7A2330-300x203.jpg 300w\" sizes=\"(max-width: 480px) 100vw, 480px\" \/><\/div><\/div><\/div><br \/>\n\n<style type=\"text\/css\" data-created_by=\"avia_inline_auto\" id=\"style-css-av-k7zz6psn-f249ebb9d06db0c2e6747ea6d6a6ec12\">\n#top .av-special-heading.av-k7zz6psn-f249ebb9d06db0c2e6747ea6d6a6ec12{\npadding-bottom:10px;\n}\nbody .av-special-heading.av-k7zz6psn-f249ebb9d06db0c2e6747ea6d6a6ec12 .av-special-heading-tag .heading-char{\nfont-size:25px;\n}\n.av-special-heading.av-k7zz6psn-f249ebb9d06db0c2e6747ea6d6a6ec12 .av-subheading{\nfont-size:15px;\n}\n<\/style>\n<div  class='av-special-heading av-k7zz6psn-f249ebb9d06db0c2e6747ea6d6a6ec12 av-special-heading-h2  avia-builder-el-6  el_after_av_image  el_before_av_hr '><h2 class='av-special-heading-tag '  itemprop=\"headline\"  >Herzlichen Gl\u00fcckwunsch an Arvena und Joel, die ersten Semifinalisten der Swiss Voice Tour! <\/h2><div class=\"special-heading-border\"><div class=\"special-heading-inner-border\"><\/div><\/div><\/div><br \/>\n\n<style type=\"text\/css\" data-created_by=\"avia_inline_auto\" id=\"style-css-av-k7oudrkr-2b6bfbcdb0b72e6f4a6a8b0d9a7f7c15\">\n#top .hr.hr-invisible.av-k7oudrkr-2b6bfbcdb0b72e6f4a6a8b0d9a7f7c15{\nheight:30px;\n}\n<\/style>\n<div  class='hr av-k7oudrkr-2b6bfbcdb0b72e6f4a6a8b0d9a7f7c15 hr-invisible  avia-builder-el-7  el_after_av_heading  el_before_av_textblock '><span class='hr-inner '><span class=\"hr-inner-style\"><\/span><\/span><\/div><br \/>\n<section  class='av_textblock_section av-k7otz90u-94d8526d5bc1ec02b8a8ba97c1911ef1 '   itemscope=\"itemscope\" itemtype=\"https:\/\/schema.org\/BlogPosting\" itemprop=\"blogPost\" ><div class='avia_textblock'  itemprop=\"text\" ><p>Mit gerade einmal 14 Jahren hat Arvena einstimmig gewonnen und das Finale des Aarepark f\u00fcr sich entschieden. Damit sichert sie sich ihren Platz im Halbfinale. Dasselbe gilt f\u00fcr den 20-j\u00e4hrigen Joel, die Jury buchst\u00e4blich verzaubert hat. Er gewann das Finale in der Kategorie Erwachsene des Arrepark und sicherte sich damit seinen Platz im Halbfinale in Dezember.<\/p>\n<p>Alle Videos des Castings von Aarepark werden diese Woche auf <a href=\"http:\/\/www.swissvoicetour.ch\/de\">www.swissvoicetour.ch\/de<\/a> sichtbar.<\/p>\n<p>Eine professionelle Jury wird dir wertvolle Ratschl\u00e4ge geben, damit du das grosse Finale erreichst und die Aufnahme deiner Single und deines Videoclip gewinnst.<\/p>\n<\/div><\/section><\/p><\/div>\n<style type=\"text\/css\" data-created_by=\"avia_inline_auto\" id=\"style-css-av-7fqpl-0ce56bedcc690f59ad096cebf207cc24\">\n.flex_column.av-7fqpl-0ce56bedcc690f59ad096cebf207cc24{\nborder-radius:0px 0px 0px 0px;\npadding:0px 0px 0px 0px;\n}\n<\/style>\n<div  class='flex_column av-7fqpl-0ce56bedcc690f59ad096cebf207cc24 av_one_fifth  avia-builder-el-9  el_after_av_three_fifth  avia-builder-el-last  flex_column_div av-zero-column-padding  '     ><div  class='av-social-sharing-box av-3fa1-1361690baa96b0677ac521b2ff4d3b25 av-social-sharing-box-default  avia-builder-el-10  avia-builder-el-no-sibling  av-social-sharing-box-fullwidth'><div class=\"av-share-box\"><h5 class='av-share-link-description av-no-toc '>Teilen Sie diesen Artikel<\/h5><ul class=\"av-share-box-list noLightbox\"><li class='av-share-link av-social-link-facebook avia_social_iconfont' ><a target=\"_blank\" aria-label=\"Teilen auf Facebook\" href='https:\/\/www.facebook.com\/sharer.php?u=https:\/\/www.swissvoicetour.ch\/de\/2019\/08\/19\/herzlichen-glueckwunsch-an-arvena-und-joel-die-ersten-semifinalisten-der-swiss-voice-tour\/&#038;t=Herzlichen%20Gl%C3%BCckwunsch%20an%20Arvena%20und%20Joel%2C%20die%20ersten%20Semifinalisten%20der%20Swiss%20Voice%20Tour%21' data-av_icon='\ue8f3' data-av_iconfont='entypo-fontello'  title='' data-avia-related-tooltip='Teilen auf Facebook'><span class='avia_hidden_link_text'>Teilen auf Facebook<\/span><\/a><\/li><li class='av-share-link av-social-link-twitter avia_social_iconfont' ><a target=\"_blank\" aria-label=\"Teilen auf X\" href='https:\/\/twitter.com\/share?text=Herzlichen%20Gl%C3%BCckwunsch%20an%20Arvena%20und%20Joel%2C%20die%20ersten%20Semifinalisten%20der%20Swiss%20Voice%20Tour%21&#038;url=https:\/\/www.swissvoicetour.ch\/de\/?p=3699' data-av_icon='\ue932' data-av_iconfont='entypo-fontello'  title='' data-avia-related-tooltip='Teilen auf X'><span class='avia_hidden_link_text'>Teilen auf X<\/span><\/a><\/li><li class='av-share-link av-social-link-whatsapp avia_social_iconfont' ><a target=\"_blank\" aria-label=\"Teilen auf WhatsApp\" href='https:\/\/api.whatsapp.com\/send?text=https:\/\/www.swissvoicetour.ch\/de\/2019\/08\/19\/herzlichen-glueckwunsch-an-arvena-und-joel-die-ersten-semifinalisten-der-swiss-voice-tour\/' data-av_icon='\uf232' data-av_iconfont='entypo-fontello'  title='' data-avia-related-tooltip='Teilen auf WhatsApp'><span class='avia_hidden_link_text'>Teilen auf WhatsApp<\/span><\/a><\/li><li class='av-share-link av-social-link-linkedin avia_social_iconfont' ><a target=\"_blank\" aria-label=\"Teilen auf LinkedIn\" href='https:\/\/linkedin.com\/shareArticle?mini=true&#038;title=Herzlichen%20Gl%C3%BCckwunsch%20an%20Arvena%20und%20Joel%2C%20die%20ersten%20Semifinalisten%20der%20Swiss%20Voice%20Tour%21&#038;url=https:\/\/www.swissvoicetour.ch\/de\/2019\/08\/19\/herzlichen-glueckwunsch-an-arvena-und-joel-die-ersten-semifinalisten-der-swiss-voice-tour\/' data-av_icon='\ue8fc' data-av_iconfont='entypo-fontello'  title='' data-avia-related-tooltip='Teilen auf LinkedIn'><span class='avia_hidden_link_text'>Teilen auf LinkedIn<\/span><\/a><\/li><li class='av-share-link av-social-link-mail avia_social_iconfont' ><a  aria-label=\"Per E-Mail teilen\" href='mailto:?subject=Herzlichen%20Gl%C3%BCckwunsch%20an%20Arvena%20und%20Joel%2C%20die%20ersten%20Semifinalisten%20der%20Swiss%20Voice%20Tour%21&#038;body=https:\/\/www.swissvoicetour.ch\/de\/2019\/08\/19\/herzlichen-glueckwunsch-an-arvena-und-joel-die-ersten-semifinalisten-der-swiss-voice-tour\/' data-av_icon='\ue805' data-av_iconfont='entypo-fontello'  title='' data-avia-related-tooltip='Per E-Mail teilen'><span class='avia_hidden_link_text'>Per E-Mail teilen<\/span><\/a><\/li><\/ul><\/div><\/div><\/div><\/p>\n","protected":false},"excerpt":{"rendered":"<p>Mit gerade einmal 14 Jahren hat Arvena einstimmig gewonnen und das Finale des Aarepark f\u00fcr sich entschieden.<\/p>\n","protected":false},"author":2,"featured_media":3720,"comment_status":"open","ping_status":"open","sticky":false,"template":"","format":"standard","meta":{"_acf_changed":false,"footnotes":""},"categories":[18],"tags":[],"class_list":["post-3699","post","type-post","status-publish","format-standard","has-post-thumbnail","hentry","category-unkategorisiert"],"acf":[],"yoast_head":"<!-- This site is optimized with the Yoast SEO plugin v27.4 - https:\/\/yoast.com\/product\/yoast-seo-wordpress\/ -->\n<title>Herzlichen Gl\u00fcckwunsch an Arvena und Joel, die ersten Semifinalisten der Swiss Voice Tour! - Swiss Voice Tour<\/title>\n<meta name=\"robots\" content=\"index, follow, max-snippet:-1, max-image-preview:large, max-video-preview:-1\" \/>\n<link rel=\"canonical\" href=\"https:\/\/www.swissvoicetour.ch\/2019\/08\/19\/bravo-a-arvena-et-joel-les-premiers-demi-finalistes-du-swiss-voice-tour\/\" \/>\n<meta property=\"og:locale\" content=\"de_DE\" \/>\n<meta property=\"og:type\" content=\"article\" \/>\n<meta property=\"og:title\" content=\"Herzlichen Gl\u00fcckwunsch an Arvena und Joel, die ersten Semifinalisten der Swiss Voice Tour! - Swiss Voice Tour\" \/>\n<meta property=\"og:description\" content=\"Mit gerade einmal 14 Jahren hat Arvena einstimmig gewonnen und das Finale des Aarepark f\u00fcr sich entschieden.\" \/>\n<meta property=\"og:url\" content=\"https:\/\/www.swissvoicetour.ch\/2019\/08\/19\/bravo-a-arvena-et-joel-les-premiers-demi-finalistes-du-swiss-voice-tour\/\" \/>\n<meta property=\"og:site_name\" content=\"Swiss Voice Tour\" \/>\n<meta property=\"article:publisher\" content=\"https:\/\/www.facebook.com\/swissvoicetour\/\" \/>\n<meta property=\"article:published_time\" content=\"2019-08-19T13:00:20+00:00\" \/>\n<meta property=\"article:modified_time\" content=\"2020-03-25T13:37:02+00:00\" \/>\n<meta property=\"og:image\" content=\"https:\/\/www.swissvoicetour.ch\/wp-content\/uploads\/2019\/08\/PS7A2330.jpg\" \/>\n\t<meta property=\"og:image:width\" content=\"480\" \/>\n\t<meta property=\"og:image:height\" content=\"325\" \/>\n\t<meta property=\"og:image:type\" content=\"image\/jpeg\" \/>\n<meta name=\"author\" content=\"smartfox-user\" \/>\n<meta name=\"twitter:card\" content=\"summary_large_image\" \/>\n<meta name=\"twitter:label1\" content=\"Verfasst von\" \/>\n\t<meta name=\"twitter:data1\" content=\"smartfox-user\" \/>\n\t<meta name=\"twitter:label2\" content=\"Gesch\u00e4tzte Lesezeit\" \/>\n\t<meta name=\"twitter:data2\" content=\"5\u00a0Minuten\" \/>\n<script type=\"application\/ld+json\" class=\"yoast-schema-graph\">{\"@context\":\"https:\\\/\\\/schema.org\",\"@graph\":[{\"@type\":\"Article\",\"@id\":\"https:\\\/\\\/www.swissvoicetour.ch\\\/2019\\\/08\\\/19\\\/bravo-a-arvena-et-joel-les-premiers-demi-finalistes-du-swiss-voice-tour\\\/#article\",\"isPartOf\":{\"@id\":\"https:\\\/\\\/www.swissvoicetour.ch\\\/2019\\\/08\\\/19\\\/bravo-a-arvena-et-joel-les-premiers-demi-finalistes-du-swiss-voice-tour\\\/\"},\"author\":{\"name\":\"smartfox-user\",\"@id\":\"https:\\\/\\\/www.swissvoicetour.ch\\\/#\\\/schema\\\/person\\\/0b8d3b94e741e55bb2ffc303ee92c256\"},\"headline\":\"Herzlichen Gl\u00fcckwunsch an Arvena und Joel, die ersten Semifinalisten der Swiss Voice Tour!\",\"datePublished\":\"2019-08-19T13:00:20+00:00\",\"dateModified\":\"2020-03-25T13:37:02+00:00\",\"mainEntityOfPage\":{\"@id\":\"https:\\\/\\\/www.swissvoicetour.ch\\\/2019\\\/08\\\/19\\\/bravo-a-arvena-et-joel-les-premiers-demi-finalistes-du-swiss-voice-tour\\\/\"},\"wordCount\":771,\"commentCount\":0,\"publisher\":{\"@id\":\"https:\\\/\\\/www.swissvoicetour.ch\\\/#organization\"},\"image\":{\"@id\":\"https:\\\/\\\/www.swissvoicetour.ch\\\/2019\\\/08\\\/19\\\/bravo-a-arvena-et-joel-les-premiers-demi-finalistes-du-swiss-voice-tour\\\/#primaryimage\"},\"thumbnailUrl\":\"https:\\\/\\\/www.swissvoicetour.ch\\\/wp-content\\\/uploads\\\/2019\\\/08\\\/PS7A2330.jpg\",\"articleSection\":[\"Unkategorisiert\"],\"inLanguage\":\"de\",\"potentialAction\":[{\"@type\":\"CommentAction\",\"name\":\"Comment\",\"target\":[\"https:\\\/\\\/www.swissvoicetour.ch\\\/2019\\\/08\\\/19\\\/bravo-a-arvena-et-joel-les-premiers-demi-finalistes-du-swiss-voice-tour\\\/#respond\"]}]},{\"@type\":\"WebPage\",\"@id\":\"https:\\\/\\\/www.swissvoicetour.ch\\\/2019\\\/08\\\/19\\\/bravo-a-arvena-et-joel-les-premiers-demi-finalistes-du-swiss-voice-tour\\\/\",\"url\":\"https:\\\/\\\/www.swissvoicetour.ch\\\/2019\\\/08\\\/19\\\/bravo-a-arvena-et-joel-les-premiers-demi-finalistes-du-swiss-voice-tour\\\/\",\"name\":\"Herzlichen Gl\u00fcckwunsch an Arvena und Joel, die ersten Semifinalisten der Swiss Voice Tour! - Swiss Voice Tour\",\"isPartOf\":{\"@id\":\"https:\\\/\\\/www.swissvoicetour.ch\\\/#website\"},\"primaryImageOfPage\":{\"@id\":\"https:\\\/\\\/www.swissvoicetour.ch\\\/2019\\\/08\\\/19\\\/bravo-a-arvena-et-joel-les-premiers-demi-finalistes-du-swiss-voice-tour\\\/#primaryimage\"},\"image\":{\"@id\":\"https:\\\/\\\/www.swissvoicetour.ch\\\/2019\\\/08\\\/19\\\/bravo-a-arvena-et-joel-les-premiers-demi-finalistes-du-swiss-voice-tour\\\/#primaryimage\"},\"thumbnailUrl\":\"https:\\\/\\\/www.swissvoicetour.ch\\\/wp-content\\\/uploads\\\/2019\\\/08\\\/PS7A2330.jpg\",\"datePublished\":\"2019-08-19T13:00:20+00:00\",\"dateModified\":\"2020-03-25T13:37:02+00:00\",\"breadcrumb\":{\"@id\":\"https:\\\/\\\/www.swissvoicetour.ch\\\/2019\\\/08\\\/19\\\/bravo-a-arvena-et-joel-les-premiers-demi-finalistes-du-swiss-voice-tour\\\/#breadcrumb\"},\"inLanguage\":\"de\",\"potentialAction\":[{\"@type\":\"ReadAction\",\"target\":[\"https:\\\/\\\/www.swissvoicetour.ch\\\/2019\\\/08\\\/19\\\/bravo-a-arvena-et-joel-les-premiers-demi-finalistes-du-swiss-voice-tour\\\/\"]}]},{\"@type\":\"ImageObject\",\"inLanguage\":\"de\",\"@id\":\"https:\\\/\\\/www.swissvoicetour.ch\\\/2019\\\/08\\\/19\\\/bravo-a-arvena-et-joel-les-premiers-demi-finalistes-du-swiss-voice-tour\\\/#primaryimage\",\"url\":\"https:\\\/\\\/www.swissvoicetour.ch\\\/wp-content\\\/uploads\\\/2019\\\/08\\\/PS7A2330.jpg\",\"contentUrl\":\"https:\\\/\\\/www.swissvoicetour.ch\\\/wp-content\\\/uploads\\\/2019\\\/08\\\/PS7A2330.jpg\",\"width\":480,\"height\":325},{\"@type\":\"BreadcrumbList\",\"@id\":\"https:\\\/\\\/www.swissvoicetour.ch\\\/2019\\\/08\\\/19\\\/bravo-a-arvena-et-joel-les-premiers-demi-finalistes-du-swiss-voice-tour\\\/#breadcrumb\",\"itemListElement\":[{\"@type\":\"ListItem\",\"position\":1,\"name\":\"Accueil\",\"item\":\"https:\\\/\\\/www.swissvoicetour.ch\\\/de\\\/\"},{\"@type\":\"ListItem\",\"position\":2,\"name\":\"Herzlichen Gl\u00fcckwunsch an Arvena und Joel, die ersten Semifinalisten der Swiss Voice Tour!\"}]},{\"@type\":\"WebSite\",\"@id\":\"https:\\\/\\\/www.swissvoicetour.ch\\\/#website\",\"url\":\"https:\\\/\\\/www.swissvoicetour.ch\\\/\",\"name\":\"Swiss Voice Tour\",\"description\":\"Willkommen auf der offiziellen Seite der Swiss Voice Tour\",\"publisher\":{\"@id\":\"https:\\\/\\\/www.swissvoicetour.ch\\\/#organization\"},\"potentialAction\":[{\"@type\":\"SearchAction\",\"target\":{\"@type\":\"EntryPoint\",\"urlTemplate\":\"https:\\\/\\\/www.swissvoicetour.ch\\\/?s={search_term_string}\"},\"query-input\":{\"@type\":\"PropertyValueSpecification\",\"valueRequired\":true,\"valueName\":\"search_term_string\"}}],\"inLanguage\":\"de\"},{\"@type\":\"Organization\",\"@id\":\"https:\\\/\\\/www.swissvoicetour.ch\\\/#organization\",\"name\":\"Swiss Voice Tour\",\"url\":\"https:\\\/\\\/www.swissvoicetour.ch\\\/\",\"logo\":{\"@type\":\"ImageObject\",\"inLanguage\":\"de\",\"@id\":\"https:\\\/\\\/www.swissvoicetour.ch\\\/#\\\/schema\\\/logo\\\/image\\\/\",\"url\":\"https:\\\/\\\/www.swissvoicetour.ch\\\/wp-content\\\/uploads\\\/2024\\\/11\\\/LOGO_SVT_2025_RVB-1030x1030.png\",\"contentUrl\":\"https:\\\/\\\/www.swissvoicetour.ch\\\/wp-content\\\/uploads\\\/2024\\\/11\\\/LOGO_SVT_2025_RVB-1030x1030.png\",\"width\":1030,\"height\":1030,\"caption\":\"Swiss Voice Tour\"},\"image\":{\"@id\":\"https:\\\/\\\/www.swissvoicetour.ch\\\/#\\\/schema\\\/logo\\\/image\\\/\"},\"sameAs\":[\"https:\\\/\\\/www.facebook.com\\\/swissvoicetour\\\/\",\"https:\\\/\\\/www.instagram.com\\\/swissvoicetour\\\/\"]},{\"@type\":\"Person\",\"@id\":\"https:\\\/\\\/www.swissvoicetour.ch\\\/#\\\/schema\\\/person\\\/0b8d3b94e741e55bb2ffc303ee92c256\",\"name\":\"smartfox-user\",\"image\":{\"@type\":\"ImageObject\",\"inLanguage\":\"de\",\"@id\":\"https:\\\/\\\/secure.gravatar.com\\\/avatar\\\/df2d89d22fbd99c8419e05386f0ccb4a5cfc4584b3f8cf2ce5f94d300cc7c08e?s=96&d=mm&r=g\",\"url\":\"https:\\\/\\\/secure.gravatar.com\\\/avatar\\\/df2d89d22fbd99c8419e05386f0ccb4a5cfc4584b3f8cf2ce5f94d300cc7c08e?s=96&d=mm&r=g\",\"contentUrl\":\"https:\\\/\\\/secure.gravatar.com\\\/avatar\\\/df2d89d22fbd99c8419e05386f0ccb4a5cfc4584b3f8cf2ce5f94d300cc7c08e?s=96&d=mm&r=g\",\"caption\":\"smartfox-user\"},\"url\":\"https:\\\/\\\/www.swissvoicetour.ch\\\/de\\\/author\\\/smartfox-user\\\/\"}]}<\/script>\n<!-- \/ Yoast SEO plugin. -->","yoast_head_json":{"title":"Herzlichen Gl\u00fcckwunsch an Arvena und Joel, die ersten Semifinalisten der Swiss Voice Tour! - Swiss Voice Tour","robots":{"index":"index","follow":"follow","max-snippet":"max-snippet:-1","max-image-preview":"max-image-preview:large","max-video-preview":"max-video-preview:-1"},"canonical":"https:\/\/www.swissvoicetour.ch\/2019\/08\/19\/bravo-a-arvena-et-joel-les-premiers-demi-finalistes-du-swiss-voice-tour\/","og_locale":"de_DE","og_type":"article","og_title":"Herzlichen Gl\u00fcckwunsch an Arvena und Joel, die ersten Semifinalisten der Swiss Voice Tour! - Swiss Voice Tour","og_description":"Mit gerade einmal 14 Jahren hat Arvena einstimmig gewonnen und das Finale des Aarepark f\u00fcr sich entschieden.","og_url":"https:\/\/www.swissvoicetour.ch\/2019\/08\/19\/bravo-a-arvena-et-joel-les-premiers-demi-finalistes-du-swiss-voice-tour\/","og_site_name":"Swiss Voice Tour","article_publisher":"https:\/\/www.facebook.com\/swissvoicetour\/","article_published_time":"2019-08-19T13:00:20+00:00","article_modified_time":"2020-03-25T13:37:02+00:00","og_image":[{"width":480,"height":325,"url":"https:\/\/www.swissvoicetour.ch\/wp-content\/uploads\/2019\/08\/PS7A2330.jpg","type":"image\/jpeg"}],"author":"smartfox-user","twitter_card":"summary_large_image","twitter_misc":{"Verfasst von":"smartfox-user","Gesch\u00e4tzte Lesezeit":"5\u00a0Minuten"},"schema":{"@context":"https:\/\/schema.org","@graph":[{"@type":"Article","@id":"https:\/\/www.swissvoicetour.ch\/2019\/08\/19\/bravo-a-arvena-et-joel-les-premiers-demi-finalistes-du-swiss-voice-tour\/#article","isPartOf":{"@id":"https:\/\/www.swissvoicetour.ch\/2019\/08\/19\/bravo-a-arvena-et-joel-les-premiers-demi-finalistes-du-swiss-voice-tour\/"},"author":{"name":"smartfox-user","@id":"https:\/\/www.swissvoicetour.ch\/#\/schema\/person\/0b8d3b94e741e55bb2ffc303ee92c256"},"headline":"Herzlichen Gl\u00fcckwunsch an Arvena und Joel, die ersten Semifinalisten der Swiss Voice Tour!","datePublished":"2019-08-19T13:00:20+00:00","dateModified":"2020-03-25T13:37:02+00:00","mainEntityOfPage":{"@id":"https:\/\/www.swissvoicetour.ch\/2019\/08\/19\/bravo-a-arvena-et-joel-les-premiers-demi-finalistes-du-swiss-voice-tour\/"},"wordCount":771,"commentCount":0,"publisher":{"@id":"https:\/\/www.swissvoicetour.ch\/#organization"},"image":{"@id":"https:\/\/www.swissvoicetour.ch\/2019\/08\/19\/bravo-a-arvena-et-joel-les-premiers-demi-finalistes-du-swiss-voice-tour\/#primaryimage"},"thumbnailUrl":"https:\/\/www.swissvoicetour.ch\/wp-content\/uploads\/2019\/08\/PS7A2330.jpg","articleSection":["Unkategorisiert"],"inLanguage":"de","potentialAction":[{"@type":"CommentAction","name":"Comment","target":["https:\/\/www.swissvoicetour.ch\/2019\/08\/19\/bravo-a-arvena-et-joel-les-premiers-demi-finalistes-du-swiss-voice-tour\/#respond"]}]},{"@type":"WebPage","@id":"https:\/\/www.swissvoicetour.ch\/2019\/08\/19\/bravo-a-arvena-et-joel-les-premiers-demi-finalistes-du-swiss-voice-tour\/","url":"https:\/\/www.swissvoicetour.ch\/2019\/08\/19\/bravo-a-arvena-et-joel-les-premiers-demi-finalistes-du-swiss-voice-tour\/","name":"Herzlichen Gl\u00fcckwunsch an Arvena und Joel, die ersten Semifinalisten der Swiss Voice Tour! - Swiss Voice Tour","isPartOf":{"@id":"https:\/\/www.swissvoicetour.ch\/#website"},"primaryImageOfPage":{"@id":"https:\/\/www.swissvoicetour.ch\/2019\/08\/19\/bravo-a-arvena-et-joel-les-premiers-demi-finalistes-du-swiss-voice-tour\/#primaryimage"},"image":{"@id":"https:\/\/www.swissvoicetour.ch\/2019\/08\/19\/bravo-a-arvena-et-joel-les-premiers-demi-finalistes-du-swiss-voice-tour\/#primaryimage"},"thumbnailUrl":"https:\/\/www.swissvoicetour.ch\/wp-content\/uploads\/2019\/08\/PS7A2330.jpg","datePublished":"2019-08-19T13:00:20+00:00","dateModified":"2020-03-25T13:37:02+00:00","breadcrumb":{"@id":"https:\/\/www.swissvoicetour.ch\/2019\/08\/19\/bravo-a-arvena-et-joel-les-premiers-demi-finalistes-du-swiss-voice-tour\/#breadcrumb"},"inLanguage":"de","potentialAction":[{"@type":"ReadAction","target":["https:\/\/www.swissvoicetour.ch\/2019\/08\/19\/bravo-a-arvena-et-joel-les-premiers-demi-finalistes-du-swiss-voice-tour\/"]}]},{"@type":"ImageObject","inLanguage":"de","@id":"https:\/\/www.swissvoicetour.ch\/2019\/08\/19\/bravo-a-arvena-et-joel-les-premiers-demi-finalistes-du-swiss-voice-tour\/#primaryimage","url":"https:\/\/www.swissvoicetour.ch\/wp-content\/uploads\/2019\/08\/PS7A2330.jpg","contentUrl":"https:\/\/www.swissvoicetour.ch\/wp-content\/uploads\/2019\/08\/PS7A2330.jpg","width":480,"height":325},{"@type":"BreadcrumbList","@id":"https:\/\/www.swissvoicetour.ch\/2019\/08\/19\/bravo-a-arvena-et-joel-les-premiers-demi-finalistes-du-swiss-voice-tour\/#breadcrumb","itemListElement":[{"@type":"ListItem","position":1,"name":"Accueil","item":"https:\/\/www.swissvoicetour.ch\/de\/"},{"@type":"ListItem","position":2,"name":"Herzlichen Gl\u00fcckwunsch an Arvena und Joel, die ersten Semifinalisten der Swiss Voice Tour!"}]},{"@type":"WebSite","@id":"https:\/\/www.swissvoicetour.ch\/#website","url":"https:\/\/www.swissvoicetour.ch\/","name":"Swiss Voice Tour","description":"Willkommen auf der offiziellen Seite der Swiss Voice Tour","publisher":{"@id":"https:\/\/www.swissvoicetour.ch\/#organization"},"potentialAction":[{"@type":"SearchAction","target":{"@type":"EntryPoint","urlTemplate":"https:\/\/www.swissvoicetour.ch\/?s={search_term_string}"},"query-input":{"@type":"PropertyValueSpecification","valueRequired":true,"valueName":"search_term_string"}}],"inLanguage":"de"},{"@type":"Organization","@id":"https:\/\/www.swissvoicetour.ch\/#organization","name":"Swiss Voice Tour","url":"https:\/\/www.swissvoicetour.ch\/","logo":{"@type":"ImageObject","inLanguage":"de","@id":"https:\/\/www.swissvoicetour.ch\/#\/schema\/logo\/image\/","url":"https:\/\/www.swissvoicetour.ch\/wp-content\/uploads\/2024\/11\/LOGO_SVT_2025_RVB-1030x1030.png","contentUrl":"https:\/\/www.swissvoicetour.ch\/wp-content\/uploads\/2024\/11\/LOGO_SVT_2025_RVB-1030x1030.png","width":1030,"height":1030,"caption":"Swiss Voice Tour"},"image":{"@id":"https:\/\/www.swissvoicetour.ch\/#\/schema\/logo\/image\/"},"sameAs":["https:\/\/www.facebook.com\/swissvoicetour\/","https:\/\/www.instagram.com\/swissvoicetour\/"]},{"@type":"Person","@id":"https:\/\/www.swissvoicetour.ch\/#\/schema\/person\/0b8d3b94e741e55bb2ffc303ee92c256","name":"smartfox-user","image":{"@type":"ImageObject","inLanguage":"de","@id":"https:\/\/secure.gravatar.com\/avatar\/df2d89d22fbd99c8419e05386f0ccb4a5cfc4584b3f8cf2ce5f94d300cc7c08e?s=96&d=mm&r=g","url":"https:\/\/secure.gravatar.com\/avatar\/df2d89d22fbd99c8419e05386f0ccb4a5cfc4584b3f8cf2ce5f94d300cc7c08e?s=96&d=mm&r=g","contentUrl":"https:\/\/secure.gravatar.com\/avatar\/df2d89d22fbd99c8419e05386f0ccb4a5cfc4584b3f8cf2ce5f94d300cc7c08e?s=96&d=mm&r=g","caption":"smartfox-user"},"url":"https:\/\/www.swissvoicetour.ch\/de\/author\/smartfox-user\/"}]}},"_links":{"self":[{"href":"https:\/\/www.swissvoicetour.ch\/de\/wp-json\/wp\/v2\/posts\/3699","targetHints":{"allow":["GET"]}}],"collection":[{"href":"https:\/\/www.swissvoicetour.ch\/de\/wp-json\/wp\/v2\/posts"}],"about":[{"href":"https:\/\/www.swissvoicetour.ch\/de\/wp-json\/wp\/v2\/types\/post"}],"author":[{"embeddable":true,"href":"https:\/\/www.swissvoicetour.ch\/de\/wp-json\/wp\/v2\/users\/2"}],"replies":[{"embeddable":true,"href":"https:\/\/www.swissvoicetour.ch\/de\/wp-json\/wp\/v2\/comments?post=3699"}],"version-history":[{"count":4,"href":"https:\/\/www.swissvoicetour.ch\/de\/wp-json\/wp\/v2\/posts\/3699\/revisions"}],"predecessor-version":[{"id":3857,"href":"https:\/\/www.swissvoicetour.ch\/de\/wp-json\/wp\/v2\/posts\/3699\/revisions\/3857"}],"wp:featuredmedia":[{"embeddable":true,"href":"https:\/\/www.swissvoicetour.ch\/de\/wp-json\/wp\/v2\/media\/3720"}],"wp:attachment":[{"href":"https:\/\/www.swissvoicetour.ch\/de\/wp-json\/wp\/v2\/media?parent=3699"}],"wp:term":[{"taxonomy":"category","embeddable":true,"href":"https:\/\/www.swissvoicetour.ch\/de\/wp-json\/wp\/v2\/categories?post=3699"},{"taxonomy":"post_tag","embeddable":true,"href":"https:\/\/www.swissvoicetour.ch\/de\/wp-json\/wp\/v2\/tags?post=3699"}],"curies":[{"name":"wp","href":"https:\/\/api.w.org\/{rel}","templated":true}]}}