{"id":17229,"date":"2026-04-27T13:35:40","date_gmt":"2026-04-27T11:35:40","guid":{"rendered":"https:\/\/www.swissvoicetour.ch\/?p=17229"},"modified":"2026-04-27T16:12:23","modified_gmt":"2026-04-27T14:12:23","slug":"saison-11-une-premiere-semaine-deja-pleine-de-talents","status":"publish","type":"post","link":"https:\/\/www.swissvoicetour.ch\/de\/2026\/04\/27\/saison-11-une-premiere-semaine-deja-pleine-de-talents\/","title":{"rendered":"Saison 11: Eine erste Woche voller Talente"},"content":{"rendered":"[av_section min_height='' min_height_pc='25' min_height_px='100px' shadow='no-border-styling' bottom_border='no-border-styling' bottom_border_diagonal_color='#ffffff' bottom_border_diagonal_direction='border-extra-diagonal-inverse' bottom_border_style='' padding='default' custom_margin='0px' custom_margin_sync='true' av-desktop-custom_margin='' av-desktop-custom_margin_sync='true' av-medium-custom_margin='' av-medium-custom_margin_sync='true' av-small-custom_margin='' av-small-custom_margin_sync='true' av-mini-custom_margin='' av-mini-custom_margin_sync='true' svg_div_top='' svg_div_top_color='#333333' svg_div_top_width='100' svg_div_top_height='50' svg_div_top_max_height='none' svg_div_top_opacity='' svg_div_bottom='' svg_div_bottom_color='#333333' svg_div_bottom_width='100' svg_div_bottom_height='50' svg_div_bottom_max_height='none' svg_div_bottom_opacity='' fold_type='' fold_height='' fold_more='Lire la suite' fold_less='Lire moins' fold_text_style='' fold_btn_align='' color='main_color' background='bg_color' custom_bg='#cca047' background_gradient_direction='vertical_rev' background_gradient_color1='' background_gradient_color2='' background_gradient_color3='' src='' attachment='' attachment_size='' attach='scroll' position='top center' repeat='no-repeat' video='' video_ratio='16:9' overlay_opacity='0.5' overlay_color='' overlay_pattern='' overlay_custom_pattern='' custom_arrow_bg='' fold_overlay_color='' fold_text_color='' fold_btn_color='theme-color' fold_btn_bg_color='' fold_btn_font_color='' size-btn-text='' av-desktop-font-size-btn-text='' av-medium-font-size-btn-text='' av-small-font-size-btn-text='' av-mini-font-size-btn-text='' fold_timer='' z_index_fold='' css_position_z_index='' av-desktop-css_position_z_index='' av-medium-css_position_z_index='' av-small-css_position_z_index='' av-mini-css_position_z_index='' id='' custom_class='titre-page' template_class='' aria_label='' av_element_hidden_in_editor='0' av_uid='' sc_version='1.0']\r\n[av_heading heading='News' tag='h1' style='blockquote modern-quote' subheading_active='' show_icon='' icon='ue800' font='entypo-fontello' size='' av-desktop-font-size-title='' av-medium-font-size-title='' av-small-font-size-title='' av-mini-font-size-title='' subheading_size='' av-desktop-font-size='' av-medium-font-size='' av-small-font-size='' av-mini-font-size='' icon_size='' av-desktop-font-size-1='' av-medium-font-size-1='' av-small-font-size-1='' av-mini-font-size-1='' color='custom-color-heading' custom_font='#000000' subheading_color='' seperator_color='' icon_color='' margin='' margin_sync='true' av-desktop-margin='' av-desktop-margin_sync='true' av-medium-margin='' av-medium-margin_sync='true' av-small-margin='' av-small-margin_sync='true' av-mini-margin='' av-mini-margin_sync='true' headline_padding='' headline_padding_sync='true' av-desktop-headline_padding='' av-desktop-headline_padding_sync='true' av-medium-headline_padding='' av-medium-headline_padding_sync='true' av-small-headline_padding='' av-small-headline_padding_sync='true' av-mini-headline_padding='' av-mini-headline_padding_sync='true' padding='10' av-desktop-padding='' av-medium-padding='' av-small-padding='' av-mini-padding='' icon_padding='10' av-desktop-icon_padding='' av-medium-icon_padding='' av-small-icon_padding='' av-mini-icon_padding='' link='' link_target='' title_attr='' id='' custom_class='' template_class='' av_uid='' sc_version='1.0' admin_preview_bg=''][\/av_heading]\r\n[\/av_section]\n\n<style type=\"text\/css\" data-created_by=\"avia_inline_auto\" id=\"style-css-av-2zha9bj-4c921a7bc3a1001aa25044c0165c3f85\">\n.flex_column.av-2zha9bj-4c921a7bc3a1001aa25044c0165c3f85{\nborder-radius:0px 0px 0px 0px;\npadding:0px 0px 0px 0px;\n}\n<\/style>\n<div  class='flex_column av-2zha9bj-4c921a7bc3a1001aa25044c0165c3f85 av_one_fifth  avia-builder-el-1  el_after_av_custom_layout  el_before_av_three_fifth  avia-builder-el-first  first flex_column_div av-zero-column-padding  '     ><div  class='avia-button-wrap av-2qqe3gv-3fc5cb4768670d84282159513d66b65d-wrap avia-button-left  avia-builder-el-2  avia-builder-el-no-sibling '><a href='https:\/\/www.swissvoicetour.ch\/de\/news\/'  class='avia-button av-2qqe3gv-3fc5cb4768670d84282159513d66b65d av-link-btn avia-icon_select-yes-left-icon avia-size-small avia-position-left avia-color-theme-color'   aria-label=\"Sehen Sie alle Nachrichten\"><span class='avia_button_icon avia_button_icon_left avia-iconfont avia-font-entypo-fontello' data-av_icon='\ue830' data-av_iconfont='entypo-fontello' ><\/span><span class='avia_iconbox_title' >Sehen Sie alle Nachrichten<\/span><\/a><\/div><\/div>\n\n<style type=\"text\/css\" data-created_by=\"avia_inline_auto\" id=\"style-css-av-2844amn-1afbd2ad7ac3cdd0ba83fd8e6f73cd9e\">\n.flex_column.av-2844amn-1afbd2ad7ac3cdd0ba83fd8e6f73cd9e{\nborder-radius:0px 0px 0px 0px;\npadding:0px 0px 0px 0px;\n}\n<\/style>\n<div  class='flex_column av-2844amn-1afbd2ad7ac3cdd0ba83fd8e6f73cd9e av_three_fifth  avia-builder-el-3  el_after_av_one_fifth  el_before_av_one_fifth  flex_column_div av-zero-column-padding  '     ><p>\n<style type=\"text\/css\" data-created_by=\"avia_inline_auto\" id=\"style-css-av-m4swprnr-1ab892456a7903cf60c20e663fea3e9b\">\n.avia-image-container.av-m4swprnr-1ab892456a7903cf60c20e663fea3e9b img.avia_image{\nbox-shadow:none;\n}\n.avia-image-container.av-m4swprnr-1ab892456a7903cf60c20e663fea3e9b .av-image-caption-overlay-center{\ncolor:#ffffff;\n}\n<\/style>\n<div  class='avia-image-container av-m4swprnr-1ab892456a7903cf60c20e663fea3e9b av-styling- avia-align-center  avia-builder-el-4  el_before_av_heading  avia-builder-el-first '   itemprop=\"image\" itemscope=\"itemscope\" itemtype=\"https:\/\/schema.org\/ImageObject\" ><div class=\"avia-image-container-inner\"><div class=\"avia-image-overlay-wrap\"><img decoding=\"async\" fetchpriority=\"high\" class='wp-image-17227 avia-img-lazy-loading-not-17227 avia_image ' src=\"https:\/\/www.swissvoicetour.ch\/wp-content\/uploads\/2026\/04\/WhatsApp-Image-2026-04-27-at-13.17.05.jpeg\" alt='' title='WhatsApp Image 2026-04-27 at 13.17.05'  height=\"489\" width=\"701\"  itemprop=\"thumbnailUrl\" srcset=\"https:\/\/www.swissvoicetour.ch\/wp-content\/uploads\/2026\/04\/WhatsApp-Image-2026-04-27-at-13.17.05.jpeg 701w, https:\/\/www.swissvoicetour.ch\/wp-content\/uploads\/2026\/04\/WhatsApp-Image-2026-04-27-at-13.17.05-300x209.jpeg 300w\" sizes=\"(max-width: 701px) 100vw, 701px\" \/><\/div><\/div><\/div><br \/>\n\n<style type=\"text\/css\" data-created_by=\"avia_inline_auto\" id=\"style-css-av-m4swpx5c-02976d17016daf76e3ae41f69f4526aa\">\n#top .av-special-heading.av-m4swpx5c-02976d17016daf76e3ae41f69f4526aa{\npadding-bottom:10px;\n}\nbody .av-special-heading.av-m4swpx5c-02976d17016daf76e3ae41f69f4526aa .av-special-heading-tag .heading-char{\nfont-size:25px;\n}\n.av-special-heading.av-m4swpx5c-02976d17016daf76e3ae41f69f4526aa .av-subheading{\nfont-size:15px;\n}\n<\/style>\n<div  class='av-special-heading av-m4swpx5c-02976d17016daf76e3ae41f69f4526aa av-special-heading-h2 blockquote modern-quote  avia-builder-el-5  el_after_av_image  el_before_av_hr '><h2 class='av-special-heading-tag '  itemprop=\"headline\"  >Saison 11: Eine erste Woche voller Talente<\/h2><div class=\"special-heading-border\"><div class=\"special-heading-inner-border\"><\/div><\/div><\/div><br \/>\n\n<style type=\"text\/css\" data-created_by=\"avia_inline_auto\" id=\"style-css-av-1hz4p0v-a079ff365dd4c8c6b8d4b97310562512\">\n#top .hr.hr-invisible.av-1hz4p0v-a079ff365dd4c8c6b8d4b97310562512{\nheight:30px;\n}\n<\/style>\n<div  class='hr av-1hz4p0v-a079ff365dd4c8c6b8d4b97310562512 hr-invisible  avia-builder-el-6  el_after_av_heading  el_before_av_textblock '><span class='hr-inner '><span class=\"hr-inner-style\"><\/span><\/span><\/div><br \/>\n<section  class='av_textblock_section av-m4swqap4-29eaffa7308ba020861bbc7b9087fd3d '   itemscope=\"itemscope\" itemtype=\"https:\/\/schema.org\/BlogPosting\" itemprop=\"blogPost\" ><div class='avia_textblock'  itemprop=\"text\" ><section class=\"text-token-text-primary w-full focus:outline-none &#091;--shadow-height:45px&#093; has-data-writing-block:pointer-events-none has-data-writing-block:-mt-(--shadow-height) has-data-writing-block:pt-(--shadow-height) &#091;&amp;:has(&#091;data-writing-block&#093;)&gt;*&#093;:pointer-events-auto &#091;content-visibility:auto&#093; supports-&#091;content-visibility:auto&#093;:&#091;contain-intrinsic-size:auto_100lvh&#093; R6Vx5W_threadScrollVars scroll-mb-&#091;calc(var(--scroll-root-safe-area-inset-bottom,0px)+var(--thread-response-height))&#093; scroll-mt-&#091;calc(var(--header-height)+min(200px,max(70px,20svh)))&#093;\" dir=\"auto\" data-turn-id=\"68583707-0016-45dd-90ee-1dd1ad2c02d3\" data-testid=\"conversation-turn-2\" data-scroll-anchor=\"false\" data-turn=\"assistant\">Die Saison 11 des Swiss Voice Tour ist offiziell gestartet und beginnt mit einem au\u00dfergew\u00f6hnlichen Auftakt.<\/p>\n<div class=\"text-base my-auto mx-auto pb-10 &#091;--thread-content-margin:var(--thread-content-margin-xs,calc(var(--spacing)*4))&#093; @w-sm\/main:&#091;--thread-content-margin:var(--thread-content-margin-sm,calc(var(--spacing)*6))&#093; @w-lg\/main:&#091;--thread-content-margin:var(--thread-content-margin-lg,calc(var(--spacing)*16))&#093; px-(--thread-content-margin)\">\n<div class=\"&#091;--thread-content-max-width:40rem&#093; @w-lg\/main:&#091;--thread-content-max-width:48rem&#093; mx-auto max-w-(--thread-content-max-width) flex-1 group\/turn-messages focus-visible:outline-hidden relative flex w-full min-w-0 flex-col agent-turn\">\n<div class=\"flex max-w-full flex-col gap-4 grow\">\n<div class=\"min-h-8 text-message relative flex w-full flex-col items-end gap-2 text-start break-words whitespace-normal outline-none keyboard-focused:focus-ring &#091;.text-message+&amp;&#093;:mt-1\" dir=\"auto\" tabindex=\"0\" data-message-author-role=\"assistant\" data-message-id=\"93e0e9a5-7725-44c2-9033-6e90632652ec\" data-turn-start-message=\"true\" data-message-model-slug=\"gpt-5-3-mini\">\n<div class=\"flex w-full flex-col gap-1 empty:hidden\">\n<div class=\"markdown prose dark:prose-invert w-full wrap-break-word light markdown-new-styling\">\n<p data-start=\"174\" data-end=\"806\">Die erste Casting-Woche fand im <strong data-start=\"206\" data-end=\"234\">Riviera Center in Rennaz<\/strong> statt und markierte einen besonders vielversprechenden Start.<br \/>\nDie Energie war deutlich sp\u00fcrbar, mit zahlreichen Talenten, die gekommen sind, um ihr Gl\u00fcck zu versuchen und ihre Leidenschaft f\u00fcr den Gesang zu zeigen. Bereits bei den ersten Auditions zeigte sich ein sehr hohes Niveau, was eine Saison voller Emotionen und starker stimmlicher Leistungen auf der B\u00fchne verspricht. Wir sind sehr gl\u00fccklich \u00fcber diesen ersten Schritt, der den Geist des Swiss Voice Tour perfekt widerspiegelt: neue K\u00fcnstler in der ganzen Schweiz zu entdecken, zu f\u00f6rdern und sichtbar zu machen.<\/p>\n<p data-start=\"808\" data-end=\"1208\">Wir m\u00f6chten au\u00dferdem herzlich <strong data-start=\"838\" data-end=\"850\">P\u00e9n\u00e9lope<\/strong>, Gewinnerin des Center-Finales in der Kategorie Kid, sowie <strong data-start=\"910\" data-end=\"918\">Ando<\/strong>, Siegerin der Kategorie Adult, gratulieren. Beide qualifizieren sich direkt f\u00fcr die Viertelfinals des Swiss Voice Tour 11. Diese finden am <strong data-start=\"1058\" data-end=\"1097\">23. September f\u00fcr die Kategorie Kid<\/strong> und am <strong data-start=\"1105\" data-end=\"1146\">26. September f\u00fcr die Kategorie Adult<\/strong> statt. Herzlichen Gl\u00fcckwunsch zu dieser gro\u00dfartigen Leistung!<\/p>\n<p data-start=\"1210\" data-end=\"1465\">Die Tour geht nun weiter mit einer neuen Etappe im <strong data-start=\"1261\" data-end=\"1279\">Cristal Center<\/strong>, bevor sie n\u00e4chste Woche im <strong data-start=\"1308\" data-end=\"1331\">Centre La Maladi\u00e8re<\/strong> fortgesetzt wird. Jede Casting-Station ist eine neue Gelegenheit, auf die B\u00fchne zu steigen und eine einzigartige Erfahrung zu machen.<\/p>\n<p data-start=\"1467\" data-end=\"1564\">\ud83d\udc49 Die Anmeldungen sind weiterhin ge\u00f6ffnet unter diesem Link: <a class=\"decorated-link\" href=\"https:\/\/register.swissvoicetour.ch\/\" target=\"_new\" rel=\"noopener\" data-start=\"1529\" data-end=\"1564\">https:\/\/register.swissvoicetour.ch\/<\/a><\/p>\n<p data-start=\"1566\" data-end=\"1833\">Wir erinnern au\u00dferdem daran, dass die 2 Gewinner dieser Saison 11 einen au\u00dfergew\u00f6hnlichen Preis erhalten: die Aufnahme einer professionellen Single und eines Musikvideos sowie die einmalige Gelegenheit, beim <strong data-start=\"1774\" data-end=\"1793\">Venoge Festival<\/strong> im August 2027 auf der B\u00fchne zu stehen.<\/p>\n<p data-start=\"1835\" data-end=\"1974\">Eine Saison, die stark beginnt \u2013 und gerade erst anf\u00e4ngt. Wir freuen uns darauf, die n\u00e4chsten Talente des Swiss Voice Tour 11 zu entdecken.<\/p>\n<\/div>\n<\/div>\n<\/div>\n<\/div>\n<div class=\"z-0 flex min-h-&#091;46px&#093; justify-start\"><\/div>\n<\/div>\n<\/div>\n<\/section>\n<div class=\"pointer-events-none -mt-px h-px translate-y-&#091;calc(var(--scroll-root-safe-area-inset-bottom)-14*var(--spacing))&#093;\" aria-hidden=\"true\"><\/div>\n<\/div><\/section><\/p><\/div>\n<style type=\"text\/css\" data-created_by=\"avia_inline_auto\" id=\"style-css-av-4gegcv-5e42a9f38ffb0f2f7769023689511f05\">\n.flex_column.av-4gegcv-5e42a9f38ffb0f2f7769023689511f05{\nborder-radius:0px 0px 0px 0px;\npadding:0px 0px 0px 0px;\n}\n<\/style>\n<div  class='flex_column av-4gegcv-5e42a9f38ffb0f2f7769023689511f05 av_one_fifth  avia-builder-el-8  el_after_av_three_fifth  avia-builder-el-last  flex_column_div av-zero-column-padding  '     ><div  class='av-social-sharing-box av-t83d2n-a28d6afd044aca77af208e2788fbf7d4 av-social-sharing-box-default  avia-builder-el-9  avia-builder-el-no-sibling  av-social-sharing-box-fullwidth'><div class=\"av-share-box\"><h5 class='av-share-link-description av-no-toc '>Teilen Sie diesen Artikel<\/h5><ul class=\"av-share-box-list noLightbox\"><li class='av-share-link av-social-link-facebook avia_social_iconfont' ><a target=\"_blank\" aria-label=\"Teilen auf Facebook\" href='https:\/\/www.facebook.com\/sharer.php?u=https:\/\/www.swissvoicetour.ch\/de\/2026\/04\/27\/saison-11-une-premiere-semaine-deja-pleine-de-talents\/&#038;t=Saison%2011%3A%20Eine%20erste%20Woche%20voller%20Talente' data-av_icon='\ue8f3' data-av_iconfont='entypo-fontello'  title='' data-avia-related-tooltip='Teilen auf Facebook'><span class='avia_hidden_link_text'>Teilen auf Facebook<\/span><\/a><\/li><li class='av-share-link av-social-link-twitter avia_social_iconfont' ><a target=\"_blank\" aria-label=\"Teilen auf X\" href='https:\/\/twitter.com\/share?text=Saison%2011%3A%20Eine%20erste%20Woche%20voller%20Talente&#038;url=https:\/\/www.swissvoicetour.ch\/de\/?p=17229' data-av_icon='\ue932' data-av_iconfont='entypo-fontello'  title='' data-avia-related-tooltip='Teilen auf X'><span class='avia_hidden_link_text'>Teilen auf X<\/span><\/a><\/li><li class='av-share-link av-social-link-whatsapp avia_social_iconfont' ><a target=\"_blank\" aria-label=\"Teilen auf WhatsApp\" href='https:\/\/api.whatsapp.com\/send?text=https:\/\/www.swissvoicetour.ch\/de\/2026\/04\/27\/saison-11-une-premiere-semaine-deja-pleine-de-talents\/' data-av_icon='\uf232' data-av_iconfont='entypo-fontello'  title='' data-avia-related-tooltip='Teilen auf WhatsApp'><span class='avia_hidden_link_text'>Teilen auf WhatsApp<\/span><\/a><\/li><li class='av-share-link av-social-link-linkedin avia_social_iconfont' ><a target=\"_blank\" aria-label=\"Teilen auf LinkedIn\" href='https:\/\/linkedin.com\/shareArticle?mini=true&#038;title=Saison%2011%3A%20Eine%20erste%20Woche%20voller%20Talente&#038;url=https:\/\/www.swissvoicetour.ch\/de\/2026\/04\/27\/saison-11-une-premiere-semaine-deja-pleine-de-talents\/' data-av_icon='\ue8fc' data-av_iconfont='entypo-fontello'  title='' data-avia-related-tooltip='Teilen auf LinkedIn'><span class='avia_hidden_link_text'>Teilen auf LinkedIn<\/span><\/a><\/li><li class='av-share-link av-social-link-mail avia_social_iconfont' ><a  aria-label=\"Per E-Mail teilen\" href='mailto:?subject=Saison%2011%3A%20Eine%20erste%20Woche%20voller%20Talente&#038;body=https:\/\/www.swissvoicetour.ch\/de\/2026\/04\/27\/saison-11-une-premiere-semaine-deja-pleine-de-talents\/' data-av_icon='\ue805' data-av_iconfont='entypo-fontello'  title='' data-avia-related-tooltip='Per E-Mail teilen'><span class='avia_hidden_link_text'>Per E-Mail teilen<\/span><\/a><\/li><\/ul><\/div><\/div><\/div><\/p>\n","protected":false},"excerpt":{"rendered":"<p>Die erste Casting-Woche fand im Riviera Center in Rennaz statt und markierte einen besonders vielversprechenden Start.<\/p>\n","protected":false},"author":4,"featured_media":17227,"comment_status":"closed","ping_status":"closed","sticky":false,"template":"","format":"standard","meta":{"_acf_changed":false,"footnotes":""},"categories":[18],"tags":[],"class_list":["post-17229","post","type-post","status-publish","format-standard","has-post-thumbnail","hentry","category-unkategorisiert"],"acf":[],"yoast_head":"<!-- This site is optimized with the Yoast SEO plugin v27.5 - https:\/\/yoast.com\/product\/yoast-seo-wordpress\/ -->\n<title>Saison 11: Eine erste Woche voller Talente - Swiss Voice Tour<\/title>\n<meta name=\"description\" content=\"Die erste Casting-Woche fand im Riviera Center in Rennaz statt und markierte einen besonders vielversprechenden Start.\" \/>\n<meta name=\"robots\" content=\"index, follow, max-snippet:-1, max-image-preview:large, max-video-preview:-1\" \/>\n<link rel=\"canonical\" href=\"https:\/\/www.swissvoicetour.ch\/de\/2026\/04\/27\/saison-11-une-premiere-semaine-deja-pleine-de-talents\/\" \/>\n<meta property=\"og:locale\" content=\"de_DE\" \/>\n<meta property=\"og:type\" content=\"article\" \/>\n<meta property=\"og:title\" content=\"Saison 11: Eine erste Woche voller Talente - Swiss Voice Tour\" \/>\n<meta property=\"og:description\" content=\"Die erste Casting-Woche fand im Riviera Center in Rennaz statt und markierte einen besonders vielversprechenden Start.\" \/>\n<meta property=\"og:url\" content=\"https:\/\/www.swissvoicetour.ch\/de\/2026\/04\/27\/saison-11-une-premiere-semaine-deja-pleine-de-talents\/\" \/>\n<meta property=\"og:site_name\" content=\"Swiss Voice Tour\" \/>\n<meta property=\"article:publisher\" content=\"https:\/\/www.facebook.com\/swissvoicetour\/\" \/>\n<meta property=\"article:published_time\" content=\"2026-04-27T11:35:40+00:00\" \/>\n<meta property=\"article:modified_time\" content=\"2026-04-27T14:12:23+00:00\" \/>\n<meta property=\"og:image\" content=\"https:\/\/www.swissvoicetour.ch\/wp-content\/uploads\/2026\/04\/WhatsApp-Image-2026-04-27-at-13.17.05.jpeg\" \/>\n\t<meta property=\"og:image:width\" content=\"701\" \/>\n\t<meta property=\"og:image:height\" content=\"489\" \/>\n\t<meta property=\"og:image:type\" content=\"image\/jpeg\" \/>\n<meta name=\"author\" content=\"Swissvoicetour\" \/>\n<meta name=\"twitter:card\" content=\"summary_large_image\" \/>\n<meta name=\"twitter:label1\" content=\"Verfasst von\" \/>\n\t<meta name=\"twitter:data1\" content=\"Swissvoicetour\" \/>\n\t<meta name=\"twitter:label2\" content=\"Gesch\u00e4tzte Lesezeit\" \/>\n\t<meta name=\"twitter:data2\" content=\"3\u00a0Minuten\" \/>\n<script type=\"application\/ld+json\" class=\"yoast-schema-graph\">{\"@context\":\"https:\\\/\\\/schema.org\",\"@graph\":[{\"@type\":\"Article\",\"@id\":\"https:\\\/\\\/www.swissvoicetour.ch\\\/de\\\/2026\\\/04\\\/27\\\/saison-11-une-premiere-semaine-deja-pleine-de-talents\\\/#article\",\"isPartOf\":{\"@id\":\"https:\\\/\\\/www.swissvoicetour.ch\\\/de\\\/2026\\\/04\\\/27\\\/saison-11-une-premiere-semaine-deja-pleine-de-talents\\\/\"},\"author\":{\"name\":\"Swissvoicetour\",\"@id\":\"https:\\\/\\\/www.swissvoicetour.ch\\\/#\\\/schema\\\/person\\\/de38c536756e0b173c1a0c6b24b81323\"},\"headline\":\"Saison 11: Eine erste Woche voller Talente\",\"datePublished\":\"2026-04-27T11:35:40+00:00\",\"dateModified\":\"2026-04-27T14:12:23+00:00\",\"mainEntityOfPage\":{\"@id\":\"https:\\\/\\\/www.swissvoicetour.ch\\\/de\\\/2026\\\/04\\\/27\\\/saison-11-une-premiere-semaine-deja-pleine-de-talents\\\/\"},\"wordCount\":1573,\"publisher\":{\"@id\":\"https:\\\/\\\/www.swissvoicetour.ch\\\/#organization\"},\"image\":{\"@id\":\"https:\\\/\\\/www.swissvoicetour.ch\\\/de\\\/2026\\\/04\\\/27\\\/saison-11-une-premiere-semaine-deja-pleine-de-talents\\\/#primaryimage\"},\"thumbnailUrl\":\"https:\\\/\\\/www.swissvoicetour.ch\\\/wp-content\\\/uploads\\\/2026\\\/04\\\/WhatsApp-Image-2026-04-27-at-13.17.05.jpeg\",\"articleSection\":[\"Unkategorisiert\"],\"inLanguage\":\"de\"},{\"@type\":\"WebPage\",\"@id\":\"https:\\\/\\\/www.swissvoicetour.ch\\\/de\\\/2026\\\/04\\\/27\\\/saison-11-une-premiere-semaine-deja-pleine-de-talents\\\/\",\"url\":\"https:\\\/\\\/www.swissvoicetour.ch\\\/de\\\/2026\\\/04\\\/27\\\/saison-11-une-premiere-semaine-deja-pleine-de-talents\\\/\",\"name\":\"Saison 11: Eine erste Woche voller Talente - Swiss Voice Tour\",\"isPartOf\":{\"@id\":\"https:\\\/\\\/www.swissvoicetour.ch\\\/#website\"},\"primaryImageOfPage\":{\"@id\":\"https:\\\/\\\/www.swissvoicetour.ch\\\/de\\\/2026\\\/04\\\/27\\\/saison-11-une-premiere-semaine-deja-pleine-de-talents\\\/#primaryimage\"},\"image\":{\"@id\":\"https:\\\/\\\/www.swissvoicetour.ch\\\/de\\\/2026\\\/04\\\/27\\\/saison-11-une-premiere-semaine-deja-pleine-de-talents\\\/#primaryimage\"},\"thumbnailUrl\":\"https:\\\/\\\/www.swissvoicetour.ch\\\/wp-content\\\/uploads\\\/2026\\\/04\\\/WhatsApp-Image-2026-04-27-at-13.17.05.jpeg\",\"datePublished\":\"2026-04-27T11:35:40+00:00\",\"dateModified\":\"2026-04-27T14:12:23+00:00\",\"description\":\"Die erste Casting-Woche fand im Riviera Center in Rennaz statt und markierte einen besonders vielversprechenden Start.\",\"breadcrumb\":{\"@id\":\"https:\\\/\\\/www.swissvoicetour.ch\\\/de\\\/2026\\\/04\\\/27\\\/saison-11-une-premiere-semaine-deja-pleine-de-talents\\\/#breadcrumb\"},\"inLanguage\":\"de\",\"potentialAction\":[{\"@type\":\"ReadAction\",\"target\":[\"https:\\\/\\\/www.swissvoicetour.ch\\\/de\\\/2026\\\/04\\\/27\\\/saison-11-une-premiere-semaine-deja-pleine-de-talents\\\/\"]}]},{\"@type\":\"ImageObject\",\"inLanguage\":\"de\",\"@id\":\"https:\\\/\\\/www.swissvoicetour.ch\\\/de\\\/2026\\\/04\\\/27\\\/saison-11-une-premiere-semaine-deja-pleine-de-talents\\\/#primaryimage\",\"url\":\"https:\\\/\\\/www.swissvoicetour.ch\\\/wp-content\\\/uploads\\\/2026\\\/04\\\/WhatsApp-Image-2026-04-27-at-13.17.05.jpeg\",\"contentUrl\":\"https:\\\/\\\/www.swissvoicetour.ch\\\/wp-content\\\/uploads\\\/2026\\\/04\\\/WhatsApp-Image-2026-04-27-at-13.17.05.jpeg\",\"width\":701,\"height\":489},{\"@type\":\"BreadcrumbList\",\"@id\":\"https:\\\/\\\/www.swissvoicetour.ch\\\/de\\\/2026\\\/04\\\/27\\\/saison-11-une-premiere-semaine-deja-pleine-de-talents\\\/#breadcrumb\",\"itemListElement\":[{\"@type\":\"ListItem\",\"position\":1,\"name\":\"Accueil\",\"item\":\"https:\\\/\\\/www.swissvoicetour.ch\\\/de\\\/\"},{\"@type\":\"ListItem\",\"position\":2,\"name\":\"Saison 11: Eine erste Woche voller Talente\"}]},{\"@type\":\"WebSite\",\"@id\":\"https:\\\/\\\/www.swissvoicetour.ch\\\/#website\",\"url\":\"https:\\\/\\\/www.swissvoicetour.ch\\\/\",\"name\":\"Swiss Voice Tour\",\"description\":\"Willkommen auf der offiziellen Seite der Swiss Voice Tour\",\"publisher\":{\"@id\":\"https:\\\/\\\/www.swissvoicetour.ch\\\/#organization\"},\"potentialAction\":[{\"@type\":\"SearchAction\",\"target\":{\"@type\":\"EntryPoint\",\"urlTemplate\":\"https:\\\/\\\/www.swissvoicetour.ch\\\/?s={search_term_string}\"},\"query-input\":{\"@type\":\"PropertyValueSpecification\",\"valueRequired\":true,\"valueName\":\"search_term_string\"}}],\"inLanguage\":\"de\"},{\"@type\":\"Organization\",\"@id\":\"https:\\\/\\\/www.swissvoicetour.ch\\\/#organization\",\"name\":\"Swiss Voice Tour\",\"url\":\"https:\\\/\\\/www.swissvoicetour.ch\\\/\",\"logo\":{\"@type\":\"ImageObject\",\"inLanguage\":\"de\",\"@id\":\"https:\\\/\\\/www.swissvoicetour.ch\\\/#\\\/schema\\\/logo\\\/image\\\/\",\"url\":\"https:\\\/\\\/www.swissvoicetour.ch\\\/wp-content\\\/uploads\\\/2024\\\/11\\\/LOGO_SVT_2025_RVB-1030x1030.png\",\"contentUrl\":\"https:\\\/\\\/www.swissvoicetour.ch\\\/wp-content\\\/uploads\\\/2024\\\/11\\\/LOGO_SVT_2025_RVB-1030x1030.png\",\"width\":1030,\"height\":1030,\"caption\":\"Swiss Voice Tour\"},\"image\":{\"@id\":\"https:\\\/\\\/www.swissvoicetour.ch\\\/#\\\/schema\\\/logo\\\/image\\\/\"},\"sameAs\":[\"https:\\\/\\\/www.facebook.com\\\/swissvoicetour\\\/\",\"https:\\\/\\\/www.instagram.com\\\/swissvoicetour\\\/\"]},{\"@type\":\"Person\",\"@id\":\"https:\\\/\\\/www.swissvoicetour.ch\\\/#\\\/schema\\\/person\\\/de38c536756e0b173c1a0c6b24b81323\",\"name\":\"Swissvoicetour\",\"image\":{\"@type\":\"ImageObject\",\"inLanguage\":\"de\",\"@id\":\"https:\\\/\\\/secure.gravatar.com\\\/avatar\\\/b80f148837990d85089c37188c2849d7e9c06f46aa6a7fd3926e733059ecb726?s=96&d=mm&r=g\",\"url\":\"https:\\\/\\\/secure.gravatar.com\\\/avatar\\\/b80f148837990d85089c37188c2849d7e9c06f46aa6a7fd3926e733059ecb726?s=96&d=mm&r=g\",\"contentUrl\":\"https:\\\/\\\/secure.gravatar.com\\\/avatar\\\/b80f148837990d85089c37188c2849d7e9c06f46aa6a7fd3926e733059ecb726?s=96&d=mm&r=g\",\"caption\":\"Swissvoicetour\"},\"url\":\"https:\\\/\\\/www.swissvoicetour.ch\\\/de\\\/author\\\/swissvoicetour\\\/\"}]}<\/script>\n<!-- \/ Yoast SEO plugin. -->","yoast_head_json":{"title":"Saison 11: Eine erste Woche voller Talente - Swiss Voice Tour","description":"Die erste Casting-Woche fand im Riviera Center in Rennaz statt und markierte einen besonders vielversprechenden Start.","robots":{"index":"index","follow":"follow","max-snippet":"max-snippet:-1","max-image-preview":"max-image-preview:large","max-video-preview":"max-video-preview:-1"},"canonical":"https:\/\/www.swissvoicetour.ch\/de\/2026\/04\/27\/saison-11-une-premiere-semaine-deja-pleine-de-talents\/","og_locale":"de_DE","og_type":"article","og_title":"Saison 11: Eine erste Woche voller Talente - Swiss Voice Tour","og_description":"Die erste Casting-Woche fand im Riviera Center in Rennaz statt und markierte einen besonders vielversprechenden Start.","og_url":"https:\/\/www.swissvoicetour.ch\/de\/2026\/04\/27\/saison-11-une-premiere-semaine-deja-pleine-de-talents\/","og_site_name":"Swiss Voice Tour","article_publisher":"https:\/\/www.facebook.com\/swissvoicetour\/","article_published_time":"2026-04-27T11:35:40+00:00","article_modified_time":"2026-04-27T14:12:23+00:00","og_image":[{"width":701,"height":489,"url":"https:\/\/www.swissvoicetour.ch\/wp-content\/uploads\/2026\/04\/WhatsApp-Image-2026-04-27-at-13.17.05.jpeg","type":"image\/jpeg"}],"author":"Swissvoicetour","twitter_card":"summary_large_image","twitter_misc":{"Verfasst von":"Swissvoicetour","Gesch\u00e4tzte Lesezeit":"3\u00a0Minuten"},"schema":{"@context":"https:\/\/schema.org","@graph":[{"@type":"Article","@id":"https:\/\/www.swissvoicetour.ch\/de\/2026\/04\/27\/saison-11-une-premiere-semaine-deja-pleine-de-talents\/#article","isPartOf":{"@id":"https:\/\/www.swissvoicetour.ch\/de\/2026\/04\/27\/saison-11-une-premiere-semaine-deja-pleine-de-talents\/"},"author":{"name":"Swissvoicetour","@id":"https:\/\/www.swissvoicetour.ch\/#\/schema\/person\/de38c536756e0b173c1a0c6b24b81323"},"headline":"Saison 11: Eine erste Woche voller Talente","datePublished":"2026-04-27T11:35:40+00:00","dateModified":"2026-04-27T14:12:23+00:00","mainEntityOfPage":{"@id":"https:\/\/www.swissvoicetour.ch\/de\/2026\/04\/27\/saison-11-une-premiere-semaine-deja-pleine-de-talents\/"},"wordCount":1573,"publisher":{"@id":"https:\/\/www.swissvoicetour.ch\/#organization"},"image":{"@id":"https:\/\/www.swissvoicetour.ch\/de\/2026\/04\/27\/saison-11-une-premiere-semaine-deja-pleine-de-talents\/#primaryimage"},"thumbnailUrl":"https:\/\/www.swissvoicetour.ch\/wp-content\/uploads\/2026\/04\/WhatsApp-Image-2026-04-27-at-13.17.05.jpeg","articleSection":["Unkategorisiert"],"inLanguage":"de"},{"@type":"WebPage","@id":"https:\/\/www.swissvoicetour.ch\/de\/2026\/04\/27\/saison-11-une-premiere-semaine-deja-pleine-de-talents\/","url":"https:\/\/www.swissvoicetour.ch\/de\/2026\/04\/27\/saison-11-une-premiere-semaine-deja-pleine-de-talents\/","name":"Saison 11: Eine erste Woche voller Talente - Swiss Voice Tour","isPartOf":{"@id":"https:\/\/www.swissvoicetour.ch\/#website"},"primaryImageOfPage":{"@id":"https:\/\/www.swissvoicetour.ch\/de\/2026\/04\/27\/saison-11-une-premiere-semaine-deja-pleine-de-talents\/#primaryimage"},"image":{"@id":"https:\/\/www.swissvoicetour.ch\/de\/2026\/04\/27\/saison-11-une-premiere-semaine-deja-pleine-de-talents\/#primaryimage"},"thumbnailUrl":"https:\/\/www.swissvoicetour.ch\/wp-content\/uploads\/2026\/04\/WhatsApp-Image-2026-04-27-at-13.17.05.jpeg","datePublished":"2026-04-27T11:35:40+00:00","dateModified":"2026-04-27T14:12:23+00:00","description":"Die erste Casting-Woche fand im Riviera Center in Rennaz statt und markierte einen besonders vielversprechenden Start.","breadcrumb":{"@id":"https:\/\/www.swissvoicetour.ch\/de\/2026\/04\/27\/saison-11-une-premiere-semaine-deja-pleine-de-talents\/#breadcrumb"},"inLanguage":"de","potentialAction":[{"@type":"ReadAction","target":["https:\/\/www.swissvoicetour.ch\/de\/2026\/04\/27\/saison-11-une-premiere-semaine-deja-pleine-de-talents\/"]}]},{"@type":"ImageObject","inLanguage":"de","@id":"https:\/\/www.swissvoicetour.ch\/de\/2026\/04\/27\/saison-11-une-premiere-semaine-deja-pleine-de-talents\/#primaryimage","url":"https:\/\/www.swissvoicetour.ch\/wp-content\/uploads\/2026\/04\/WhatsApp-Image-2026-04-27-at-13.17.05.jpeg","contentUrl":"https:\/\/www.swissvoicetour.ch\/wp-content\/uploads\/2026\/04\/WhatsApp-Image-2026-04-27-at-13.17.05.jpeg","width":701,"height":489},{"@type":"BreadcrumbList","@id":"https:\/\/www.swissvoicetour.ch\/de\/2026\/04\/27\/saison-11-une-premiere-semaine-deja-pleine-de-talents\/#breadcrumb","itemListElement":[{"@type":"ListItem","position":1,"name":"Accueil","item":"https:\/\/www.swissvoicetour.ch\/de\/"},{"@type":"ListItem","position":2,"name":"Saison 11: Eine erste Woche voller Talente"}]},{"@type":"WebSite","@id":"https:\/\/www.swissvoicetour.ch\/#website","url":"https:\/\/www.swissvoicetour.ch\/","name":"Swiss Voice Tour","description":"Willkommen auf der offiziellen Seite der Swiss Voice Tour","publisher":{"@id":"https:\/\/www.swissvoicetour.ch\/#organization"},"potentialAction":[{"@type":"SearchAction","target":{"@type":"EntryPoint","urlTemplate":"https:\/\/www.swissvoicetour.ch\/?s={search_term_string}"},"query-input":{"@type":"PropertyValueSpecification","valueRequired":true,"valueName":"search_term_string"}}],"inLanguage":"de"},{"@type":"Organization","@id":"https:\/\/www.swissvoicetour.ch\/#organization","name":"Swiss Voice Tour","url":"https:\/\/www.swissvoicetour.ch\/","logo":{"@type":"ImageObject","inLanguage":"de","@id":"https:\/\/www.swissvoicetour.ch\/#\/schema\/logo\/image\/","url":"https:\/\/www.swissvoicetour.ch\/wp-content\/uploads\/2024\/11\/LOGO_SVT_2025_RVB-1030x1030.png","contentUrl":"https:\/\/www.swissvoicetour.ch\/wp-content\/uploads\/2024\/11\/LOGO_SVT_2025_RVB-1030x1030.png","width":1030,"height":1030,"caption":"Swiss Voice Tour"},"image":{"@id":"https:\/\/www.swissvoicetour.ch\/#\/schema\/logo\/image\/"},"sameAs":["https:\/\/www.facebook.com\/swissvoicetour\/","https:\/\/www.instagram.com\/swissvoicetour\/"]},{"@type":"Person","@id":"https:\/\/www.swissvoicetour.ch\/#\/schema\/person\/de38c536756e0b173c1a0c6b24b81323","name":"Swissvoicetour","image":{"@type":"ImageObject","inLanguage":"de","@id":"https:\/\/secure.gravatar.com\/avatar\/b80f148837990d85089c37188c2849d7e9c06f46aa6a7fd3926e733059ecb726?s=96&d=mm&r=g","url":"https:\/\/secure.gravatar.com\/avatar\/b80f148837990d85089c37188c2849d7e9c06f46aa6a7fd3926e733059ecb726?s=96&d=mm&r=g","contentUrl":"https:\/\/secure.gravatar.com\/avatar\/b80f148837990d85089c37188c2849d7e9c06f46aa6a7fd3926e733059ecb726?s=96&d=mm&r=g","caption":"Swissvoicetour"},"url":"https:\/\/www.swissvoicetour.ch\/de\/author\/swissvoicetour\/"}]}},"_links":{"self":[{"href":"https:\/\/www.swissvoicetour.ch\/de\/wp-json\/wp\/v2\/posts\/17229","targetHints":{"allow":["GET"]}}],"collection":[{"href":"https:\/\/www.swissvoicetour.ch\/de\/wp-json\/wp\/v2\/posts"}],"about":[{"href":"https:\/\/www.swissvoicetour.ch\/de\/wp-json\/wp\/v2\/types\/post"}],"author":[{"embeddable":true,"href":"https:\/\/www.swissvoicetour.ch\/de\/wp-json\/wp\/v2\/users\/4"}],"replies":[{"embeddable":true,"href":"https:\/\/www.swissvoicetour.ch\/de\/wp-json\/wp\/v2\/comments?post=17229"}],"version-history":[{"count":10,"href":"https:\/\/www.swissvoicetour.ch\/de\/wp-json\/wp\/v2\/posts\/17229\/revisions"}],"predecessor-version":[{"id":17250,"href":"https:\/\/www.swissvoicetour.ch\/de\/wp-json\/wp\/v2\/posts\/17229\/revisions\/17250"}],"wp:featuredmedia":[{"embeddable":true,"href":"https:\/\/www.swissvoicetour.ch\/de\/wp-json\/wp\/v2\/media\/17227"}],"wp:attachment":[{"href":"https:\/\/www.swissvoicetour.ch\/de\/wp-json\/wp\/v2\/media?parent=17229"}],"wp:term":[{"taxonomy":"category","embeddable":true,"href":"https:\/\/www.swissvoicetour.ch\/de\/wp-json\/wp\/v2\/categories?post=17229"},{"taxonomy":"post_tag","embeddable":true,"href":"https:\/\/www.swissvoicetour.ch\/de\/wp-json\/wp\/v2\/tags?post=17229"}],"curies":[{"name":"wp","href":"https:\/\/api.w.org\/{rel}","templated":true}]}}