{"id":14124,"date":"2025-05-19T14:35:29","date_gmt":"2025-05-19T12:35:29","guid":{"rendered":"https:\/\/www.swissvoicetour.ch\/?p=14124"},"modified":"2025-05-19T14:38:29","modified_gmt":"2025-05-19T12:38:29","slug":"luca-hanni-sera-present-ce-samedi-a-volkiland","status":"publish","type":"post","link":"https:\/\/www.swissvoicetour.ch\/de\/2025\/05\/19\/luca-hanni-sera-present-ce-samedi-a-volkiland\/","title":{"rendered":"Luca H\u00e4nni kommt diesen Samstag ins Volkiland!"},"content":{"rendered":"[av_section min_height='' min_height_pc='25' min_height_px='100px' shadow='no-border-styling' bottom_border='no-border-styling' bottom_border_diagonal_color='#ffffff' bottom_border_diagonal_direction='border-extra-diagonal-inverse' bottom_border_style='' padding='default' custom_margin='0px' custom_margin_sync='true' av-desktop-custom_margin='' av-desktop-custom_margin_sync='true' av-medium-custom_margin='' av-medium-custom_margin_sync='true' av-small-custom_margin='' av-small-custom_margin_sync='true' av-mini-custom_margin='' av-mini-custom_margin_sync='true' svg_div_top='' svg_div_top_color='#333333' svg_div_top_width='100' svg_div_top_height='50' svg_div_top_max_height='none' svg_div_top_opacity='' svg_div_bottom='' svg_div_bottom_color='#333333' svg_div_bottom_width='100' svg_div_bottom_height='50' svg_div_bottom_max_height='none' svg_div_bottom_opacity='' fold_type='' fold_height='' fold_more='Lire la suite' fold_less='Lire moins' fold_text_style='' fold_btn_align='' color='main_color' background='bg_color' custom_bg='#cca047' background_gradient_direction='vertical_rev' background_gradient_color1='' background_gradient_color2='' background_gradient_color3='' src='' attachment='' attachment_size='' attach='scroll' position='top center' repeat='no-repeat' video='' video_ratio='16:9' overlay_opacity='0.5' overlay_color='' overlay_pattern='' overlay_custom_pattern='' custom_arrow_bg='' fold_overlay_color='' fold_text_color='' fold_btn_color='theme-color' fold_btn_bg_color='' fold_btn_font_color='' size-btn-text='' av-desktop-font-size-btn-text='' av-medium-font-size-btn-text='' av-small-font-size-btn-text='' av-mini-font-size-btn-text='' fold_timer='' z_index_fold='' css_position_z_index='' av-desktop-css_position_z_index='' av-medium-css_position_z_index='' av-small-css_position_z_index='' av-mini-css_position_z_index='' id='' custom_class='titre-page' template_class='' aria_label='' av_element_hidden_in_editor='0' av_uid='' sc_version='1.0']\r\n[av_heading heading='News' tag='h1' style='blockquote modern-quote' subheading_active='' show_icon='' icon='ue800' font='entypo-fontello' size='' av-desktop-font-size-title='' av-medium-font-size-title='' av-small-font-size-title='' av-mini-font-size-title='' subheading_size='' av-desktop-font-size='' av-medium-font-size='' av-small-font-size='' av-mini-font-size='' icon_size='' av-desktop-font-size-1='' av-medium-font-size-1='' av-small-font-size-1='' av-mini-font-size-1='' color='custom-color-heading' custom_font='#000000' subheading_color='' seperator_color='' icon_color='' margin='' margin_sync='true' av-desktop-margin='' av-desktop-margin_sync='true' av-medium-margin='' av-medium-margin_sync='true' av-small-margin='' av-small-margin_sync='true' av-mini-margin='' av-mini-margin_sync='true' headline_padding='' headline_padding_sync='true' av-desktop-headline_padding='' av-desktop-headline_padding_sync='true' av-medium-headline_padding='' av-medium-headline_padding_sync='true' av-small-headline_padding='' av-small-headline_padding_sync='true' av-mini-headline_padding='' av-mini-headline_padding_sync='true' padding='10' av-desktop-padding='' av-medium-padding='' av-small-padding='' av-mini-padding='' icon_padding='10' av-desktop-icon_padding='' av-medium-icon_padding='' av-small-icon_padding='' av-mini-icon_padding='' link='' link_target='' title_attr='' id='' custom_class='' template_class='' av_uid='' sc_version='1.0' admin_preview_bg=''][\/av_heading]\r\n[\/av_section]\n\n<style type=\"text\/css\" data-created_by=\"avia_inline_auto\" id=\"style-css-av-2zha9bj-4c921a7bc3a1001aa25044c0165c3f85\">\n.flex_column.av-2zha9bj-4c921a7bc3a1001aa25044c0165c3f85{\nborder-radius:0px 0px 0px 0px;\npadding:0px 0px 0px 0px;\n}\n<\/style>\n<div  class='flex_column av-2zha9bj-4c921a7bc3a1001aa25044c0165c3f85 av_one_fifth  avia-builder-el-1  el_after_av_custom_layout  el_before_av_three_fifth  avia-builder-el-first  first flex_column_div av-zero-column-padding  '     ><div  class='avia-button-wrap av-2qqe3gv-3fc5cb4768670d84282159513d66b65d-wrap avia-button-left  avia-builder-el-2  avia-builder-el-no-sibling '><a href='https:\/\/www.swissvoicetour.ch\/de\/news\/'  class='avia-button av-2qqe3gv-3fc5cb4768670d84282159513d66b65d av-link-btn avia-icon_select-yes-left-icon avia-size-small avia-position-left avia-color-theme-color'   aria-label=\"Sehen Sie alle Nachrichten\"><span class='avia_button_icon avia_button_icon_left avia-iconfont avia-font-entypo-fontello' data-av_icon='\ue830' data-av_iconfont='entypo-fontello' ><\/span><span class='avia_iconbox_title' >Sehen Sie alle Nachrichten<\/span><\/a><\/div><\/div>\n<style type=\"text\/css\" data-created_by=\"avia_inline_auto\" id=\"style-css-av-2844amn-1afbd2ad7ac3cdd0ba83fd8e6f73cd9e\">\n.flex_column.av-2844amn-1afbd2ad7ac3cdd0ba83fd8e6f73cd9e{\nborder-radius:0px 0px 0px 0px;\npadding:0px 0px 0px 0px;\n}\n<\/style>\n<div  class='flex_column av-2844amn-1afbd2ad7ac3cdd0ba83fd8e6f73cd9e av_three_fifth  avia-builder-el-3  el_after_av_one_fifth  el_before_av_one_fifth  flex_column_div av-zero-column-padding  '     ><p>\n<style type=\"text\/css\" data-created_by=\"avia_inline_auto\" id=\"style-css-av-m4swprnr-7e9d53b093d0fe72839982ccef160042\">\n.avia-image-container.av-m4swprnr-7e9d53b093d0fe72839982ccef160042 img.avia_image{\nbox-shadow:none;\n}\n.avia-image-container.av-m4swprnr-7e9d53b093d0fe72839982ccef160042 .av-image-caption-overlay-center{\ncolor:#ffffff;\n}\n<\/style>\n<div  class='avia-image-container av-m4swprnr-7e9d53b093d0fe72839982ccef160042 av-styling- avia-align-center  avia-builder-el-4  el_before_av_heading  avia-builder-el-first '   itemprop=\"image\" itemscope=\"itemscope\" itemtype=\"https:\/\/schema.org\/ImageObject\" ><div class=\"avia-image-container-inner\"><div class=\"avia-image-overlay-wrap\"><img decoding=\"async\" fetchpriority=\"high\" class='wp-image-14121 avia-img-lazy-loading-not-14121 avia_image ' src=\"https:\/\/www.swissvoicetour.ch\/wp-content\/uploads\/2025\/05\/Bild_Luca-Hanni.jpg\" alt='' title='Bild_Luca H\u00e4nni'  height=\"571\" width=\"674\"  itemprop=\"thumbnailUrl\" srcset=\"https:\/\/www.swissvoicetour.ch\/wp-content\/uploads\/2025\/05\/Bild_Luca-Hanni.jpg 674w, https:\/\/www.swissvoicetour.ch\/wp-content\/uploads\/2025\/05\/Bild_Luca-Hanni-300x254.jpg 300w\" sizes=\"(max-width: 674px) 100vw, 674px\" \/><\/div><\/div><\/div><br \/>\n\n<style type=\"text\/css\" data-created_by=\"avia_inline_auto\" id=\"style-css-av-m4swpx5c-eb0db1b3c7ae48c94729410639a56e7f\">\n#top .av-special-heading.av-m4swpx5c-eb0db1b3c7ae48c94729410639a56e7f{\npadding-bottom:10px;\n}\nbody .av-special-heading.av-m4swpx5c-eb0db1b3c7ae48c94729410639a56e7f .av-special-heading-tag .heading-char{\nfont-size:25px;\n}\n.av-special-heading.av-m4swpx5c-eb0db1b3c7ae48c94729410639a56e7f .av-subheading{\nfont-size:15px;\n}\n<\/style>\n<div  class='av-special-heading av-m4swpx5c-eb0db1b3c7ae48c94729410639a56e7f av-special-heading-h2 blockquote modern-quote  avia-builder-el-5  el_after_av_image  el_before_av_hr '><h2 class='av-special-heading-tag '  itemprop=\"headline\"  >Luca H\u00e4nni kommt diesen Samstag ins Volkiland!<\/h2><div class=\"special-heading-border\"><div class=\"special-heading-inner-border\"><\/div><\/div><\/div><br \/>\n\n<style type=\"text\/css\" data-created_by=\"avia_inline_auto\" id=\"style-css-av-1hz4p0v-a079ff365dd4c8c6b8d4b97310562512\">\n#top .hr.hr-invisible.av-1hz4p0v-a079ff365dd4c8c6b8d4b97310562512{\nheight:30px;\n}\n<\/style>\n<div  class='hr av-1hz4p0v-a079ff365dd4c8c6b8d4b97310562512 hr-invisible  avia-builder-el-6  el_after_av_heading  el_before_av_textblock '><span class='hr-inner '><span class=\"hr-inner-style\"><\/span><\/span><\/div><br \/>\n<section  class='av_textblock_section av-m4swqap4-71b42d55544841ce0931ae9d4c1e8433 '   itemscope=\"itemscope\" itemtype=\"https:\/\/schema.org\/BlogPosting\" itemprop=\"blogPost\" ><div class='avia_textblock'  itemprop=\"text\" ><p class=\"\" data-start=\"141\" data-end=\"372\">Gro\u00dfartige Neuigkeiten f\u00fcr alle Fans von Musik und Schweizer Talenten! Der bekannte S\u00e4nger <strong data-start=\"232\" data-end=\"246\">Luca H\u00e4nni<\/strong> wird <strong data-start=\"252\" data-end=\"270\">diesen Samstag<\/strong> im <strong data-start=\"274\" data-end=\"317\">Einkaufszentrum Volkiland in Volketswil<\/strong> anl\u00e4sslich des Finales dieses Standorts anwesend sein.<\/p>\n<p class=\"\" data-start=\"374\" data-end=\"886\">Bekannt wurde Luca 2012 durch seinen Sieg bei <strong data-start=\"420\" data-end=\"457\">&#8222;Deutschland sucht den Superstar&#8220;<\/strong>, und er entwickelte sich schnell zu einem der beliebtesten Pops\u00e4nger der Schweiz. 2019 vertrat er die Schweiz beim <strong data-start=\"573\" data-end=\"600\">Eurovision Song Contest<\/strong> mit dem Hit <strong data-start=\"613\" data-end=\"629\">&#8222;She Got Me&#8220;<\/strong> und erreichte einen sensationellen <strong data-start=\"665\" data-end=\"677\">4. Platz<\/strong> \u2013 das beste Ergebnis f\u00fcr die Schweiz seit \u00fcber 25 Jahren. Seitdem feiert er weiterhin gro\u00dfe Erfolge als S\u00e4nger, T\u00e4nzer (Gewinner von <strong data-start=\"811\" data-end=\"834\">&#8222;The Masked Singer&#8220;<\/strong> 2023) und Jurymitglied in verschiedenen Musikshows.<\/p>\n<p class=\"\" data-start=\"888\" data-end=\"1064\">\u2728 An diesem Samstag wird Luca H\u00e4nni nicht nur als <strong data-start=\"938\" data-end=\"954\">Jurymitglied<\/strong> die Finalist*innen des Tages bewerten, sondern sich auch Zeit nehmen, um seine Fans zu treffen. Geplant sind:<\/p>\n<ul data-start=\"1066\" data-end=\"1207\">\n<li class=\"\" data-start=\"1066\" data-end=\"1119\">\n<p class=\"\" data-start=\"1068\" data-end=\"1119\">Eine <strong data-start=\"1073\" data-end=\"1102\">exklusive Autogrammstunde<\/strong> mit Luca H\u00e4nni<\/p>\n<\/li>\n<li class=\"\" data-start=\"1120\" data-end=\"1207\">\n<p class=\"\" data-start=\"1122\" data-end=\"1207\">Ein <strong data-start=\"1126\" data-end=\"1143\">Live-Auftritt<\/strong>, bei dem er einen seiner bekanntesten Songs performen wird \ud83c\udfa4<\/p>\n<\/li>\n<\/ul>\n<p class=\"\" data-start=\"1209\" data-end=\"1264\">Und das Beste: <strong data-start=\"1224\" data-end=\"1264\">Der Eintritt ist komplett kostenlos!<\/strong><\/p>\n<p class=\"\" data-start=\"1266\" data-end=\"1423\">Egal ob du ein Fan von Luca bist, gerne singst oder einfach neugierig auf neue Talente \u2013 dieses besondere Event im <strong data-start=\"1381\" data-end=\"1394\">Volkiland<\/strong> solltest du nicht verpassen!<\/p>\n<p class=\"\" data-start=\"1425\" data-end=\"1527\">\ud83d\udccd <strong data-start=\"1428\" data-end=\"1476\">Treffpunkt: Samstag im Volkiland, Volketswil<\/strong><br data-start=\"1476\" data-end=\"1479\" \/>\ud83d\udd52 <strong data-start=\"1482\" data-end=\"1527\">Eintritt frei \u2013 gute Stimmung garantiert!<\/strong><\/p>\n<\/div><\/section><\/p><\/div>\n<style type=\"text\/css\" data-created_by=\"avia_inline_auto\" id=\"style-css-av-4gegcv-5e42a9f38ffb0f2f7769023689511f05\">\n.flex_column.av-4gegcv-5e42a9f38ffb0f2f7769023689511f05{\nborder-radius:0px 0px 0px 0px;\npadding:0px 0px 0px 0px;\n}\n<\/style>\n<div  class='flex_column av-4gegcv-5e42a9f38ffb0f2f7769023689511f05 av_one_fifth  avia-builder-el-8  el_after_av_three_fifth  avia-builder-el-last  flex_column_div av-zero-column-padding  '     ><div  class='av-social-sharing-box av-t83d2n-a28d6afd044aca77af208e2788fbf7d4 av-social-sharing-box-default  avia-builder-el-9  avia-builder-el-no-sibling  av-social-sharing-box-fullwidth'><div class=\"av-share-box\"><h5 class='av-share-link-description av-no-toc '>Teilen Sie diesen Artikel<\/h5><ul class=\"av-share-box-list noLightbox\"><li class='av-share-link av-social-link-facebook avia_social_iconfont' ><a target=\"_blank\" aria-label=\"Teilen auf Facebook\" href='https:\/\/www.facebook.com\/sharer.php?u=https:\/\/www.swissvoicetour.ch\/de\/2025\/05\/19\/luca-hanni-sera-present-ce-samedi-a-volkiland\/&#038;t=Luca%20H%C3%A4nni%20kommt%20diesen%20Samstag%20ins%20Volkiland%21' data-av_icon='\ue8f3' data-av_iconfont='entypo-fontello'  title='' data-avia-related-tooltip='Teilen auf Facebook'><span class='avia_hidden_link_text'>Teilen auf Facebook<\/span><\/a><\/li><li class='av-share-link av-social-link-twitter avia_social_iconfont' ><a target=\"_blank\" aria-label=\"Teilen auf X\" href='https:\/\/twitter.com\/share?text=Luca%20H%C3%A4nni%20kommt%20diesen%20Samstag%20ins%20Volkiland%21&#038;url=https:\/\/www.swissvoicetour.ch\/de\/?p=14124' data-av_icon='\ue932' data-av_iconfont='entypo-fontello'  title='' data-avia-related-tooltip='Teilen auf X'><span class='avia_hidden_link_text'>Teilen auf X<\/span><\/a><\/li><li class='av-share-link av-social-link-whatsapp avia_social_iconfont' ><a target=\"_blank\" aria-label=\"Teilen auf WhatsApp\" href='https:\/\/api.whatsapp.com\/send?text=https:\/\/www.swissvoicetour.ch\/de\/2025\/05\/19\/luca-hanni-sera-present-ce-samedi-a-volkiland\/' data-av_icon='\uf232' data-av_iconfont='entypo-fontello'  title='' data-avia-related-tooltip='Teilen auf WhatsApp'><span class='avia_hidden_link_text'>Teilen auf WhatsApp<\/span><\/a><\/li><li class='av-share-link av-social-link-linkedin avia_social_iconfont' ><a target=\"_blank\" aria-label=\"Teilen auf LinkedIn\" href='https:\/\/linkedin.com\/shareArticle?mini=true&#038;title=Luca%20H%C3%A4nni%20kommt%20diesen%20Samstag%20ins%20Volkiland%21&#038;url=https:\/\/www.swissvoicetour.ch\/de\/2025\/05\/19\/luca-hanni-sera-present-ce-samedi-a-volkiland\/' data-av_icon='\ue8fc' data-av_iconfont='entypo-fontello'  title='' data-avia-related-tooltip='Teilen auf LinkedIn'><span class='avia_hidden_link_text'>Teilen auf LinkedIn<\/span><\/a><\/li><li class='av-share-link av-social-link-mail avia_social_iconfont' ><a  aria-label=\"Per E-Mail teilen\" href='mailto:?subject=Luca%20H%C3%A4nni%20kommt%20diesen%20Samstag%20ins%20Volkiland%21&#038;body=https:\/\/www.swissvoicetour.ch\/de\/2025\/05\/19\/luca-hanni-sera-present-ce-samedi-a-volkiland\/' data-av_icon='\ue805' data-av_iconfont='entypo-fontello'  title='' data-avia-related-tooltip='Per E-Mail teilen'><span class='avia_hidden_link_text'>Per E-Mail teilen<\/span><\/a><\/li><\/ul><\/div><\/div><\/div><\/p>\n","protected":false},"excerpt":{"rendered":"<p>Der bekannte S\u00e4nger Luca H\u00e4nni wird diesen Samstag im Einkaufszentrum Volkiland anl\u00e4sslich des Finales dieses Standorts anwesend sein.<\/p>\n","protected":false},"author":4,"featured_media":14121,"comment_status":"closed","ping_status":"closed","sticky":false,"template":"","format":"standard","meta":{"_acf_changed":false,"footnotes":""},"categories":[18],"tags":[],"class_list":["post-14124","post","type-post","status-publish","format-standard","has-post-thumbnail","hentry","category-unkategorisiert"],"acf":[],"yoast_head":"<!-- This site is optimized with the Yoast SEO plugin v27.5 - https:\/\/yoast.com\/product\/yoast-seo-wordpress\/ -->\n<title>Luca H\u00e4nni kommt diesen Samstag ins Volkiland! - Swiss Voice Tour<\/title>\n<meta name=\"description\" content=\"Der bekannte S\u00e4nger Luca H\u00e4nni wird diesen Samstag im Einkaufszentrum Volkiland anl\u00e4sslich des Finales dieses Standorts anwesend sein.\" \/>\n<meta name=\"robots\" content=\"index, follow, max-snippet:-1, max-image-preview:large, max-video-preview:-1\" \/>\n<link rel=\"canonical\" href=\"https:\/\/www.swissvoicetour.ch\/de\/2025\/05\/19\/luca-hanni-sera-present-ce-samedi-a-volkiland\/\" \/>\n<meta property=\"og:locale\" content=\"de_DE\" \/>\n<meta property=\"og:type\" content=\"article\" \/>\n<meta property=\"og:title\" content=\"Luca H\u00e4nni kommt diesen Samstag ins Volkiland! - Swiss Voice Tour\" \/>\n<meta property=\"og:description\" content=\"Der bekannte S\u00e4nger Luca H\u00e4nni wird diesen Samstag im Einkaufszentrum Volkiland anl\u00e4sslich des Finales dieses Standorts anwesend sein.\" \/>\n<meta property=\"og:url\" content=\"https:\/\/www.swissvoicetour.ch\/de\/2025\/05\/19\/luca-hanni-sera-present-ce-samedi-a-volkiland\/\" \/>\n<meta property=\"og:site_name\" content=\"Swiss Voice Tour\" \/>\n<meta property=\"article:publisher\" content=\"https:\/\/www.facebook.com\/swissvoicetour\/\" \/>\n<meta property=\"article:published_time\" content=\"2025-05-19T12:35:29+00:00\" \/>\n<meta property=\"article:modified_time\" content=\"2025-05-19T12:38:29+00:00\" \/>\n<meta property=\"og:image\" content=\"https:\/\/www.swissvoicetour.ch\/wp-content\/uploads\/2025\/05\/Bild_Luca-Hanni.jpg\" \/>\n\t<meta property=\"og:image:width\" content=\"674\" \/>\n\t<meta property=\"og:image:height\" content=\"571\" \/>\n\t<meta property=\"og:image:type\" content=\"image\/jpeg\" \/>\n<meta name=\"author\" content=\"Swissvoicetour\" \/>\n<meta name=\"twitter:card\" content=\"summary_large_image\" \/>\n<meta name=\"twitter:label1\" content=\"Verfasst von\" \/>\n\t<meta name=\"twitter:data1\" content=\"Swissvoicetour\" \/>\n\t<meta name=\"twitter:label2\" content=\"Gesch\u00e4tzte Lesezeit\" \/>\n\t<meta name=\"twitter:data2\" content=\"3\u00a0Minuten\" \/>\n<script type=\"application\/ld+json\" class=\"yoast-schema-graph\">{\"@context\":\"https:\\\/\\\/schema.org\",\"@graph\":[{\"@type\":\"Article\",\"@id\":\"https:\\\/\\\/www.swissvoicetour.ch\\\/de\\\/2025\\\/05\\\/19\\\/luca-hanni-sera-present-ce-samedi-a-volkiland\\\/#article\",\"isPartOf\":{\"@id\":\"https:\\\/\\\/www.swissvoicetour.ch\\\/de\\\/2025\\\/05\\\/19\\\/luca-hanni-sera-present-ce-samedi-a-volkiland\\\/\"},\"author\":{\"name\":\"Swissvoicetour\",\"@id\":\"https:\\\/\\\/www.swissvoicetour.ch\\\/#\\\/schema\\\/person\\\/de38c536756e0b173c1a0c6b24b81323\"},\"headline\":\"Luca H\u00e4nni kommt diesen Samstag ins Volkiland!\",\"datePublished\":\"2025-05-19T12:35:29+00:00\",\"dateModified\":\"2025-05-19T12:38:29+00:00\",\"mainEntityOfPage\":{\"@id\":\"https:\\\/\\\/www.swissvoicetour.ch\\\/de\\\/2025\\\/05\\\/19\\\/luca-hanni-sera-present-ce-samedi-a-volkiland\\\/\"},\"wordCount\":1435,\"publisher\":{\"@id\":\"https:\\\/\\\/www.swissvoicetour.ch\\\/#organization\"},\"image\":{\"@id\":\"https:\\\/\\\/www.swissvoicetour.ch\\\/de\\\/2025\\\/05\\\/19\\\/luca-hanni-sera-present-ce-samedi-a-volkiland\\\/#primaryimage\"},\"thumbnailUrl\":\"https:\\\/\\\/www.swissvoicetour.ch\\\/wp-content\\\/uploads\\\/2025\\\/05\\\/Bild_Luca-Hanni.jpg\",\"articleSection\":[\"Unkategorisiert\"],\"inLanguage\":\"de\"},{\"@type\":\"WebPage\",\"@id\":\"https:\\\/\\\/www.swissvoicetour.ch\\\/de\\\/2025\\\/05\\\/19\\\/luca-hanni-sera-present-ce-samedi-a-volkiland\\\/\",\"url\":\"https:\\\/\\\/www.swissvoicetour.ch\\\/de\\\/2025\\\/05\\\/19\\\/luca-hanni-sera-present-ce-samedi-a-volkiland\\\/\",\"name\":\"Luca H\u00e4nni kommt diesen Samstag ins Volkiland! - Swiss Voice Tour\",\"isPartOf\":{\"@id\":\"https:\\\/\\\/www.swissvoicetour.ch\\\/#website\"},\"primaryImageOfPage\":{\"@id\":\"https:\\\/\\\/www.swissvoicetour.ch\\\/de\\\/2025\\\/05\\\/19\\\/luca-hanni-sera-present-ce-samedi-a-volkiland\\\/#primaryimage\"},\"image\":{\"@id\":\"https:\\\/\\\/www.swissvoicetour.ch\\\/de\\\/2025\\\/05\\\/19\\\/luca-hanni-sera-present-ce-samedi-a-volkiland\\\/#primaryimage\"},\"thumbnailUrl\":\"https:\\\/\\\/www.swissvoicetour.ch\\\/wp-content\\\/uploads\\\/2025\\\/05\\\/Bild_Luca-Hanni.jpg\",\"datePublished\":\"2025-05-19T12:35:29+00:00\",\"dateModified\":\"2025-05-19T12:38:29+00:00\",\"description\":\"Der bekannte S\u00e4nger Luca H\u00e4nni wird diesen Samstag im Einkaufszentrum Volkiland anl\u00e4sslich des Finales dieses Standorts anwesend sein.\",\"breadcrumb\":{\"@id\":\"https:\\\/\\\/www.swissvoicetour.ch\\\/de\\\/2025\\\/05\\\/19\\\/luca-hanni-sera-present-ce-samedi-a-volkiland\\\/#breadcrumb\"},\"inLanguage\":\"de\",\"potentialAction\":[{\"@type\":\"ReadAction\",\"target\":[\"https:\\\/\\\/www.swissvoicetour.ch\\\/de\\\/2025\\\/05\\\/19\\\/luca-hanni-sera-present-ce-samedi-a-volkiland\\\/\"]}]},{\"@type\":\"ImageObject\",\"inLanguage\":\"de\",\"@id\":\"https:\\\/\\\/www.swissvoicetour.ch\\\/de\\\/2025\\\/05\\\/19\\\/luca-hanni-sera-present-ce-samedi-a-volkiland\\\/#primaryimage\",\"url\":\"https:\\\/\\\/www.swissvoicetour.ch\\\/wp-content\\\/uploads\\\/2025\\\/05\\\/Bild_Luca-Hanni.jpg\",\"contentUrl\":\"https:\\\/\\\/www.swissvoicetour.ch\\\/wp-content\\\/uploads\\\/2025\\\/05\\\/Bild_Luca-Hanni.jpg\",\"width\":674,\"height\":571},{\"@type\":\"BreadcrumbList\",\"@id\":\"https:\\\/\\\/www.swissvoicetour.ch\\\/de\\\/2025\\\/05\\\/19\\\/luca-hanni-sera-present-ce-samedi-a-volkiland\\\/#breadcrumb\",\"itemListElement\":[{\"@type\":\"ListItem\",\"position\":1,\"name\":\"Accueil\",\"item\":\"https:\\\/\\\/www.swissvoicetour.ch\\\/de\\\/\"},{\"@type\":\"ListItem\",\"position\":2,\"name\":\"Luca H\u00e4nni kommt diesen Samstag ins Volkiland!\"}]},{\"@type\":\"WebSite\",\"@id\":\"https:\\\/\\\/www.swissvoicetour.ch\\\/#website\",\"url\":\"https:\\\/\\\/www.swissvoicetour.ch\\\/\",\"name\":\"Swiss Voice Tour\",\"description\":\"Willkommen auf der offiziellen Seite der Swiss Voice Tour\",\"publisher\":{\"@id\":\"https:\\\/\\\/www.swissvoicetour.ch\\\/#organization\"},\"potentialAction\":[{\"@type\":\"SearchAction\",\"target\":{\"@type\":\"EntryPoint\",\"urlTemplate\":\"https:\\\/\\\/www.swissvoicetour.ch\\\/?s={search_term_string}\"},\"query-input\":{\"@type\":\"PropertyValueSpecification\",\"valueRequired\":true,\"valueName\":\"search_term_string\"}}],\"inLanguage\":\"de\"},{\"@type\":\"Organization\",\"@id\":\"https:\\\/\\\/www.swissvoicetour.ch\\\/#organization\",\"name\":\"Swiss Voice Tour\",\"url\":\"https:\\\/\\\/www.swissvoicetour.ch\\\/\",\"logo\":{\"@type\":\"ImageObject\",\"inLanguage\":\"de\",\"@id\":\"https:\\\/\\\/www.swissvoicetour.ch\\\/#\\\/schema\\\/logo\\\/image\\\/\",\"url\":\"https:\\\/\\\/www.swissvoicetour.ch\\\/wp-content\\\/uploads\\\/2024\\\/11\\\/LOGO_SVT_2025_RVB-1030x1030.png\",\"contentUrl\":\"https:\\\/\\\/www.swissvoicetour.ch\\\/wp-content\\\/uploads\\\/2024\\\/11\\\/LOGO_SVT_2025_RVB-1030x1030.png\",\"width\":1030,\"height\":1030,\"caption\":\"Swiss Voice Tour\"},\"image\":{\"@id\":\"https:\\\/\\\/www.swissvoicetour.ch\\\/#\\\/schema\\\/logo\\\/image\\\/\"},\"sameAs\":[\"https:\\\/\\\/www.facebook.com\\\/swissvoicetour\\\/\",\"https:\\\/\\\/www.instagram.com\\\/swissvoicetour\\\/\"]},{\"@type\":\"Person\",\"@id\":\"https:\\\/\\\/www.swissvoicetour.ch\\\/#\\\/schema\\\/person\\\/de38c536756e0b173c1a0c6b24b81323\",\"name\":\"Swissvoicetour\",\"image\":{\"@type\":\"ImageObject\",\"inLanguage\":\"de\",\"@id\":\"https:\\\/\\\/secure.gravatar.com\\\/avatar\\\/b80f148837990d85089c37188c2849d7e9c06f46aa6a7fd3926e733059ecb726?s=96&d=mm&r=g\",\"url\":\"https:\\\/\\\/secure.gravatar.com\\\/avatar\\\/b80f148837990d85089c37188c2849d7e9c06f46aa6a7fd3926e733059ecb726?s=96&d=mm&r=g\",\"contentUrl\":\"https:\\\/\\\/secure.gravatar.com\\\/avatar\\\/b80f148837990d85089c37188c2849d7e9c06f46aa6a7fd3926e733059ecb726?s=96&d=mm&r=g\",\"caption\":\"Swissvoicetour\"},\"url\":\"https:\\\/\\\/www.swissvoicetour.ch\\\/de\\\/author\\\/swissvoicetour\\\/\"}]}<\/script>\n<!-- \/ Yoast SEO plugin. -->","yoast_head_json":{"title":"Luca H\u00e4nni kommt diesen Samstag ins Volkiland! - Swiss Voice Tour","description":"Der bekannte S\u00e4nger Luca H\u00e4nni wird diesen Samstag im Einkaufszentrum Volkiland anl\u00e4sslich des Finales dieses Standorts anwesend sein.","robots":{"index":"index","follow":"follow","max-snippet":"max-snippet:-1","max-image-preview":"max-image-preview:large","max-video-preview":"max-video-preview:-1"},"canonical":"https:\/\/www.swissvoicetour.ch\/de\/2025\/05\/19\/luca-hanni-sera-present-ce-samedi-a-volkiland\/","og_locale":"de_DE","og_type":"article","og_title":"Luca H\u00e4nni kommt diesen Samstag ins Volkiland! - Swiss Voice Tour","og_description":"Der bekannte S\u00e4nger Luca H\u00e4nni wird diesen Samstag im Einkaufszentrum Volkiland anl\u00e4sslich des Finales dieses Standorts anwesend sein.","og_url":"https:\/\/www.swissvoicetour.ch\/de\/2025\/05\/19\/luca-hanni-sera-present-ce-samedi-a-volkiland\/","og_site_name":"Swiss Voice Tour","article_publisher":"https:\/\/www.facebook.com\/swissvoicetour\/","article_published_time":"2025-05-19T12:35:29+00:00","article_modified_time":"2025-05-19T12:38:29+00:00","og_image":[{"width":674,"height":571,"url":"https:\/\/www.swissvoicetour.ch\/wp-content\/uploads\/2025\/05\/Bild_Luca-Hanni.jpg","type":"image\/jpeg"}],"author":"Swissvoicetour","twitter_card":"summary_large_image","twitter_misc":{"Verfasst von":"Swissvoicetour","Gesch\u00e4tzte Lesezeit":"3\u00a0Minuten"},"schema":{"@context":"https:\/\/schema.org","@graph":[{"@type":"Article","@id":"https:\/\/www.swissvoicetour.ch\/de\/2025\/05\/19\/luca-hanni-sera-present-ce-samedi-a-volkiland\/#article","isPartOf":{"@id":"https:\/\/www.swissvoicetour.ch\/de\/2025\/05\/19\/luca-hanni-sera-present-ce-samedi-a-volkiland\/"},"author":{"name":"Swissvoicetour","@id":"https:\/\/www.swissvoicetour.ch\/#\/schema\/person\/de38c536756e0b173c1a0c6b24b81323"},"headline":"Luca H\u00e4nni kommt diesen Samstag ins Volkiland!","datePublished":"2025-05-19T12:35:29+00:00","dateModified":"2025-05-19T12:38:29+00:00","mainEntityOfPage":{"@id":"https:\/\/www.swissvoicetour.ch\/de\/2025\/05\/19\/luca-hanni-sera-present-ce-samedi-a-volkiland\/"},"wordCount":1435,"publisher":{"@id":"https:\/\/www.swissvoicetour.ch\/#organization"},"image":{"@id":"https:\/\/www.swissvoicetour.ch\/de\/2025\/05\/19\/luca-hanni-sera-present-ce-samedi-a-volkiland\/#primaryimage"},"thumbnailUrl":"https:\/\/www.swissvoicetour.ch\/wp-content\/uploads\/2025\/05\/Bild_Luca-Hanni.jpg","articleSection":["Unkategorisiert"],"inLanguage":"de"},{"@type":"WebPage","@id":"https:\/\/www.swissvoicetour.ch\/de\/2025\/05\/19\/luca-hanni-sera-present-ce-samedi-a-volkiland\/","url":"https:\/\/www.swissvoicetour.ch\/de\/2025\/05\/19\/luca-hanni-sera-present-ce-samedi-a-volkiland\/","name":"Luca H\u00e4nni kommt diesen Samstag ins Volkiland! - Swiss Voice Tour","isPartOf":{"@id":"https:\/\/www.swissvoicetour.ch\/#website"},"primaryImageOfPage":{"@id":"https:\/\/www.swissvoicetour.ch\/de\/2025\/05\/19\/luca-hanni-sera-present-ce-samedi-a-volkiland\/#primaryimage"},"image":{"@id":"https:\/\/www.swissvoicetour.ch\/de\/2025\/05\/19\/luca-hanni-sera-present-ce-samedi-a-volkiland\/#primaryimage"},"thumbnailUrl":"https:\/\/www.swissvoicetour.ch\/wp-content\/uploads\/2025\/05\/Bild_Luca-Hanni.jpg","datePublished":"2025-05-19T12:35:29+00:00","dateModified":"2025-05-19T12:38:29+00:00","description":"Der bekannte S\u00e4nger Luca H\u00e4nni wird diesen Samstag im Einkaufszentrum Volkiland anl\u00e4sslich des Finales dieses Standorts anwesend sein.","breadcrumb":{"@id":"https:\/\/www.swissvoicetour.ch\/de\/2025\/05\/19\/luca-hanni-sera-present-ce-samedi-a-volkiland\/#breadcrumb"},"inLanguage":"de","potentialAction":[{"@type":"ReadAction","target":["https:\/\/www.swissvoicetour.ch\/de\/2025\/05\/19\/luca-hanni-sera-present-ce-samedi-a-volkiland\/"]}]},{"@type":"ImageObject","inLanguage":"de","@id":"https:\/\/www.swissvoicetour.ch\/de\/2025\/05\/19\/luca-hanni-sera-present-ce-samedi-a-volkiland\/#primaryimage","url":"https:\/\/www.swissvoicetour.ch\/wp-content\/uploads\/2025\/05\/Bild_Luca-Hanni.jpg","contentUrl":"https:\/\/www.swissvoicetour.ch\/wp-content\/uploads\/2025\/05\/Bild_Luca-Hanni.jpg","width":674,"height":571},{"@type":"BreadcrumbList","@id":"https:\/\/www.swissvoicetour.ch\/de\/2025\/05\/19\/luca-hanni-sera-present-ce-samedi-a-volkiland\/#breadcrumb","itemListElement":[{"@type":"ListItem","position":1,"name":"Accueil","item":"https:\/\/www.swissvoicetour.ch\/de\/"},{"@type":"ListItem","position":2,"name":"Luca H\u00e4nni kommt diesen Samstag ins Volkiland!"}]},{"@type":"WebSite","@id":"https:\/\/www.swissvoicetour.ch\/#website","url":"https:\/\/www.swissvoicetour.ch\/","name":"Swiss Voice Tour","description":"Willkommen auf der offiziellen Seite der Swiss Voice Tour","publisher":{"@id":"https:\/\/www.swissvoicetour.ch\/#organization"},"potentialAction":[{"@type":"SearchAction","target":{"@type":"EntryPoint","urlTemplate":"https:\/\/www.swissvoicetour.ch\/?s={search_term_string}"},"query-input":{"@type":"PropertyValueSpecification","valueRequired":true,"valueName":"search_term_string"}}],"inLanguage":"de"},{"@type":"Organization","@id":"https:\/\/www.swissvoicetour.ch\/#organization","name":"Swiss Voice Tour","url":"https:\/\/www.swissvoicetour.ch\/","logo":{"@type":"ImageObject","inLanguage":"de","@id":"https:\/\/www.swissvoicetour.ch\/#\/schema\/logo\/image\/","url":"https:\/\/www.swissvoicetour.ch\/wp-content\/uploads\/2024\/11\/LOGO_SVT_2025_RVB-1030x1030.png","contentUrl":"https:\/\/www.swissvoicetour.ch\/wp-content\/uploads\/2024\/11\/LOGO_SVT_2025_RVB-1030x1030.png","width":1030,"height":1030,"caption":"Swiss Voice Tour"},"image":{"@id":"https:\/\/www.swissvoicetour.ch\/#\/schema\/logo\/image\/"},"sameAs":["https:\/\/www.facebook.com\/swissvoicetour\/","https:\/\/www.instagram.com\/swissvoicetour\/"]},{"@type":"Person","@id":"https:\/\/www.swissvoicetour.ch\/#\/schema\/person\/de38c536756e0b173c1a0c6b24b81323","name":"Swissvoicetour","image":{"@type":"ImageObject","inLanguage":"de","@id":"https:\/\/secure.gravatar.com\/avatar\/b80f148837990d85089c37188c2849d7e9c06f46aa6a7fd3926e733059ecb726?s=96&d=mm&r=g","url":"https:\/\/secure.gravatar.com\/avatar\/b80f148837990d85089c37188c2849d7e9c06f46aa6a7fd3926e733059ecb726?s=96&d=mm&r=g","contentUrl":"https:\/\/secure.gravatar.com\/avatar\/b80f148837990d85089c37188c2849d7e9c06f46aa6a7fd3926e733059ecb726?s=96&d=mm&r=g","caption":"Swissvoicetour"},"url":"https:\/\/www.swissvoicetour.ch\/de\/author\/swissvoicetour\/"}]}},"_links":{"self":[{"href":"https:\/\/www.swissvoicetour.ch\/de\/wp-json\/wp\/v2\/posts\/14124","targetHints":{"allow":["GET"]}}],"collection":[{"href":"https:\/\/www.swissvoicetour.ch\/de\/wp-json\/wp\/v2\/posts"}],"about":[{"href":"https:\/\/www.swissvoicetour.ch\/de\/wp-json\/wp\/v2\/types\/post"}],"author":[{"embeddable":true,"href":"https:\/\/www.swissvoicetour.ch\/de\/wp-json\/wp\/v2\/users\/4"}],"replies":[{"embeddable":true,"href":"https:\/\/www.swissvoicetour.ch\/de\/wp-json\/wp\/v2\/comments?post=14124"}],"version-history":[{"count":3,"href":"https:\/\/www.swissvoicetour.ch\/de\/wp-json\/wp\/v2\/posts\/14124\/revisions"}],"predecessor-version":[{"id":14145,"href":"https:\/\/www.swissvoicetour.ch\/de\/wp-json\/wp\/v2\/posts\/14124\/revisions\/14145"}],"wp:featuredmedia":[{"embeddable":true,"href":"https:\/\/www.swissvoicetour.ch\/de\/wp-json\/wp\/v2\/media\/14121"}],"wp:attachment":[{"href":"https:\/\/www.swissvoicetour.ch\/de\/wp-json\/wp\/v2\/media?parent=14124"}],"wp:term":[{"taxonomy":"category","embeddable":true,"href":"https:\/\/www.swissvoicetour.ch\/de\/wp-json\/wp\/v2\/categories?post=14124"},{"taxonomy":"post_tag","embeddable":true,"href":"https:\/\/www.swissvoicetour.ch\/de\/wp-json\/wp\/v2\/tags?post=14124"}],"curies":[{"name":"wp","href":"https:\/\/api.w.org\/{rel}","templated":true}]}}