{"id":14075,"date":"2025-05-19T14:15:32","date_gmt":"2025-05-19T12:15:32","guid":{"rendered":"https:\/\/www.swissvoicetour.ch\/?p=14075"},"modified":"2025-05-19T14:16:48","modified_gmt":"2025-05-19T12:16:48","slug":"retour-sur-la-grande-finale-du-swiss-voice-tour-a-wankdorf-berne-%f0%9f%8e%a4","status":"publish","type":"post","link":"https:\/\/www.swissvoicetour.ch\/de\/2025\/05\/19\/retour-sur-la-grande-finale-du-swiss-voice-tour-a-wankdorf-berne-%f0%9f%8e%a4\/","title":{"rendered":"R\u00fcckblick auf das gro\u00dfe Finale der Swiss Voice Tour in Wankdorf, Bern! \ud83c\udfa4"},"content":{"rendered":"[av_section min_height='' min_height_pc='25' min_height_px='100px' shadow='no-border-styling' bottom_border='no-border-styling' bottom_border_diagonal_color='#ffffff' bottom_border_diagonal_direction='border-extra-diagonal-inverse' bottom_border_style='' padding='default' custom_margin='0px' custom_margin_sync='true' av-desktop-custom_margin='' av-desktop-custom_margin_sync='true' av-medium-custom_margin='' av-medium-custom_margin_sync='true' av-small-custom_margin='' av-small-custom_margin_sync='true' av-mini-custom_margin='' av-mini-custom_margin_sync='true' svg_div_top='' svg_div_top_color='#333333' svg_div_top_width='100' svg_div_top_height='50' svg_div_top_max_height='none' svg_div_top_opacity='' svg_div_bottom='' svg_div_bottom_color='#333333' svg_div_bottom_width='100' svg_div_bottom_height='50' svg_div_bottom_max_height='none' svg_div_bottom_opacity='' fold_type='' fold_height='' fold_more='Lire la suite' fold_less='Lire moins' fold_text_style='' fold_btn_align='' color='main_color' background='bg_color' custom_bg='#cca047' background_gradient_direction='vertical_rev' background_gradient_color1='' background_gradient_color2='' background_gradient_color3='' src='' attachment='' attachment_size='' attach='scroll' position='top center' repeat='no-repeat' video='' video_ratio='16:9' overlay_opacity='0.5' overlay_color='' overlay_pattern='' overlay_custom_pattern='' custom_arrow_bg='' fold_overlay_color='' fold_text_color='' fold_btn_color='theme-color' fold_btn_bg_color='' fold_btn_font_color='' size-btn-text='' av-desktop-font-size-btn-text='' av-medium-font-size-btn-text='' av-small-font-size-btn-text='' av-mini-font-size-btn-text='' fold_timer='' z_index_fold='' css_position_z_index='' av-desktop-css_position_z_index='' av-medium-css_position_z_index='' av-small-css_position_z_index='' av-mini-css_position_z_index='' id='' custom_class='titre-page' template_class='' aria_label='' av_element_hidden_in_editor='0' av_uid='' sc_version='1.0']\r\n[av_heading heading='News' tag='h1' style='blockquote modern-quote' subheading_active='' show_icon='' icon='ue800' font='entypo-fontello' size='' av-desktop-font-size-title='' av-medium-font-size-title='' av-small-font-size-title='' av-mini-font-size-title='' subheading_size='' av-desktop-font-size='' av-medium-font-size='' av-small-font-size='' av-mini-font-size='' icon_size='' av-desktop-font-size-1='' av-medium-font-size-1='' av-small-font-size-1='' av-mini-font-size-1='' color='custom-color-heading' custom_font='#000000' subheading_color='' seperator_color='' icon_color='' margin='' margin_sync='true' av-desktop-margin='' av-desktop-margin_sync='true' av-medium-margin='' av-medium-margin_sync='true' av-small-margin='' av-small-margin_sync='true' av-mini-margin='' av-mini-margin_sync='true' headline_padding='' headline_padding_sync='true' av-desktop-headline_padding='' av-desktop-headline_padding_sync='true' av-medium-headline_padding='' av-medium-headline_padding_sync='true' av-small-headline_padding='' av-small-headline_padding_sync='true' av-mini-headline_padding='' av-mini-headline_padding_sync='true' padding='10' av-desktop-padding='' av-medium-padding='' av-small-padding='' av-mini-padding='' icon_padding='10' av-desktop-icon_padding='' av-medium-icon_padding='' av-small-icon_padding='' av-mini-icon_padding='' link='' link_target='' title_attr='' id='' custom_class='' template_class='' av_uid='' sc_version='1.0' admin_preview_bg=''][\/av_heading]\r\n[\/av_section]\n\n<style type=\"text\/css\" data-created_by=\"avia_inline_auto\" id=\"style-css-av-2zha9bj-4c921a7bc3a1001aa25044c0165c3f85\">\n.flex_column.av-2zha9bj-4c921a7bc3a1001aa25044c0165c3f85{\nborder-radius:0px 0px 0px 0px;\npadding:0px 0px 0px 0px;\n}\n<\/style>\n<div  class='flex_column av-2zha9bj-4c921a7bc3a1001aa25044c0165c3f85 av_one_fifth  avia-builder-el-1  el_after_av_custom_layout  el_before_av_three_fifth  avia-builder-el-first  first flex_column_div av-zero-column-padding  '     ><div  class='avia-button-wrap av-2qqe3gv-3fc5cb4768670d84282159513d66b65d-wrap avia-button-left  avia-builder-el-2  avia-builder-el-no-sibling '><a href='https:\/\/www.swissvoicetour.ch\/de\/news\/'  class='avia-button av-2qqe3gv-3fc5cb4768670d84282159513d66b65d av-link-btn avia-icon_select-yes-left-icon avia-size-small avia-position-left avia-color-theme-color'   aria-label=\"Sehen Sie alle Nachrichten\"><span class='avia_button_icon avia_button_icon_left avia-iconfont avia-font-entypo-fontello' data-av_icon='\ue830' data-av_iconfont='entypo-fontello' ><\/span><span class='avia_iconbox_title' >Sehen Sie alle Nachrichten<\/span><\/a><\/div><\/div>\n<style type=\"text\/css\" data-created_by=\"avia_inline_auto\" id=\"style-css-av-2844amn-1afbd2ad7ac3cdd0ba83fd8e6f73cd9e\">\n.flex_column.av-2844amn-1afbd2ad7ac3cdd0ba83fd8e6f73cd9e{\nborder-radius:0px 0px 0px 0px;\npadding:0px 0px 0px 0px;\n}\n<\/style>\n<div  class='flex_column av-2844amn-1afbd2ad7ac3cdd0ba83fd8e6f73cd9e av_three_fifth  avia-builder-el-3  el_after_av_one_fifth  el_before_av_one_fifth  flex_column_div av-zero-column-padding  '     ><p>\n<style type=\"text\/css\" data-created_by=\"avia_inline_auto\" id=\"style-css-av-m4swprnr-ba5703457980698a0cf49381074a5bf8\">\n.avia-image-container.av-m4swprnr-ba5703457980698a0cf49381074a5bf8 img.avia_image{\nbox-shadow:none;\n}\n.avia-image-container.av-m4swprnr-ba5703457980698a0cf49381074a5bf8 .av-image-caption-overlay-center{\ncolor:#ffffff;\n}\n<\/style>\n<div  class='avia-image-container av-m4swprnr-ba5703457980698a0cf49381074a5bf8 av-styling- avia-align-center  avia-builder-el-4  el_before_av_heading  avia-builder-el-first '   itemprop=\"image\" itemscope=\"itemscope\" itemtype=\"https:\/\/schema.org\/ImageObject\" ><div class=\"avia-image-container-inner\"><div class=\"avia-image-overlay-wrap\"><img decoding=\"async\" fetchpriority=\"high\" class='wp-image-14068 avia-img-lazy-loading-not-14068 avia_image ' src=\"https:\/\/www.swissvoicetour.ch\/wp-content\/uploads\/2025\/05\/Winners-Wankdorf-3-1030x846.jpg\" alt='' title='Winners Wankdorf 3'  height=\"846\" width=\"1030\"  itemprop=\"thumbnailUrl\" srcset=\"https:\/\/www.swissvoicetour.ch\/wp-content\/uploads\/2025\/05\/Winners-Wankdorf-3-1030x846.jpg 1030w, https:\/\/www.swissvoicetour.ch\/wp-content\/uploads\/2025\/05\/Winners-Wankdorf-3-300x246.jpg 300w, https:\/\/www.swissvoicetour.ch\/wp-content\/uploads\/2025\/05\/Winners-Wankdorf-3-768x631.jpg 768w, https:\/\/www.swissvoicetour.ch\/wp-content\/uploads\/2025\/05\/Winners-Wankdorf-3-1536x1262.jpg 1536w, https:\/\/www.swissvoicetour.ch\/wp-content\/uploads\/2025\/05\/Winners-Wankdorf-3-2048x1683.jpg 2048w, https:\/\/www.swissvoicetour.ch\/wp-content\/uploads\/2025\/05\/Winners-Wankdorf-3-1500x1232.jpg 1500w, https:\/\/www.swissvoicetour.ch\/wp-content\/uploads\/2025\/05\/Winners-Wankdorf-3-705x579.jpg 705w\" sizes=\"(max-width: 1030px) 100vw, 1030px\" \/><\/div><\/div><\/div><br \/>\n\n<style type=\"text\/css\" data-created_by=\"avia_inline_auto\" id=\"style-css-av-m4swpx5c-8c8eda211b1b60baf014862d363dc42a\">\n#top .av-special-heading.av-m4swpx5c-8c8eda211b1b60baf014862d363dc42a{\npadding-bottom:10px;\n}\nbody .av-special-heading.av-m4swpx5c-8c8eda211b1b60baf014862d363dc42a .av-special-heading-tag .heading-char{\nfont-size:25px;\n}\n.av-special-heading.av-m4swpx5c-8c8eda211b1b60baf014862d363dc42a .av-subheading{\nfont-size:15px;\n}\n<\/style>\n<div  class='av-special-heading av-m4swpx5c-8c8eda211b1b60baf014862d363dc42a av-special-heading-h2 blockquote modern-quote  avia-builder-el-5  el_after_av_image  el_before_av_hr '><h2 class='av-special-heading-tag '  itemprop=\"headline\"  >R\u00fcckblick auf das gro\u00dfe Finale der Swiss Voice Tour in Wankdorf, Bern! \ud83c\udfa4<\/h2><div class=\"special-heading-border\"><div class=\"special-heading-inner-border\"><\/div><\/div><\/div><br \/>\n\n<style type=\"text\/css\" data-created_by=\"avia_inline_auto\" id=\"style-css-av-1hz4p0v-a079ff365dd4c8c6b8d4b97310562512\">\n#top .hr.hr-invisible.av-1hz4p0v-a079ff365dd4c8c6b8d4b97310562512{\nheight:30px;\n}\n<\/style>\n<div  class='hr av-1hz4p0v-a079ff365dd4c8c6b8d4b97310562512 hr-invisible  avia-builder-el-6  el_after_av_heading  el_before_av_textblock '><span class='hr-inner '><span class=\"hr-inner-style\"><\/span><\/span><\/div><br \/>\n<section  class='av_textblock_section av-m4swqap4-71b42d55544841ce0931ae9d4c1e8433 '   itemscope=\"itemscope\" itemtype=\"https:\/\/schema.org\/BlogPosting\" itemprop=\"blogPost\" ><div class='avia_textblock'  itemprop=\"text\" ><p class=\"\" data-start=\"187\" data-end=\"402\">An diesem Samstag bebte das Einkaufszentrum Wankdorf in Bern beim gro\u00dfen Finale der Swiss Voice Tour. Ein Event voller Energie, mit einem begeisterten Publikum und vor allem au\u00dfergew\u00f6hnlichen Talenten auf der B\u00fchne.<\/p>\n<p class=\"\" data-start=\"404\" data-end=\"719\">In der Kategorie \u201eKids\u201c holte sich <strong data-start=\"439\" data-end=\"448\">Hanna<\/strong> den Titel \u2013 sie beeindruckte die Jury mit ihrer kontrollierten Stimme und ihrer B\u00fchnenpr\u00e4senz. Bei den Erwachsenen setzte sich <strong data-start=\"576\" data-end=\"584\">Iris<\/strong> mit einer kraftvollen und emotionalen Performance durch. Herzlichen Gl\u00fcckwunsch an euch beide \u2013 ihr habt das Herz der Jury erobert! \ud83c\udfc6<\/p>\n<p class=\"\" data-start=\"721\" data-end=\"904\">Das Niveau war dieses Jahr besonders hoch, und wir m\u00f6chten allen Finalistinnen und Finalisten herzlich gratulieren: Ihr wart alle gro\u00dfartig und k\u00f6nnt sehr stolz auf euren Weg sein. \ud83d\udc4f<\/p>\n<p class=\"\" data-start=\"906\" data-end=\"1154\">Ein riesiges Dankesch\u00f6n geht auch an <strong data-start=\"943\" data-end=\"952\">Ilira<\/strong>, unser spezielles Jury-Mitglied, die viele Talente mit wertvollen Tipps und konstruktivem Feedback unterst\u00fctzt hat. Ihre Anwesenheit war eine gro\u00dfe Ehre und ein echtes Highlight dieses Finales in Bern.<\/p>\n<p class=\"\" data-start=\"1156\" data-end=\"1339\">Und wie geht es weiter? Die Swiss Voice Tour geht weiter! Diese Woche sind wir in <strong data-start=\"1238\" data-end=\"1251\">Volkiland<\/strong> f\u00fcr neue Castings. Die Pl\u00e4tze sind schnell weg \u2013 also z\u00f6gert nicht mit eurer Anmeldung!<\/p>\n<\/div><\/section><\/p><\/div>\n<style type=\"text\/css\" data-created_by=\"avia_inline_auto\" id=\"style-css-av-4gegcv-5e42a9f38ffb0f2f7769023689511f05\">\n.flex_column.av-4gegcv-5e42a9f38ffb0f2f7769023689511f05{\nborder-radius:0px 0px 0px 0px;\npadding:0px 0px 0px 0px;\n}\n<\/style>\n<div  class='flex_column av-4gegcv-5e42a9f38ffb0f2f7769023689511f05 av_one_fifth  avia-builder-el-8  el_after_av_three_fifth  avia-builder-el-last  flex_column_div av-zero-column-padding  '     ><div  class='av-social-sharing-box av-t83d2n-a28d6afd044aca77af208e2788fbf7d4 av-social-sharing-box-default  avia-builder-el-9  avia-builder-el-no-sibling  av-social-sharing-box-fullwidth'><div class=\"av-share-box\"><h5 class='av-share-link-description av-no-toc '>Teilen Sie diesen Artikel<\/h5><ul class=\"av-share-box-list noLightbox\"><li class='av-share-link av-social-link-facebook avia_social_iconfont' ><a target=\"_blank\" aria-label=\"Teilen auf Facebook\" href='https:\/\/www.facebook.com\/sharer.php?u=https:\/\/www.swissvoicetour.ch\/de\/2025\/05\/19\/retour-sur-la-grande-finale-du-swiss-voice-tour-a-wankdorf-berne-%f0%9f%8e%a4\/&#038;t=R%C3%BCckblick%20auf%20das%20gro%C3%9Fe%20Finale%20der%20Swiss%20Voice%20Tour%20in%20Wankdorf%2C%20Bern%21%20%F0%9F%8E%A4' data-av_icon='\ue8f3' data-av_iconfont='entypo-fontello'  title='' data-avia-related-tooltip='Teilen auf Facebook'><span class='avia_hidden_link_text'>Teilen auf Facebook<\/span><\/a><\/li><li class='av-share-link av-social-link-twitter avia_social_iconfont' ><a target=\"_blank\" aria-label=\"Teilen auf X\" href='https:\/\/twitter.com\/share?text=R%C3%BCckblick%20auf%20das%20gro%C3%9Fe%20Finale%20der%20Swiss%20Voice%20Tour%20in%20Wankdorf%2C%20Bern%21%20%F0%9F%8E%A4&#038;url=https:\/\/www.swissvoicetour.ch\/de\/?p=14075' data-av_icon='\ue932' data-av_iconfont='entypo-fontello'  title='' data-avia-related-tooltip='Teilen auf X'><span class='avia_hidden_link_text'>Teilen auf X<\/span><\/a><\/li><li class='av-share-link av-social-link-whatsapp avia_social_iconfont' ><a target=\"_blank\" aria-label=\"Teilen auf WhatsApp\" href='https:\/\/api.whatsapp.com\/send?text=https:\/\/www.swissvoicetour.ch\/de\/2025\/05\/19\/retour-sur-la-grande-finale-du-swiss-voice-tour-a-wankdorf-berne-%f0%9f%8e%a4\/' data-av_icon='\uf232' data-av_iconfont='entypo-fontello'  title='' data-avia-related-tooltip='Teilen auf WhatsApp'><span class='avia_hidden_link_text'>Teilen auf WhatsApp<\/span><\/a><\/li><li class='av-share-link av-social-link-linkedin avia_social_iconfont' ><a target=\"_blank\" aria-label=\"Teilen auf LinkedIn\" href='https:\/\/linkedin.com\/shareArticle?mini=true&#038;title=R%C3%BCckblick%20auf%20das%20gro%C3%9Fe%20Finale%20der%20Swiss%20Voice%20Tour%20in%20Wankdorf%2C%20Bern%21%20%F0%9F%8E%A4&#038;url=https:\/\/www.swissvoicetour.ch\/de\/2025\/05\/19\/retour-sur-la-grande-finale-du-swiss-voice-tour-a-wankdorf-berne-%f0%9f%8e%a4\/' data-av_icon='\ue8fc' data-av_iconfont='entypo-fontello'  title='' data-avia-related-tooltip='Teilen auf LinkedIn'><span class='avia_hidden_link_text'>Teilen auf LinkedIn<\/span><\/a><\/li><li class='av-share-link av-social-link-mail avia_social_iconfont' ><a  aria-label=\"Per E-Mail teilen\" href='mailto:?subject=R%C3%BCckblick%20auf%20das%20gro%C3%9Fe%20Finale%20der%20Swiss%20Voice%20Tour%20in%20Wankdorf%2C%20Bern%21%20%F0%9F%8E%A4&#038;body=https:\/\/www.swissvoicetour.ch\/de\/2025\/05\/19\/retour-sur-la-grande-finale-du-swiss-voice-tour-a-wankdorf-berne-%f0%9f%8e%a4\/' data-av_icon='\ue805' data-av_iconfont='entypo-fontello'  title='' data-avia-related-tooltip='Per E-Mail teilen'><span class='avia_hidden_link_text'>Per E-Mail teilen<\/span><\/a><\/li><\/ul><\/div><\/div><\/div><\/p>\n","protected":false},"excerpt":{"rendered":"<p>An diesem Samstag bebte das Einkaufszentrum Wankdorf in Bern beim gro\u00dfen Finale der Swiss Voice Tour.<\/p>\n","protected":false},"author":4,"featured_media":14068,"comment_status":"closed","ping_status":"closed","sticky":false,"template":"","format":"standard","meta":{"_acf_changed":false,"footnotes":""},"categories":[18],"tags":[],"class_list":["post-14075","post","type-post","status-publish","format-standard","has-post-thumbnail","hentry","category-unkategorisiert"],"acf":[],"yoast_head":"<!-- This site is optimized with the Yoast SEO plugin v27.5 - https:\/\/yoast.com\/product\/yoast-seo-wordpress\/ -->\n<title>R\u00fcckblick auf das gro\u00dfe Finale der Swiss Voice Tour in Wankdorf, Bern! \ud83c\udfa4 - Swiss Voice Tour<\/title>\n<meta name=\"description\" content=\"An diesem Samstag bebte das Einkaufszentrum Wankdorf in Bern beim gro\u00dfen Finale der Swiss Voice Tour.\" \/>\n<meta name=\"robots\" content=\"index, follow, max-snippet:-1, max-image-preview:large, max-video-preview:-1\" \/>\n<link rel=\"canonical\" href=\"https:\/\/www.swissvoicetour.ch\/de\/2025\/05\/19\/retour-sur-la-grande-finale-du-swiss-voice-tour-a-wankdorf-berne-\ud83c\udfa4\/\" \/>\n<meta property=\"og:locale\" content=\"de_DE\" \/>\n<meta property=\"og:type\" content=\"article\" \/>\n<meta property=\"og:title\" content=\"R\u00fcckblick auf das gro\u00dfe Finale der Swiss Voice Tour in Wankdorf, Bern! \ud83c\udfa4 - Swiss Voice Tour\" \/>\n<meta property=\"og:description\" content=\"An diesem Samstag bebte das Einkaufszentrum Wankdorf in Bern beim gro\u00dfen Finale der Swiss Voice Tour.\" \/>\n<meta property=\"og:url\" content=\"https:\/\/www.swissvoicetour.ch\/de\/2025\/05\/19\/retour-sur-la-grande-finale-du-swiss-voice-tour-a-wankdorf-berne-\ud83c\udfa4\/\" \/>\n<meta property=\"og:site_name\" content=\"Swiss Voice Tour\" \/>\n<meta property=\"article:publisher\" content=\"https:\/\/www.facebook.com\/swissvoicetour\/\" \/>\n<meta property=\"article:published_time\" content=\"2025-05-19T12:15:32+00:00\" \/>\n<meta property=\"article:modified_time\" content=\"2025-05-19T12:16:48+00:00\" \/>\n<meta property=\"og:image\" content=\"https:\/\/www.swissvoicetour.ch\/wp-content\/uploads\/2025\/05\/Winners-Wankdorf-3.jpg\" \/>\n\t<meta property=\"og:image:width\" content=\"2142\" \/>\n\t<meta property=\"og:image:height\" content=\"1760\" \/>\n\t<meta property=\"og:image:type\" content=\"image\/jpeg\" \/>\n<meta name=\"author\" content=\"Swissvoicetour\" \/>\n<meta name=\"twitter:card\" content=\"summary_large_image\" \/>\n<meta name=\"twitter:label1\" content=\"Verfasst von\" \/>\n\t<meta name=\"twitter:data1\" content=\"Swissvoicetour\" \/>\n\t<meta name=\"twitter:label2\" content=\"Gesch\u00e4tzte Lesezeit\" \/>\n\t<meta name=\"twitter:data2\" content=\"3\u00a0Minuten\" \/>\n<script type=\"application\/ld+json\" class=\"yoast-schema-graph\">{\"@context\":\"https:\\\/\\\/schema.org\",\"@graph\":[{\"@type\":\"Article\",\"@id\":\"https:\\\/\\\/www.swissvoicetour.ch\\\/de\\\/2025\\\/05\\\/19\\\/retour-sur-la-grande-finale-du-swiss-voice-tour-a-wankdorf-berne-%f0%9f%8e%a4\\\/#article\",\"isPartOf\":{\"@id\":\"https:\\\/\\\/www.swissvoicetour.ch\\\/de\\\/2025\\\/05\\\/19\\\/retour-sur-la-grande-finale-du-swiss-voice-tour-a-wankdorf-berne-%f0%9f%8e%a4\\\/\"},\"author\":{\"name\":\"Swissvoicetour\",\"@id\":\"https:\\\/\\\/www.swissvoicetour.ch\\\/#\\\/schema\\\/person\\\/de38c536756e0b173c1a0c6b24b81323\"},\"headline\":\"R\u00fcckblick auf das gro\u00dfe Finale der Swiss Voice Tour in Wankdorf, Bern! \ud83c\udfa4\",\"datePublished\":\"2025-05-19T12:15:32+00:00\",\"dateModified\":\"2025-05-19T12:16:48+00:00\",\"mainEntityOfPage\":{\"@id\":\"https:\\\/\\\/www.swissvoicetour.ch\\\/de\\\/2025\\\/05\\\/19\\\/retour-sur-la-grande-finale-du-swiss-voice-tour-a-wankdorf-berne-%f0%9f%8e%a4\\\/\"},\"wordCount\":1435,\"publisher\":{\"@id\":\"https:\\\/\\\/www.swissvoicetour.ch\\\/#organization\"},\"image\":{\"@id\":\"https:\\\/\\\/www.swissvoicetour.ch\\\/de\\\/2025\\\/05\\\/19\\\/retour-sur-la-grande-finale-du-swiss-voice-tour-a-wankdorf-berne-%f0%9f%8e%a4\\\/#primaryimage\"},\"thumbnailUrl\":\"https:\\\/\\\/www.swissvoicetour.ch\\\/wp-content\\\/uploads\\\/2025\\\/05\\\/Winners-Wankdorf-3.jpg\",\"articleSection\":[\"Unkategorisiert\"],\"inLanguage\":\"de\"},{\"@type\":\"WebPage\",\"@id\":\"https:\\\/\\\/www.swissvoicetour.ch\\\/de\\\/2025\\\/05\\\/19\\\/retour-sur-la-grande-finale-du-swiss-voice-tour-a-wankdorf-berne-%f0%9f%8e%a4\\\/\",\"url\":\"https:\\\/\\\/www.swissvoicetour.ch\\\/de\\\/2025\\\/05\\\/19\\\/retour-sur-la-grande-finale-du-swiss-voice-tour-a-wankdorf-berne-%f0%9f%8e%a4\\\/\",\"name\":\"R\u00fcckblick auf das gro\u00dfe Finale der Swiss Voice Tour in Wankdorf, Bern! \ud83c\udfa4 - Swiss Voice Tour\",\"isPartOf\":{\"@id\":\"https:\\\/\\\/www.swissvoicetour.ch\\\/#website\"},\"primaryImageOfPage\":{\"@id\":\"https:\\\/\\\/www.swissvoicetour.ch\\\/de\\\/2025\\\/05\\\/19\\\/retour-sur-la-grande-finale-du-swiss-voice-tour-a-wankdorf-berne-%f0%9f%8e%a4\\\/#primaryimage\"},\"image\":{\"@id\":\"https:\\\/\\\/www.swissvoicetour.ch\\\/de\\\/2025\\\/05\\\/19\\\/retour-sur-la-grande-finale-du-swiss-voice-tour-a-wankdorf-berne-%f0%9f%8e%a4\\\/#primaryimage\"},\"thumbnailUrl\":\"https:\\\/\\\/www.swissvoicetour.ch\\\/wp-content\\\/uploads\\\/2025\\\/05\\\/Winners-Wankdorf-3.jpg\",\"datePublished\":\"2025-05-19T12:15:32+00:00\",\"dateModified\":\"2025-05-19T12:16:48+00:00\",\"description\":\"An diesem Samstag bebte das Einkaufszentrum Wankdorf in Bern beim gro\u00dfen Finale der Swiss Voice Tour.\",\"breadcrumb\":{\"@id\":\"https:\\\/\\\/www.swissvoicetour.ch\\\/de\\\/2025\\\/05\\\/19\\\/retour-sur-la-grande-finale-du-swiss-voice-tour-a-wankdorf-berne-%f0%9f%8e%a4\\\/#breadcrumb\"},\"inLanguage\":\"de\",\"potentialAction\":[{\"@type\":\"ReadAction\",\"target\":[\"https:\\\/\\\/www.swissvoicetour.ch\\\/de\\\/2025\\\/05\\\/19\\\/retour-sur-la-grande-finale-du-swiss-voice-tour-a-wankdorf-berne-%f0%9f%8e%a4\\\/\"]}]},{\"@type\":\"ImageObject\",\"inLanguage\":\"de\",\"@id\":\"https:\\\/\\\/www.swissvoicetour.ch\\\/de\\\/2025\\\/05\\\/19\\\/retour-sur-la-grande-finale-du-swiss-voice-tour-a-wankdorf-berne-%f0%9f%8e%a4\\\/#primaryimage\",\"url\":\"https:\\\/\\\/www.swissvoicetour.ch\\\/wp-content\\\/uploads\\\/2025\\\/05\\\/Winners-Wankdorf-3.jpg\",\"contentUrl\":\"https:\\\/\\\/www.swissvoicetour.ch\\\/wp-content\\\/uploads\\\/2025\\\/05\\\/Winners-Wankdorf-3.jpg\",\"width\":2142,\"height\":1760},{\"@type\":\"BreadcrumbList\",\"@id\":\"https:\\\/\\\/www.swissvoicetour.ch\\\/de\\\/2025\\\/05\\\/19\\\/retour-sur-la-grande-finale-du-swiss-voice-tour-a-wankdorf-berne-%f0%9f%8e%a4\\\/#breadcrumb\",\"itemListElement\":[{\"@type\":\"ListItem\",\"position\":1,\"name\":\"Accueil\",\"item\":\"https:\\\/\\\/www.swissvoicetour.ch\\\/de\\\/\"},{\"@type\":\"ListItem\",\"position\":2,\"name\":\"R\u00fcckblick auf das gro\u00dfe Finale der Swiss Voice Tour in Wankdorf, Bern! \ud83c\udfa4\"}]},{\"@type\":\"WebSite\",\"@id\":\"https:\\\/\\\/www.swissvoicetour.ch\\\/#website\",\"url\":\"https:\\\/\\\/www.swissvoicetour.ch\\\/\",\"name\":\"Swiss Voice Tour\",\"description\":\"Willkommen auf der offiziellen Seite der Swiss Voice Tour\",\"publisher\":{\"@id\":\"https:\\\/\\\/www.swissvoicetour.ch\\\/#organization\"},\"potentialAction\":[{\"@type\":\"SearchAction\",\"target\":{\"@type\":\"EntryPoint\",\"urlTemplate\":\"https:\\\/\\\/www.swissvoicetour.ch\\\/?s={search_term_string}\"},\"query-input\":{\"@type\":\"PropertyValueSpecification\",\"valueRequired\":true,\"valueName\":\"search_term_string\"}}],\"inLanguage\":\"de\"},{\"@type\":\"Organization\",\"@id\":\"https:\\\/\\\/www.swissvoicetour.ch\\\/#organization\",\"name\":\"Swiss Voice Tour\",\"url\":\"https:\\\/\\\/www.swissvoicetour.ch\\\/\",\"logo\":{\"@type\":\"ImageObject\",\"inLanguage\":\"de\",\"@id\":\"https:\\\/\\\/www.swissvoicetour.ch\\\/#\\\/schema\\\/logo\\\/image\\\/\",\"url\":\"https:\\\/\\\/www.swissvoicetour.ch\\\/wp-content\\\/uploads\\\/2024\\\/11\\\/LOGO_SVT_2025_RVB-1030x1030.png\",\"contentUrl\":\"https:\\\/\\\/www.swissvoicetour.ch\\\/wp-content\\\/uploads\\\/2024\\\/11\\\/LOGO_SVT_2025_RVB-1030x1030.png\",\"width\":1030,\"height\":1030,\"caption\":\"Swiss Voice Tour\"},\"image\":{\"@id\":\"https:\\\/\\\/www.swissvoicetour.ch\\\/#\\\/schema\\\/logo\\\/image\\\/\"},\"sameAs\":[\"https:\\\/\\\/www.facebook.com\\\/swissvoicetour\\\/\",\"https:\\\/\\\/www.instagram.com\\\/swissvoicetour\\\/\"]},{\"@type\":\"Person\",\"@id\":\"https:\\\/\\\/www.swissvoicetour.ch\\\/#\\\/schema\\\/person\\\/de38c536756e0b173c1a0c6b24b81323\",\"name\":\"Swissvoicetour\",\"image\":{\"@type\":\"ImageObject\",\"inLanguage\":\"de\",\"@id\":\"https:\\\/\\\/secure.gravatar.com\\\/avatar\\\/b80f148837990d85089c37188c2849d7e9c06f46aa6a7fd3926e733059ecb726?s=96&d=mm&r=g\",\"url\":\"https:\\\/\\\/secure.gravatar.com\\\/avatar\\\/b80f148837990d85089c37188c2849d7e9c06f46aa6a7fd3926e733059ecb726?s=96&d=mm&r=g\",\"contentUrl\":\"https:\\\/\\\/secure.gravatar.com\\\/avatar\\\/b80f148837990d85089c37188c2849d7e9c06f46aa6a7fd3926e733059ecb726?s=96&d=mm&r=g\",\"caption\":\"Swissvoicetour\"},\"url\":\"https:\\\/\\\/www.swissvoicetour.ch\\\/de\\\/author\\\/swissvoicetour\\\/\"}]}<\/script>\n<!-- \/ Yoast SEO plugin. -->","yoast_head_json":{"title":"R\u00fcckblick auf das gro\u00dfe Finale der Swiss Voice Tour in Wankdorf, Bern! \ud83c\udfa4 - Swiss Voice Tour","description":"An diesem Samstag bebte das Einkaufszentrum Wankdorf in Bern beim gro\u00dfen Finale der Swiss Voice Tour.","robots":{"index":"index","follow":"follow","max-snippet":"max-snippet:-1","max-image-preview":"max-image-preview:large","max-video-preview":"max-video-preview:-1"},"canonical":"https:\/\/www.swissvoicetour.ch\/de\/2025\/05\/19\/retour-sur-la-grande-finale-du-swiss-voice-tour-a-wankdorf-berne-\ud83c\udfa4\/","og_locale":"de_DE","og_type":"article","og_title":"R\u00fcckblick auf das gro\u00dfe Finale der Swiss Voice Tour in Wankdorf, Bern! \ud83c\udfa4 - Swiss Voice Tour","og_description":"An diesem Samstag bebte das Einkaufszentrum Wankdorf in Bern beim gro\u00dfen Finale der Swiss Voice Tour.","og_url":"https:\/\/www.swissvoicetour.ch\/de\/2025\/05\/19\/retour-sur-la-grande-finale-du-swiss-voice-tour-a-wankdorf-berne-\ud83c\udfa4\/","og_site_name":"Swiss Voice Tour","article_publisher":"https:\/\/www.facebook.com\/swissvoicetour\/","article_published_time":"2025-05-19T12:15:32+00:00","article_modified_time":"2025-05-19T12:16:48+00:00","og_image":[{"width":2142,"height":1760,"url":"https:\/\/www.swissvoicetour.ch\/wp-content\/uploads\/2025\/05\/Winners-Wankdorf-3.jpg","type":"image\/jpeg"}],"author":"Swissvoicetour","twitter_card":"summary_large_image","twitter_misc":{"Verfasst von":"Swissvoicetour","Gesch\u00e4tzte Lesezeit":"3\u00a0Minuten"},"schema":{"@context":"https:\/\/schema.org","@graph":[{"@type":"Article","@id":"https:\/\/www.swissvoicetour.ch\/de\/2025\/05\/19\/retour-sur-la-grande-finale-du-swiss-voice-tour-a-wankdorf-berne-%f0%9f%8e%a4\/#article","isPartOf":{"@id":"https:\/\/www.swissvoicetour.ch\/de\/2025\/05\/19\/retour-sur-la-grande-finale-du-swiss-voice-tour-a-wankdorf-berne-%f0%9f%8e%a4\/"},"author":{"name":"Swissvoicetour","@id":"https:\/\/www.swissvoicetour.ch\/#\/schema\/person\/de38c536756e0b173c1a0c6b24b81323"},"headline":"R\u00fcckblick auf das gro\u00dfe Finale der Swiss Voice Tour in Wankdorf, Bern! \ud83c\udfa4","datePublished":"2025-05-19T12:15:32+00:00","dateModified":"2025-05-19T12:16:48+00:00","mainEntityOfPage":{"@id":"https:\/\/www.swissvoicetour.ch\/de\/2025\/05\/19\/retour-sur-la-grande-finale-du-swiss-voice-tour-a-wankdorf-berne-%f0%9f%8e%a4\/"},"wordCount":1435,"publisher":{"@id":"https:\/\/www.swissvoicetour.ch\/#organization"},"image":{"@id":"https:\/\/www.swissvoicetour.ch\/de\/2025\/05\/19\/retour-sur-la-grande-finale-du-swiss-voice-tour-a-wankdorf-berne-%f0%9f%8e%a4\/#primaryimage"},"thumbnailUrl":"https:\/\/www.swissvoicetour.ch\/wp-content\/uploads\/2025\/05\/Winners-Wankdorf-3.jpg","articleSection":["Unkategorisiert"],"inLanguage":"de"},{"@type":"WebPage","@id":"https:\/\/www.swissvoicetour.ch\/de\/2025\/05\/19\/retour-sur-la-grande-finale-du-swiss-voice-tour-a-wankdorf-berne-%f0%9f%8e%a4\/","url":"https:\/\/www.swissvoicetour.ch\/de\/2025\/05\/19\/retour-sur-la-grande-finale-du-swiss-voice-tour-a-wankdorf-berne-%f0%9f%8e%a4\/","name":"R\u00fcckblick auf das gro\u00dfe Finale der Swiss Voice Tour in Wankdorf, Bern! \ud83c\udfa4 - Swiss Voice Tour","isPartOf":{"@id":"https:\/\/www.swissvoicetour.ch\/#website"},"primaryImageOfPage":{"@id":"https:\/\/www.swissvoicetour.ch\/de\/2025\/05\/19\/retour-sur-la-grande-finale-du-swiss-voice-tour-a-wankdorf-berne-%f0%9f%8e%a4\/#primaryimage"},"image":{"@id":"https:\/\/www.swissvoicetour.ch\/de\/2025\/05\/19\/retour-sur-la-grande-finale-du-swiss-voice-tour-a-wankdorf-berne-%f0%9f%8e%a4\/#primaryimage"},"thumbnailUrl":"https:\/\/www.swissvoicetour.ch\/wp-content\/uploads\/2025\/05\/Winners-Wankdorf-3.jpg","datePublished":"2025-05-19T12:15:32+00:00","dateModified":"2025-05-19T12:16:48+00:00","description":"An diesem Samstag bebte das Einkaufszentrum Wankdorf in Bern beim gro\u00dfen Finale der Swiss Voice Tour.","breadcrumb":{"@id":"https:\/\/www.swissvoicetour.ch\/de\/2025\/05\/19\/retour-sur-la-grande-finale-du-swiss-voice-tour-a-wankdorf-berne-%f0%9f%8e%a4\/#breadcrumb"},"inLanguage":"de","potentialAction":[{"@type":"ReadAction","target":["https:\/\/www.swissvoicetour.ch\/de\/2025\/05\/19\/retour-sur-la-grande-finale-du-swiss-voice-tour-a-wankdorf-berne-%f0%9f%8e%a4\/"]}]},{"@type":"ImageObject","inLanguage":"de","@id":"https:\/\/www.swissvoicetour.ch\/de\/2025\/05\/19\/retour-sur-la-grande-finale-du-swiss-voice-tour-a-wankdorf-berne-%f0%9f%8e%a4\/#primaryimage","url":"https:\/\/www.swissvoicetour.ch\/wp-content\/uploads\/2025\/05\/Winners-Wankdorf-3.jpg","contentUrl":"https:\/\/www.swissvoicetour.ch\/wp-content\/uploads\/2025\/05\/Winners-Wankdorf-3.jpg","width":2142,"height":1760},{"@type":"BreadcrumbList","@id":"https:\/\/www.swissvoicetour.ch\/de\/2025\/05\/19\/retour-sur-la-grande-finale-du-swiss-voice-tour-a-wankdorf-berne-%f0%9f%8e%a4\/#breadcrumb","itemListElement":[{"@type":"ListItem","position":1,"name":"Accueil","item":"https:\/\/www.swissvoicetour.ch\/de\/"},{"@type":"ListItem","position":2,"name":"R\u00fcckblick auf das gro\u00dfe Finale der Swiss Voice Tour in Wankdorf, Bern! \ud83c\udfa4"}]},{"@type":"WebSite","@id":"https:\/\/www.swissvoicetour.ch\/#website","url":"https:\/\/www.swissvoicetour.ch\/","name":"Swiss Voice Tour","description":"Willkommen auf der offiziellen Seite der Swiss Voice Tour","publisher":{"@id":"https:\/\/www.swissvoicetour.ch\/#organization"},"potentialAction":[{"@type":"SearchAction","target":{"@type":"EntryPoint","urlTemplate":"https:\/\/www.swissvoicetour.ch\/?s={search_term_string}"},"query-input":{"@type":"PropertyValueSpecification","valueRequired":true,"valueName":"search_term_string"}}],"inLanguage":"de"},{"@type":"Organization","@id":"https:\/\/www.swissvoicetour.ch\/#organization","name":"Swiss Voice Tour","url":"https:\/\/www.swissvoicetour.ch\/","logo":{"@type":"ImageObject","inLanguage":"de","@id":"https:\/\/www.swissvoicetour.ch\/#\/schema\/logo\/image\/","url":"https:\/\/www.swissvoicetour.ch\/wp-content\/uploads\/2024\/11\/LOGO_SVT_2025_RVB-1030x1030.png","contentUrl":"https:\/\/www.swissvoicetour.ch\/wp-content\/uploads\/2024\/11\/LOGO_SVT_2025_RVB-1030x1030.png","width":1030,"height":1030,"caption":"Swiss Voice Tour"},"image":{"@id":"https:\/\/www.swissvoicetour.ch\/#\/schema\/logo\/image\/"},"sameAs":["https:\/\/www.facebook.com\/swissvoicetour\/","https:\/\/www.instagram.com\/swissvoicetour\/"]},{"@type":"Person","@id":"https:\/\/www.swissvoicetour.ch\/#\/schema\/person\/de38c536756e0b173c1a0c6b24b81323","name":"Swissvoicetour","image":{"@type":"ImageObject","inLanguage":"de","@id":"https:\/\/secure.gravatar.com\/avatar\/b80f148837990d85089c37188c2849d7e9c06f46aa6a7fd3926e733059ecb726?s=96&d=mm&r=g","url":"https:\/\/secure.gravatar.com\/avatar\/b80f148837990d85089c37188c2849d7e9c06f46aa6a7fd3926e733059ecb726?s=96&d=mm&r=g","contentUrl":"https:\/\/secure.gravatar.com\/avatar\/b80f148837990d85089c37188c2849d7e9c06f46aa6a7fd3926e733059ecb726?s=96&d=mm&r=g","caption":"Swissvoicetour"},"url":"https:\/\/www.swissvoicetour.ch\/de\/author\/swissvoicetour\/"}]}},"_links":{"self":[{"href":"https:\/\/www.swissvoicetour.ch\/de\/wp-json\/wp\/v2\/posts\/14075","targetHints":{"allow":["GET"]}}],"collection":[{"href":"https:\/\/www.swissvoicetour.ch\/de\/wp-json\/wp\/v2\/posts"}],"about":[{"href":"https:\/\/www.swissvoicetour.ch\/de\/wp-json\/wp\/v2\/types\/post"}],"author":[{"embeddable":true,"href":"https:\/\/www.swissvoicetour.ch\/de\/wp-json\/wp\/v2\/users\/4"}],"replies":[{"embeddable":true,"href":"https:\/\/www.swissvoicetour.ch\/de\/wp-json\/wp\/v2\/comments?post=14075"}],"version-history":[{"count":3,"href":"https:\/\/www.swissvoicetour.ch\/de\/wp-json\/wp\/v2\/posts\/14075\/revisions"}],"predecessor-version":[{"id":14082,"href":"https:\/\/www.swissvoicetour.ch\/de\/wp-json\/wp\/v2\/posts\/14075\/revisions\/14082"}],"wp:featuredmedia":[{"embeddable":true,"href":"https:\/\/www.swissvoicetour.ch\/de\/wp-json\/wp\/v2\/media\/14068"}],"wp:attachment":[{"href":"https:\/\/www.swissvoicetour.ch\/de\/wp-json\/wp\/v2\/media?parent=14075"}],"wp:term":[{"taxonomy":"category","embeddable":true,"href":"https:\/\/www.swissvoicetour.ch\/de\/wp-json\/wp\/v2\/categories?post=14075"},{"taxonomy":"post_tag","embeddable":true,"href":"https:\/\/www.swissvoicetour.ch\/de\/wp-json\/wp\/v2\/tags?post=14075"}],"curies":[{"name":"wp","href":"https:\/\/api.w.org\/{rel}","templated":true}]}}