{"id":13686,"date":"2025-04-14T10:46:24","date_gmt":"2025-04-14T08:46:24","guid":{"rendered":"https:\/\/www.swissvoicetour.ch\/?p=13686"},"modified":"2025-04-14T10:49:53","modified_gmt":"2025-04-14T08:49:53","slug":"felicitations-a-claudia-et-salome-gagnantes-de-la-finale-a-la-maladiere-centre","status":"publish","type":"post","link":"https:\/\/www.swissvoicetour.ch\/de\/2025\/04\/14\/felicitations-a-claudia-et-salome-gagnantes-de-la-finale-a-la-maladiere-centre\/","title":{"rendered":"Herzlichen Gl\u00fcckwunsch an Claudia und Salom\u00e9, die Gewinnerinnen des Finales im La Maladi\u00e8re Centre!"},"content":{"rendered":"[av_section min_height='' min_height_pc='25' min_height_px='100px' shadow='no-border-styling' bottom_border='no-border-styling' bottom_border_diagonal_color='#ffffff' bottom_border_diagonal_direction='border-extra-diagonal-inverse' bottom_border_style='' padding='default' custom_margin='0px' custom_margin_sync='true' av-desktop-custom_margin='' av-desktop-custom_margin_sync='true' av-medium-custom_margin='' av-medium-custom_margin_sync='true' av-small-custom_margin='' av-small-custom_margin_sync='true' av-mini-custom_margin='' av-mini-custom_margin_sync='true' svg_div_top='' svg_div_top_color='#333333' svg_div_top_width='100' svg_div_top_height='50' svg_div_top_max_height='none' svg_div_top_opacity='' svg_div_bottom='' svg_div_bottom_color='#333333' svg_div_bottom_width='100' svg_div_bottom_height='50' svg_div_bottom_max_height='none' svg_div_bottom_opacity='' fold_type='' fold_height='' fold_more='Lire la suite' fold_less='Lire moins' fold_text_style='' fold_btn_align='' color='main_color' background='bg_color' custom_bg='#cca047' background_gradient_direction='vertical_rev' background_gradient_color1='' background_gradient_color2='' background_gradient_color3='' src='' attachment='' attachment_size='' attach='scroll' position='top center' repeat='no-repeat' video='' video_ratio='16:9' overlay_opacity='0.5' overlay_color='' overlay_pattern='' overlay_custom_pattern='' custom_arrow_bg='' fold_overlay_color='' fold_text_color='' fold_btn_color='theme-color' fold_btn_bg_color='' fold_btn_font_color='' size-btn-text='' av-desktop-font-size-btn-text='' av-medium-font-size-btn-text='' av-small-font-size-btn-text='' av-mini-font-size-btn-text='' fold_timer='' z_index_fold='' css_position_z_index='' av-desktop-css_position_z_index='' av-medium-css_position_z_index='' av-small-css_position_z_index='' av-mini-css_position_z_index='' id='' custom_class='titre-page' template_class='' aria_label='' av_element_hidden_in_editor='0' av_uid='' sc_version='1.0']\r\n[av_heading heading='News' tag='h1' style='blockquote modern-quote' subheading_active='' show_icon='' icon='ue800' font='entypo-fontello' size='' av-desktop-font-size-title='' av-medium-font-size-title='' av-small-font-size-title='' av-mini-font-size-title='' subheading_size='' av-desktop-font-size='' av-medium-font-size='' av-small-font-size='' av-mini-font-size='' icon_size='' av-desktop-font-size-1='' av-medium-font-size-1='' av-small-font-size-1='' av-mini-font-size-1='' color='custom-color-heading' custom_font='#000000' subheading_color='' seperator_color='' icon_color='' margin='' margin_sync='true' av-desktop-margin='' av-desktop-margin_sync='true' av-medium-margin='' av-medium-margin_sync='true' av-small-margin='' av-small-margin_sync='true' av-mini-margin='' av-mini-margin_sync='true' headline_padding='' headline_padding_sync='true' av-desktop-headline_padding='' av-desktop-headline_padding_sync='true' av-medium-headline_padding='' av-medium-headline_padding_sync='true' av-small-headline_padding='' av-small-headline_padding_sync='true' av-mini-headline_padding='' av-mini-headline_padding_sync='true' padding='10' av-desktop-padding='' av-medium-padding='' av-small-padding='' av-mini-padding='' icon_padding='10' av-desktop-icon_padding='' av-medium-icon_padding='' av-small-icon_padding='' av-mini-icon_padding='' link='' link_target='' title_attr='' id='' custom_class='' template_class='' av_uid='' sc_version='1.0' admin_preview_bg=''][\/av_heading]\r\n[\/av_section]\n\n<style type=\"text\/css\" data-created_by=\"avia_inline_auto\" id=\"style-css-av-2zha9bj-4c921a7bc3a1001aa25044c0165c3f85\">\n.flex_column.av-2zha9bj-4c921a7bc3a1001aa25044c0165c3f85{\nborder-radius:0px 0px 0px 0px;\npadding:0px 0px 0px 0px;\n}\n<\/style>\n<div  class='flex_column av-2zha9bj-4c921a7bc3a1001aa25044c0165c3f85 av_one_fifth  avia-builder-el-1  el_after_av_custom_layout  el_before_av_three_fifth  avia-builder-el-first  first flex_column_div av-zero-column-padding  '     ><div  class='avia-button-wrap av-2qqe3gv-acd8864c7504be1d1e5a4979105547f2-wrap avia-button-left  avia-builder-el-2  avia-builder-el-no-sibling '><a href='https:\/\/www.swissvoicetour.ch\/news\/'  class='avia-button av-2qqe3gv-acd8864c7504be1d1e5a4979105547f2 av-link-btn avia-icon_select-yes-left-icon avia-size-small avia-position-left avia-color-theme-color'   aria-label=\"Voir toutes les news\"><span class='avia_button_icon avia_button_icon_left avia-iconfont avia-font-entypo-fontello' data-av_icon='\ue830' data-av_iconfont='entypo-fontello' ><\/span><span class='avia_iconbox_title' >Voir toutes les news<\/span><\/a><\/div><\/div>\n\n<style type=\"text\/css\" data-created_by=\"avia_inline_auto\" id=\"style-css-av-2844amn-1afbd2ad7ac3cdd0ba83fd8e6f73cd9e\">\n.flex_column.av-2844amn-1afbd2ad7ac3cdd0ba83fd8e6f73cd9e{\nborder-radius:0px 0px 0px 0px;\npadding:0px 0px 0px 0px;\n}\n<\/style>\n<div  class='flex_column av-2844amn-1afbd2ad7ac3cdd0ba83fd8e6f73cd9e av_three_fifth  avia-builder-el-3  el_after_av_one_fifth  el_before_av_one_fifth  flex_column_div av-zero-column-padding  '     ><p>\n<style type=\"text\/css\" data-created_by=\"avia_inline_auto\" id=\"style-css-av-m4swprnr-e630de5d840c1d3733f05f42c4d08978\">\n.avia-image-container.av-m4swprnr-e630de5d840c1d3733f05f42c4d08978 img.avia_image{\nbox-shadow:none;\n}\n.avia-image-container.av-m4swprnr-e630de5d840c1d3733f05f42c4d08978 .av-image-caption-overlay-center{\ncolor:#ffffff;\n}\n<\/style>\n<div  class='avia-image-container av-m4swprnr-e630de5d840c1d3733f05f42c4d08978 av-styling- avia-align-center  avia-builder-el-4  el_before_av_heading  avia-builder-el-first '   itemprop=\"image\" itemscope=\"itemscope\" itemtype=\"https:\/\/schema.org\/ImageObject\" ><div class=\"avia-image-container-inner\"><div class=\"avia-image-overlay-wrap\"><img decoding=\"async\" fetchpriority=\"high\" class='wp-image-13694 avia-img-lazy-loading-not-13694 avia_image ' src=\"https:\/\/www.swissvoicetour.ch\/wp-content\/uploads\/2025\/04\/winners-La-Maladiere-2-1030x798.jpg\" alt='' title='winners La Maladi\u00e8re 2'  height=\"798\" width=\"1030\"  itemprop=\"thumbnailUrl\" srcset=\"https:\/\/www.swissvoicetour.ch\/wp-content\/uploads\/2025\/04\/winners-La-Maladiere-2-1030x798.jpg 1030w, https:\/\/www.swissvoicetour.ch\/wp-content\/uploads\/2025\/04\/winners-La-Maladiere-2-300x233.jpg 300w, https:\/\/www.swissvoicetour.ch\/wp-content\/uploads\/2025\/04\/winners-La-Maladiere-2-768x595.jpg 768w, https:\/\/www.swissvoicetour.ch\/wp-content\/uploads\/2025\/04\/winners-La-Maladiere-2-1500x1163.jpg 1500w, https:\/\/www.swissvoicetour.ch\/wp-content\/uploads\/2025\/04\/winners-La-Maladiere-2-705x546.jpg 705w, https:\/\/www.swissvoicetour.ch\/wp-content\/uploads\/2025\/04\/winners-La-Maladiere-2.jpg 1512w\" sizes=\"(max-width: 1030px) 100vw, 1030px\" \/><\/div><\/div><\/div><br \/>\n\n<style type=\"text\/css\" data-created_by=\"avia_inline_auto\" id=\"style-css-av-m4swpx5c-624c52b91b24b4d4b0c18a8d6bb4f44d\">\n#top .av-special-heading.av-m4swpx5c-624c52b91b24b4d4b0c18a8d6bb4f44d{\npadding-bottom:10px;\n}\nbody .av-special-heading.av-m4swpx5c-624c52b91b24b4d4b0c18a8d6bb4f44d .av-special-heading-tag .heading-char{\nfont-size:25px;\n}\n.av-special-heading.av-m4swpx5c-624c52b91b24b4d4b0c18a8d6bb4f44d .av-subheading{\nfont-size:15px;\n}\n<\/style>\n<div  class='av-special-heading av-m4swpx5c-624c52b91b24b4d4b0c18a8d6bb4f44d av-special-heading-h2 blockquote modern-quote  avia-builder-el-5  el_after_av_image  el_before_av_hr '><h2 class='av-special-heading-tag '  itemprop=\"headline\"  >Herzlichen Gl\u00fcckwunsch an Claudia und Salom\u00e9, die Gewinnerinnen des Finales im La Maladi\u00e8re Centre!<\/h2><div class=\"special-heading-border\"><div class=\"special-heading-inner-border\"><\/div><\/div><\/div><br \/>\n\n<style type=\"text\/css\" data-created_by=\"avia_inline_auto\" id=\"style-css-av-1hz4p0v-a079ff365dd4c8c6b8d4b97310562512\">\n#top .hr.hr-invisible.av-1hz4p0v-a079ff365dd4c8c6b8d4b97310562512{\nheight:30px;\n}\n<\/style>\n<div  class='hr av-1hz4p0v-a079ff365dd4c8c6b8d4b97310562512 hr-invisible  avia-builder-el-6  el_after_av_heading  el_before_av_textblock '><span class='hr-inner '><span class=\"hr-inner-style\"><\/span><\/span><\/div><br \/>\n<section  class='av_textblock_section av-m4swqap4-71b42d55544841ce0931ae9d4c1e8433 '   itemscope=\"itemscope\" itemtype=\"https:\/\/schema.org\/BlogPosting\" itemprop=\"blogPost\" ><div class='avia_textblock'  itemprop=\"text\" ><p class=\"\" data-start=\"209\" data-end=\"311\">Am Samstag, den 12. April, bebte das La Maladi\u00e8re Centre im Rhythmus des Finales der Swiss Voice Tour!<\/p>\n<p class=\"\" data-start=\"313\" data-end=\"548\">Nach einer Woche voller gro\u00dfartiger Stimmen, Talent und Emotionen konnten sich schlie\u00dflich <strong data-start=\"404\" data-end=\"415\">Claudia<\/strong> (Kategorie Erwachsene) und <strong data-start=\"443\" data-end=\"453\">Salom\u00e9<\/strong> (Kategorie Kids) den Sieg sichern. Gl\u00fcckwunsch an die beiden f\u00fcr ihre beeindruckende Leistung!<\/p>\n<p class=\"\" data-start=\"550\" data-end=\"768\">Der Wettbewerb war besonders spannend, mit Teilnehmerinnen und Teilnehmern auf sehr hohem Niveau. Sowohl das Publikum als auch die Jury waren begeistert von der Energie, der Leidenschaft und der Vielfalt der Auftritte.<\/p>\n<p class=\"\" data-start=\"770\" data-end=\"871\">Ein gro\u00dfes Bravo an alle Teilnehmerinnen und Teilnehmer, die diese Woche unvergesslich gemacht haben.<\/p>\n<p class=\"\" data-start=\"873\" data-end=\"1071\">Diese Woche geht es weiter mit den Castings im <strong data-start=\"920\" data-end=\"937\">Centro Tenero<\/strong> \u2013 und gute Neuigkeiten: Es gibt noch freie Pl\u00e4tze f\u00fcr alle, die ihr Gl\u00fcck versuchen m\u00f6chten:<br data-start=\"1030\" data-end=\"1033\" \/>\ud83d\udc49 <a class=\"\" href=\"https:\/\/register.swissvoicetour.ch\/\" target=\"_new\" rel=\"noopener\" data-start=\"1036\" data-end=\"1071\">https:\/\/register.swissvoicetour.ch\/<\/a><\/p>\n<p class=\"\" data-start=\"1073\" data-end=\"1157\">Das Swiss Voice Tour-Abenteuer hat gerade erst begonnen\u2026 bis bald auf der B\u00fchne! \ud83c\udfa4\u2728<\/p>\n<\/div><\/section><\/p><\/div>\n<style type=\"text\/css\" data-created_by=\"avia_inline_auto\" id=\"style-css-av-4gegcv-5e42a9f38ffb0f2f7769023689511f05\">\n.flex_column.av-4gegcv-5e42a9f38ffb0f2f7769023689511f05{\nborder-radius:0px 0px 0px 0px;\npadding:0px 0px 0px 0px;\n}\n<\/style>\n<div  class='flex_column av-4gegcv-5e42a9f38ffb0f2f7769023689511f05 av_one_fifth  avia-builder-el-8  el_after_av_three_fifth  avia-builder-el-last  flex_column_div av-zero-column-padding  '     ><div  class='av-social-sharing-box av-t83d2n-53591426d60e9c70e258ab2e3dd3c1cf av-social-sharing-box-default  avia-builder-el-9  avia-builder-el-no-sibling  av-social-sharing-box-fullwidth'><div class=\"av-share-box\"><h5 class='av-share-link-description av-no-toc '>Partager cet article<\/h5><ul class=\"av-share-box-list noLightbox\"><li class='av-share-link av-social-link-facebook avia_social_iconfont' ><a target=\"_blank\" aria-label=\"Teilen auf Facebook\" href='https:\/\/www.facebook.com\/sharer.php?u=https:\/\/www.swissvoicetour.ch\/de\/2025\/04\/14\/felicitations-a-claudia-et-salome-gagnantes-de-la-finale-a-la-maladiere-centre\/&#038;t=Herzlichen%20Gl%C3%BCckwunsch%20an%20Claudia%20und%20Salom%C3%A9%2C%20die%20Gewinnerinnen%20des%20Finales%20im%20La%20Maladi%C3%A8re%20Centre%21' data-av_icon='\ue8f3' data-av_iconfont='entypo-fontello'  title='' data-avia-related-tooltip='Teilen auf Facebook'><span class='avia_hidden_link_text'>Teilen auf Facebook<\/span><\/a><\/li><li class='av-share-link av-social-link-twitter avia_social_iconfont' ><a target=\"_blank\" aria-label=\"Teilen auf X\" href='https:\/\/twitter.com\/share?text=Herzlichen%20Gl%C3%BCckwunsch%20an%20Claudia%20und%20Salom%C3%A9%2C%20die%20Gewinnerinnen%20des%20Finales%20im%20La%20Maladi%C3%A8re%20Centre%21&#038;url=https:\/\/www.swissvoicetour.ch\/de\/?p=13686' data-av_icon='\ue932' data-av_iconfont='entypo-fontello'  title='' data-avia-related-tooltip='Teilen auf X'><span class='avia_hidden_link_text'>Teilen auf X<\/span><\/a><\/li><li class='av-share-link av-social-link-whatsapp avia_social_iconfont' ><a target=\"_blank\" aria-label=\"Teilen auf WhatsApp\" href='https:\/\/api.whatsapp.com\/send?text=https:\/\/www.swissvoicetour.ch\/de\/2025\/04\/14\/felicitations-a-claudia-et-salome-gagnantes-de-la-finale-a-la-maladiere-centre\/' data-av_icon='\uf232' data-av_iconfont='entypo-fontello'  title='' data-avia-related-tooltip='Teilen auf WhatsApp'><span class='avia_hidden_link_text'>Teilen auf WhatsApp<\/span><\/a><\/li><li class='av-share-link av-social-link-linkedin avia_social_iconfont' ><a target=\"_blank\" aria-label=\"Teilen auf LinkedIn\" href='https:\/\/linkedin.com\/shareArticle?mini=true&#038;title=Herzlichen%20Gl%C3%BCckwunsch%20an%20Claudia%20und%20Salom%C3%A9%2C%20die%20Gewinnerinnen%20des%20Finales%20im%20La%20Maladi%C3%A8re%20Centre%21&#038;url=https:\/\/www.swissvoicetour.ch\/de\/2025\/04\/14\/felicitations-a-claudia-et-salome-gagnantes-de-la-finale-a-la-maladiere-centre\/' data-av_icon='\ue8fc' data-av_iconfont='entypo-fontello'  title='' data-avia-related-tooltip='Teilen auf LinkedIn'><span class='avia_hidden_link_text'>Teilen auf LinkedIn<\/span><\/a><\/li><li class='av-share-link av-social-link-mail avia_social_iconfont' ><a  aria-label=\"Per E-Mail teilen\" href='mailto:?subject=Herzlichen%20Gl%C3%BCckwunsch%20an%20Claudia%20und%20Salom%C3%A9%2C%20die%20Gewinnerinnen%20des%20Finales%20im%20La%20Maladi%C3%A8re%20Centre%21&#038;body=https:\/\/www.swissvoicetour.ch\/de\/2025\/04\/14\/felicitations-a-claudia-et-salome-gagnantes-de-la-finale-a-la-maladiere-centre\/' data-av_icon='\ue805' data-av_iconfont='entypo-fontello'  title='' data-avia-related-tooltip='Per E-Mail teilen'><span class='avia_hidden_link_text'>Per E-Mail teilen<\/span><\/a><\/li><\/ul><\/div><\/div><\/div><\/p>\n","protected":false},"excerpt":{"rendered":"<p>Nach einer Woche voller gro\u00dfartiger Stimmen, Talent und Emotionen konnten sich schlie\u00dflich Claudia und Salom\u00e9 den Sieg sichern.<\/p>\n","protected":false},"author":4,"featured_media":13694,"comment_status":"closed","ping_status":"closed","sticky":false,"template":"","format":"standard","meta":{"_acf_changed":false,"footnotes":""},"categories":[18],"tags":[],"class_list":["post-13686","post","type-post","status-publish","format-standard","has-post-thumbnail","hentry","category-unkategorisiert"],"acf":[],"yoast_head":"<!-- This site is optimized with the Yoast SEO plugin v27.5 - https:\/\/yoast.com\/product\/yoast-seo-wordpress\/ -->\n<title>Herzlichen Gl\u00fcckwunsch an Claudia und Salom\u00e9, die Gewinnerinnen des Finales im La Maladi\u00e8re Centre! - Swiss Voice Tour<\/title>\n<meta name=\"description\" content=\"Nach einer Woche voller gro\u00dfartiger Stimmen, Talent und Emotionen konnten sich schlie\u00dflich Claudia und Salom\u00e9 den Sieg sichern.\" \/>\n<meta name=\"robots\" content=\"index, follow, max-snippet:-1, max-image-preview:large, max-video-preview:-1\" \/>\n<link rel=\"canonical\" href=\"https:\/\/www.swissvoicetour.ch\/de\/2025\/04\/14\/felicitations-a-claudia-et-salome-gagnantes-de-la-finale-a-la-maladiere-centre\/\" \/>\n<meta property=\"og:locale\" content=\"de_DE\" \/>\n<meta property=\"og:type\" content=\"article\" \/>\n<meta property=\"og:title\" content=\"Herzlichen Gl\u00fcckwunsch an Claudia und Salom\u00e9, die Gewinnerinnen des Finales im La Maladi\u00e8re Centre! - Swiss Voice Tour\" \/>\n<meta property=\"og:description\" content=\"Nach einer Woche voller gro\u00dfartiger Stimmen, Talent und Emotionen konnten sich schlie\u00dflich Claudia und Salom\u00e9 den Sieg sichern.\" \/>\n<meta property=\"og:url\" content=\"https:\/\/www.swissvoicetour.ch\/de\/2025\/04\/14\/felicitations-a-claudia-et-salome-gagnantes-de-la-finale-a-la-maladiere-centre\/\" \/>\n<meta property=\"og:site_name\" content=\"Swiss Voice Tour\" \/>\n<meta property=\"article:publisher\" content=\"https:\/\/www.facebook.com\/swissvoicetour\/\" \/>\n<meta property=\"article:published_time\" content=\"2025-04-14T08:46:24+00:00\" \/>\n<meta property=\"article:modified_time\" content=\"2025-04-14T08:49:53+00:00\" \/>\n<meta property=\"og:image\" content=\"https:\/\/www.swissvoicetour.ch\/wp-content\/uploads\/2025\/04\/winners-La-Maladiere.jpg\" \/>\n\t<meta property=\"og:image:width\" content=\"1512\" \/>\n\t<meta property=\"og:image:height\" content=\"1702\" \/>\n\t<meta property=\"og:image:type\" content=\"image\/jpeg\" \/>\n<meta name=\"author\" content=\"Swissvoicetour\" \/>\n<meta name=\"twitter:card\" content=\"summary_large_image\" \/>\n<meta name=\"twitter:label1\" content=\"Verfasst von\" \/>\n\t<meta name=\"twitter:data1\" content=\"Swissvoicetour\" \/>\n\t<meta name=\"twitter:label2\" content=\"Gesch\u00e4tzte Lesezeit\" \/>\n\t<meta name=\"twitter:data2\" content=\"2\u00a0Minuten\" \/>\n<script type=\"application\/ld+json\" class=\"yoast-schema-graph\">{\"@context\":\"https:\\\/\\\/schema.org\",\"@graph\":[{\"@type\":\"Article\",\"@id\":\"https:\\\/\\\/www.swissvoicetour.ch\\\/de\\\/2025\\\/04\\\/14\\\/felicitations-a-claudia-et-salome-gagnantes-de-la-finale-a-la-maladiere-centre\\\/#article\",\"isPartOf\":{\"@id\":\"https:\\\/\\\/www.swissvoicetour.ch\\\/de\\\/2025\\\/04\\\/14\\\/felicitations-a-claudia-et-salome-gagnantes-de-la-finale-a-la-maladiere-centre\\\/\"},\"author\":{\"name\":\"Swissvoicetour\",\"@id\":\"https:\\\/\\\/www.swissvoicetour.ch\\\/#\\\/schema\\\/person\\\/de38c536756e0b173c1a0c6b24b81323\"},\"headline\":\"Herzlichen Gl\u00fcckwunsch an Claudia und Salom\u00e9, die Gewinnerinnen des Finales im La Maladi\u00e8re Centre!\",\"datePublished\":\"2025-04-14T08:46:24+00:00\",\"dateModified\":\"2025-04-14T08:49:53+00:00\",\"mainEntityOfPage\":{\"@id\":\"https:\\\/\\\/www.swissvoicetour.ch\\\/de\\\/2025\\\/04\\\/14\\\/felicitations-a-claudia-et-salome-gagnantes-de-la-finale-a-la-maladiere-centre\\\/\"},\"wordCount\":1053,\"publisher\":{\"@id\":\"https:\\\/\\\/www.swissvoicetour.ch\\\/#organization\"},\"image\":{\"@id\":\"https:\\\/\\\/www.swissvoicetour.ch\\\/de\\\/2025\\\/04\\\/14\\\/felicitations-a-claudia-et-salome-gagnantes-de-la-finale-a-la-maladiere-centre\\\/#primaryimage\"},\"thumbnailUrl\":\"https:\\\/\\\/www.swissvoicetour.ch\\\/wp-content\\\/uploads\\\/2025\\\/04\\\/winners-La-Maladiere-2.jpg\",\"articleSection\":[\"Unkategorisiert\"],\"inLanguage\":\"de\"},{\"@type\":\"WebPage\",\"@id\":\"https:\\\/\\\/www.swissvoicetour.ch\\\/de\\\/2025\\\/04\\\/14\\\/felicitations-a-claudia-et-salome-gagnantes-de-la-finale-a-la-maladiere-centre\\\/\",\"url\":\"https:\\\/\\\/www.swissvoicetour.ch\\\/de\\\/2025\\\/04\\\/14\\\/felicitations-a-claudia-et-salome-gagnantes-de-la-finale-a-la-maladiere-centre\\\/\",\"name\":\"Herzlichen Gl\u00fcckwunsch an Claudia und Salom\u00e9, die Gewinnerinnen des Finales im La Maladi\u00e8re Centre! - Swiss Voice Tour\",\"isPartOf\":{\"@id\":\"https:\\\/\\\/www.swissvoicetour.ch\\\/#website\"},\"primaryImageOfPage\":{\"@id\":\"https:\\\/\\\/www.swissvoicetour.ch\\\/de\\\/2025\\\/04\\\/14\\\/felicitations-a-claudia-et-salome-gagnantes-de-la-finale-a-la-maladiere-centre\\\/#primaryimage\"},\"image\":{\"@id\":\"https:\\\/\\\/www.swissvoicetour.ch\\\/de\\\/2025\\\/04\\\/14\\\/felicitations-a-claudia-et-salome-gagnantes-de-la-finale-a-la-maladiere-centre\\\/#primaryimage\"},\"thumbnailUrl\":\"https:\\\/\\\/www.swissvoicetour.ch\\\/wp-content\\\/uploads\\\/2025\\\/04\\\/winners-La-Maladiere-2.jpg\",\"datePublished\":\"2025-04-14T08:46:24+00:00\",\"dateModified\":\"2025-04-14T08:49:53+00:00\",\"description\":\"Nach einer Woche voller gro\u00dfartiger Stimmen, Talent und Emotionen konnten sich schlie\u00dflich Claudia und Salom\u00e9 den Sieg sichern.\",\"breadcrumb\":{\"@id\":\"https:\\\/\\\/www.swissvoicetour.ch\\\/de\\\/2025\\\/04\\\/14\\\/felicitations-a-claudia-et-salome-gagnantes-de-la-finale-a-la-maladiere-centre\\\/#breadcrumb\"},\"inLanguage\":\"de\",\"potentialAction\":[{\"@type\":\"ReadAction\",\"target\":[\"https:\\\/\\\/www.swissvoicetour.ch\\\/de\\\/2025\\\/04\\\/14\\\/felicitations-a-claudia-et-salome-gagnantes-de-la-finale-a-la-maladiere-centre\\\/\"]}]},{\"@type\":\"ImageObject\",\"inLanguage\":\"de\",\"@id\":\"https:\\\/\\\/www.swissvoicetour.ch\\\/de\\\/2025\\\/04\\\/14\\\/felicitations-a-claudia-et-salome-gagnantes-de-la-finale-a-la-maladiere-centre\\\/#primaryimage\",\"url\":\"https:\\\/\\\/www.swissvoicetour.ch\\\/wp-content\\\/uploads\\\/2025\\\/04\\\/winners-La-Maladiere-2.jpg\",\"contentUrl\":\"https:\\\/\\\/www.swissvoicetour.ch\\\/wp-content\\\/uploads\\\/2025\\\/04\\\/winners-La-Maladiere-2.jpg\",\"width\":1512,\"height\":1172},{\"@type\":\"BreadcrumbList\",\"@id\":\"https:\\\/\\\/www.swissvoicetour.ch\\\/de\\\/2025\\\/04\\\/14\\\/felicitations-a-claudia-et-salome-gagnantes-de-la-finale-a-la-maladiere-centre\\\/#breadcrumb\",\"itemListElement\":[{\"@type\":\"ListItem\",\"position\":1,\"name\":\"Accueil\",\"item\":\"https:\\\/\\\/www.swissvoicetour.ch\\\/de\\\/\"},{\"@type\":\"ListItem\",\"position\":2,\"name\":\"Herzlichen Gl\u00fcckwunsch an Claudia und Salom\u00e9, die Gewinnerinnen des Finales im La Maladi\u00e8re Centre!\"}]},{\"@type\":\"WebSite\",\"@id\":\"https:\\\/\\\/www.swissvoicetour.ch\\\/#website\",\"url\":\"https:\\\/\\\/www.swissvoicetour.ch\\\/\",\"name\":\"Swiss Voice Tour\",\"description\":\"Willkommen auf der offiziellen Seite der Swiss Voice Tour\",\"publisher\":{\"@id\":\"https:\\\/\\\/www.swissvoicetour.ch\\\/#organization\"},\"potentialAction\":[{\"@type\":\"SearchAction\",\"target\":{\"@type\":\"EntryPoint\",\"urlTemplate\":\"https:\\\/\\\/www.swissvoicetour.ch\\\/?s={search_term_string}\"},\"query-input\":{\"@type\":\"PropertyValueSpecification\",\"valueRequired\":true,\"valueName\":\"search_term_string\"}}],\"inLanguage\":\"de\"},{\"@type\":\"Organization\",\"@id\":\"https:\\\/\\\/www.swissvoicetour.ch\\\/#organization\",\"name\":\"Swiss Voice Tour\",\"url\":\"https:\\\/\\\/www.swissvoicetour.ch\\\/\",\"logo\":{\"@type\":\"ImageObject\",\"inLanguage\":\"de\",\"@id\":\"https:\\\/\\\/www.swissvoicetour.ch\\\/#\\\/schema\\\/logo\\\/image\\\/\",\"url\":\"https:\\\/\\\/www.swissvoicetour.ch\\\/wp-content\\\/uploads\\\/2024\\\/11\\\/LOGO_SVT_2025_RVB-1030x1030.png\",\"contentUrl\":\"https:\\\/\\\/www.swissvoicetour.ch\\\/wp-content\\\/uploads\\\/2024\\\/11\\\/LOGO_SVT_2025_RVB-1030x1030.png\",\"width\":1030,\"height\":1030,\"caption\":\"Swiss Voice Tour\"},\"image\":{\"@id\":\"https:\\\/\\\/www.swissvoicetour.ch\\\/#\\\/schema\\\/logo\\\/image\\\/\"},\"sameAs\":[\"https:\\\/\\\/www.facebook.com\\\/swissvoicetour\\\/\",\"https:\\\/\\\/www.instagram.com\\\/swissvoicetour\\\/\"]},{\"@type\":\"Person\",\"@id\":\"https:\\\/\\\/www.swissvoicetour.ch\\\/#\\\/schema\\\/person\\\/de38c536756e0b173c1a0c6b24b81323\",\"name\":\"Swissvoicetour\",\"image\":{\"@type\":\"ImageObject\",\"inLanguage\":\"de\",\"@id\":\"https:\\\/\\\/secure.gravatar.com\\\/avatar\\\/b80f148837990d85089c37188c2849d7e9c06f46aa6a7fd3926e733059ecb726?s=96&d=mm&r=g\",\"url\":\"https:\\\/\\\/secure.gravatar.com\\\/avatar\\\/b80f148837990d85089c37188c2849d7e9c06f46aa6a7fd3926e733059ecb726?s=96&d=mm&r=g\",\"contentUrl\":\"https:\\\/\\\/secure.gravatar.com\\\/avatar\\\/b80f148837990d85089c37188c2849d7e9c06f46aa6a7fd3926e733059ecb726?s=96&d=mm&r=g\",\"caption\":\"Swissvoicetour\"},\"url\":\"https:\\\/\\\/www.swissvoicetour.ch\\\/de\\\/author\\\/swissvoicetour\\\/\"}]}<\/script>\n<!-- \/ Yoast SEO plugin. -->","yoast_head_json":{"title":"Herzlichen Gl\u00fcckwunsch an Claudia und Salom\u00e9, die Gewinnerinnen des Finales im La Maladi\u00e8re Centre! - Swiss Voice Tour","description":"Nach einer Woche voller gro\u00dfartiger Stimmen, Talent und Emotionen konnten sich schlie\u00dflich Claudia und Salom\u00e9 den Sieg sichern.","robots":{"index":"index","follow":"follow","max-snippet":"max-snippet:-1","max-image-preview":"max-image-preview:large","max-video-preview":"max-video-preview:-1"},"canonical":"https:\/\/www.swissvoicetour.ch\/de\/2025\/04\/14\/felicitations-a-claudia-et-salome-gagnantes-de-la-finale-a-la-maladiere-centre\/","og_locale":"de_DE","og_type":"article","og_title":"Herzlichen Gl\u00fcckwunsch an Claudia und Salom\u00e9, die Gewinnerinnen des Finales im La Maladi\u00e8re Centre! - Swiss Voice Tour","og_description":"Nach einer Woche voller gro\u00dfartiger Stimmen, Talent und Emotionen konnten sich schlie\u00dflich Claudia und Salom\u00e9 den Sieg sichern.","og_url":"https:\/\/www.swissvoicetour.ch\/de\/2025\/04\/14\/felicitations-a-claudia-et-salome-gagnantes-de-la-finale-a-la-maladiere-centre\/","og_site_name":"Swiss Voice Tour","article_publisher":"https:\/\/www.facebook.com\/swissvoicetour\/","article_published_time":"2025-04-14T08:46:24+00:00","article_modified_time":"2025-04-14T08:49:53+00:00","og_image":[{"width":1512,"height":1702,"url":"https:\/\/www.swissvoicetour.ch\/wp-content\/uploads\/2025\/04\/winners-La-Maladiere.jpg","type":"image\/jpeg"}],"author":"Swissvoicetour","twitter_card":"summary_large_image","twitter_misc":{"Verfasst von":"Swissvoicetour","Gesch\u00e4tzte Lesezeit":"2\u00a0Minuten"},"schema":{"@context":"https:\/\/schema.org","@graph":[{"@type":"Article","@id":"https:\/\/www.swissvoicetour.ch\/de\/2025\/04\/14\/felicitations-a-claudia-et-salome-gagnantes-de-la-finale-a-la-maladiere-centre\/#article","isPartOf":{"@id":"https:\/\/www.swissvoicetour.ch\/de\/2025\/04\/14\/felicitations-a-claudia-et-salome-gagnantes-de-la-finale-a-la-maladiere-centre\/"},"author":{"name":"Swissvoicetour","@id":"https:\/\/www.swissvoicetour.ch\/#\/schema\/person\/de38c536756e0b173c1a0c6b24b81323"},"headline":"Herzlichen Gl\u00fcckwunsch an Claudia und Salom\u00e9, die Gewinnerinnen des Finales im La Maladi\u00e8re Centre!","datePublished":"2025-04-14T08:46:24+00:00","dateModified":"2025-04-14T08:49:53+00:00","mainEntityOfPage":{"@id":"https:\/\/www.swissvoicetour.ch\/de\/2025\/04\/14\/felicitations-a-claudia-et-salome-gagnantes-de-la-finale-a-la-maladiere-centre\/"},"wordCount":1053,"publisher":{"@id":"https:\/\/www.swissvoicetour.ch\/#organization"},"image":{"@id":"https:\/\/www.swissvoicetour.ch\/de\/2025\/04\/14\/felicitations-a-claudia-et-salome-gagnantes-de-la-finale-a-la-maladiere-centre\/#primaryimage"},"thumbnailUrl":"https:\/\/www.swissvoicetour.ch\/wp-content\/uploads\/2025\/04\/winners-La-Maladiere-2.jpg","articleSection":["Unkategorisiert"],"inLanguage":"de"},{"@type":"WebPage","@id":"https:\/\/www.swissvoicetour.ch\/de\/2025\/04\/14\/felicitations-a-claudia-et-salome-gagnantes-de-la-finale-a-la-maladiere-centre\/","url":"https:\/\/www.swissvoicetour.ch\/de\/2025\/04\/14\/felicitations-a-claudia-et-salome-gagnantes-de-la-finale-a-la-maladiere-centre\/","name":"Herzlichen Gl\u00fcckwunsch an Claudia und Salom\u00e9, die Gewinnerinnen des Finales im La Maladi\u00e8re Centre! - Swiss Voice Tour","isPartOf":{"@id":"https:\/\/www.swissvoicetour.ch\/#website"},"primaryImageOfPage":{"@id":"https:\/\/www.swissvoicetour.ch\/de\/2025\/04\/14\/felicitations-a-claudia-et-salome-gagnantes-de-la-finale-a-la-maladiere-centre\/#primaryimage"},"image":{"@id":"https:\/\/www.swissvoicetour.ch\/de\/2025\/04\/14\/felicitations-a-claudia-et-salome-gagnantes-de-la-finale-a-la-maladiere-centre\/#primaryimage"},"thumbnailUrl":"https:\/\/www.swissvoicetour.ch\/wp-content\/uploads\/2025\/04\/winners-La-Maladiere-2.jpg","datePublished":"2025-04-14T08:46:24+00:00","dateModified":"2025-04-14T08:49:53+00:00","description":"Nach einer Woche voller gro\u00dfartiger Stimmen, Talent und Emotionen konnten sich schlie\u00dflich Claudia und Salom\u00e9 den Sieg sichern.","breadcrumb":{"@id":"https:\/\/www.swissvoicetour.ch\/de\/2025\/04\/14\/felicitations-a-claudia-et-salome-gagnantes-de-la-finale-a-la-maladiere-centre\/#breadcrumb"},"inLanguage":"de","potentialAction":[{"@type":"ReadAction","target":["https:\/\/www.swissvoicetour.ch\/de\/2025\/04\/14\/felicitations-a-claudia-et-salome-gagnantes-de-la-finale-a-la-maladiere-centre\/"]}]},{"@type":"ImageObject","inLanguage":"de","@id":"https:\/\/www.swissvoicetour.ch\/de\/2025\/04\/14\/felicitations-a-claudia-et-salome-gagnantes-de-la-finale-a-la-maladiere-centre\/#primaryimage","url":"https:\/\/www.swissvoicetour.ch\/wp-content\/uploads\/2025\/04\/winners-La-Maladiere-2.jpg","contentUrl":"https:\/\/www.swissvoicetour.ch\/wp-content\/uploads\/2025\/04\/winners-La-Maladiere-2.jpg","width":1512,"height":1172},{"@type":"BreadcrumbList","@id":"https:\/\/www.swissvoicetour.ch\/de\/2025\/04\/14\/felicitations-a-claudia-et-salome-gagnantes-de-la-finale-a-la-maladiere-centre\/#breadcrumb","itemListElement":[{"@type":"ListItem","position":1,"name":"Accueil","item":"https:\/\/www.swissvoicetour.ch\/de\/"},{"@type":"ListItem","position":2,"name":"Herzlichen Gl\u00fcckwunsch an Claudia und Salom\u00e9, die Gewinnerinnen des Finales im La Maladi\u00e8re Centre!"}]},{"@type":"WebSite","@id":"https:\/\/www.swissvoicetour.ch\/#website","url":"https:\/\/www.swissvoicetour.ch\/","name":"Swiss Voice Tour","description":"Willkommen auf der offiziellen Seite der Swiss Voice Tour","publisher":{"@id":"https:\/\/www.swissvoicetour.ch\/#organization"},"potentialAction":[{"@type":"SearchAction","target":{"@type":"EntryPoint","urlTemplate":"https:\/\/www.swissvoicetour.ch\/?s={search_term_string}"},"query-input":{"@type":"PropertyValueSpecification","valueRequired":true,"valueName":"search_term_string"}}],"inLanguage":"de"},{"@type":"Organization","@id":"https:\/\/www.swissvoicetour.ch\/#organization","name":"Swiss Voice Tour","url":"https:\/\/www.swissvoicetour.ch\/","logo":{"@type":"ImageObject","inLanguage":"de","@id":"https:\/\/www.swissvoicetour.ch\/#\/schema\/logo\/image\/","url":"https:\/\/www.swissvoicetour.ch\/wp-content\/uploads\/2024\/11\/LOGO_SVT_2025_RVB-1030x1030.png","contentUrl":"https:\/\/www.swissvoicetour.ch\/wp-content\/uploads\/2024\/11\/LOGO_SVT_2025_RVB-1030x1030.png","width":1030,"height":1030,"caption":"Swiss Voice Tour"},"image":{"@id":"https:\/\/www.swissvoicetour.ch\/#\/schema\/logo\/image\/"},"sameAs":["https:\/\/www.facebook.com\/swissvoicetour\/","https:\/\/www.instagram.com\/swissvoicetour\/"]},{"@type":"Person","@id":"https:\/\/www.swissvoicetour.ch\/#\/schema\/person\/de38c536756e0b173c1a0c6b24b81323","name":"Swissvoicetour","image":{"@type":"ImageObject","inLanguage":"de","@id":"https:\/\/secure.gravatar.com\/avatar\/b80f148837990d85089c37188c2849d7e9c06f46aa6a7fd3926e733059ecb726?s=96&d=mm&r=g","url":"https:\/\/secure.gravatar.com\/avatar\/b80f148837990d85089c37188c2849d7e9c06f46aa6a7fd3926e733059ecb726?s=96&d=mm&r=g","contentUrl":"https:\/\/secure.gravatar.com\/avatar\/b80f148837990d85089c37188c2849d7e9c06f46aa6a7fd3926e733059ecb726?s=96&d=mm&r=g","caption":"Swissvoicetour"},"url":"https:\/\/www.swissvoicetour.ch\/de\/author\/swissvoicetour\/"}]}},"_links":{"self":[{"href":"https:\/\/www.swissvoicetour.ch\/de\/wp-json\/wp\/v2\/posts\/13686","targetHints":{"allow":["GET"]}}],"collection":[{"href":"https:\/\/www.swissvoicetour.ch\/de\/wp-json\/wp\/v2\/posts"}],"about":[{"href":"https:\/\/www.swissvoicetour.ch\/de\/wp-json\/wp\/v2\/types\/post"}],"author":[{"embeddable":true,"href":"https:\/\/www.swissvoicetour.ch\/de\/wp-json\/wp\/v2\/users\/4"}],"replies":[{"embeddable":true,"href":"https:\/\/www.swissvoicetour.ch\/de\/wp-json\/wp\/v2\/comments?post=13686"}],"version-history":[{"count":4,"href":"https:\/\/www.swissvoicetour.ch\/de\/wp-json\/wp\/v2\/posts\/13686\/revisions"}],"predecessor-version":[{"id":13692,"href":"https:\/\/www.swissvoicetour.ch\/de\/wp-json\/wp\/v2\/posts\/13686\/revisions\/13692"}],"wp:featuredmedia":[{"embeddable":true,"href":"https:\/\/www.swissvoicetour.ch\/de\/wp-json\/wp\/v2\/media\/13694"}],"wp:attachment":[{"href":"https:\/\/www.swissvoicetour.ch\/de\/wp-json\/wp\/v2\/media?parent=13686"}],"wp:term":[{"taxonomy":"category","embeddable":true,"href":"https:\/\/www.swissvoicetour.ch\/de\/wp-json\/wp\/v2\/categories?post=13686"},{"taxonomy":"post_tag","embeddable":true,"href":"https:\/\/www.swissvoicetour.ch\/de\/wp-json\/wp\/v2\/tags?post=13686"}],"curies":[{"name":"wp","href":"https:\/\/api.w.org\/{rel}","templated":true}]}}