{"id":12224,"date":"2024-08-14T09:12:02","date_gmt":"2024-08-14T07:12:02","guid":{"rendered":"https:\/\/www.swissvoicetour.ch\/?p=12224"},"modified":"2024-10-16T15:34:19","modified_gmt":"2024-10-16T13:34:19","slug":"herzlichen-glueckwunsch-an-die-gewinner-des-finales-am-thur-markt","status":"publish","type":"post","link":"https:\/\/www.swissvoicetour.ch\/de\/2024\/08\/14\/herzlichen-glueckwunsch-an-die-gewinner-des-finales-am-thur-markt\/","title":{"rendered":"Herzlichen Gl\u00fcckwunsch an die Gewinner des Finales am Thur markt"},"content":{"rendered":"\n<style type=\"text\/css\" data-created_by=\"avia_inline_auto\" id=\"style-css-av-hugtjr-97ad4e017a9f9711378b6a48430b3140\">\n.avia-section.av-hugtjr-97ad4e017a9f9711378b6a48430b3140{\nbackground-color:#cca047;\nbackground-image:unset;\n}\n.avia-section.av-hugtjr-97ad4e017a9f9711378b6a48430b3140 .av-extra-border-element .av-extra-border-inner{\nbackground-color:#ffffff;\n}\n<\/style>\n<div id='av_section_1'  class='avia-section av-hugtjr-97ad4e017a9f9711378b6a48430b3140 main_color avia-section-default avia-no-border-styling  avia-builder-el-0  el_before_av_one_fifth  avia-builder-el-first  avia-bg-style-scroll av-minimum-height av-minimum-height-custom av-height-custom  container_wrap fullsize'   data-av_minimum_height_px='200'><div class='container av-section-cont-open' style='height:200px'><main  role=\"main\" itemprop=\"mainContentOfPage\"  class='template-page content  av-content-full alpha units'><div class='post-entry post-entry-type-page post-entry-12224'><div class='entry-content-wrapper clearfix'>\n\n<style type=\"text\/css\" data-created_by=\"avia_inline_auto\" id=\"style-css-av-fqkws7-faec168c6aed8b1ab7f63325e81732f9\">\n#top .av-special-heading.av-fqkws7-faec168c6aed8b1ab7f63325e81732f9{\npadding-bottom:10px;\ncolor:#ffffff;\n}\nbody .av-special-heading.av-fqkws7-faec168c6aed8b1ab7f63325e81732f9 .av-special-heading-tag .heading-char{\nfont-size:25px;\n}\n.av-special-heading.av-fqkws7-faec168c6aed8b1ab7f63325e81732f9 .special-heading-inner-border{\nborder-color:#ffffff;\n}\n.av-special-heading.av-fqkws7-faec168c6aed8b1ab7f63325e81732f9 .av-subheading{\nfont-size:15px;\n}\n<\/style>\n<div  class='av-special-heading av-fqkws7-faec168c6aed8b1ab7f63325e81732f9 av-special-heading-h1 custom-color-heading blockquote modern-quote  avia-builder-el-1  avia-builder-el-no-sibling '><h1 class='av-special-heading-tag '  itemprop=\"headline\"  >News<\/h1><div class=\"special-heading-border\"><div class=\"special-heading-inner-border\"><\/div><\/div><\/div>\n<\/div><\/div><\/main><!-- close content main element --><\/div><div class='av-extra-border-element border-extra-diagonal border-extra-diagonal-inverse '><div class='av-extra-border-outer'><div class='av-extra-border-inner'><\/div><\/div><\/div><\/div><div id='after_section_1'  class='main_color av_default_container_wrap container_wrap fullsize'  ><div class='container av-section-cont-open' ><div class='template-page content  av-content-full alpha units'><div class='post-entry post-entry-type-page post-entry-12224'><div class='entry-content-wrapper clearfix'>\n\n<style type=\"text\/css\" data-created_by=\"avia_inline_auto\" id=\"style-css-av-av_one_fifth-79ff81c021393065cee878051452f6a6\">\n.flex_column.av-av_one_fifth-79ff81c021393065cee878051452f6a6{\nborder-radius:0px 0px 0px 0px;\npadding:0px 0px 0px 0px;\n}\n<\/style>\n<div  class='flex_column av-av_one_fifth-79ff81c021393065cee878051452f6a6 av_one_fifth  avia-builder-el-2  el_after_av_section  el_before_av_three_fifth  avia-builder-el-first  first flex_column_div av-zero-column-padding  '     ><div  class='avia-button-wrap av-av_button-a9be9821cd6b593f536bd0736a0834da-wrap avia-button-left  avia-builder-el-3  avia-builder-el-no-sibling '><a href='https:\/\/www.swissvoicetour.ch\/de\/staffeln\/staffel-1\/'  class='avia-button av-av_button-a9be9821cd6b593f536bd0736a0834da av-link-btn avia-icon_select-yes-left-icon avia-size-small avia-position-left avia-color-theme-color'   aria-label=\"Sehen Sie alle Nachrichten\"><span class='avia_button_icon avia_button_icon_left avia-iconfont avia-font-entypo-fontello' data-av_icon='\ue830' data-av_iconfont='entypo-fontello' ><\/span><span class='avia_iconbox_title' >Sehen Sie alle Nachrichten<\/span><\/a><\/div><\/div>\n\n<style type=\"text\/css\" data-created_by=\"avia_inline_auto\" id=\"style-css-av-bdmekn-ebb9bcf145a19d25d9aad3d500b77696\">\n.flex_column.av-bdmekn-ebb9bcf145a19d25d9aad3d500b77696{\nborder-radius:0px 0px 0px 0px;\npadding:0px 0px 0px 0px;\n}\n<\/style>\n<div  class='flex_column av-bdmekn-ebb9bcf145a19d25d9aad3d500b77696 av_three_fifth  avia-builder-el-4  el_after_av_one_fifth  el_before_av_one_fifth  flex_column_div av-zero-column-padding  '     ><p>\n<style type=\"text\/css\" data-created_by=\"avia_inline_auto\" id=\"style-css-av-lztiht4k-c5274da8b528adcd7d59990bbe33ba6a\">\n.avia-image-container.av-lztiht4k-c5274da8b528adcd7d59990bbe33ba6a img.avia_image{\nbox-shadow:none;\n}\n.avia-image-container.av-lztiht4k-c5274da8b528adcd7d59990bbe33ba6a .av-image-caption-overlay-center{\ncolor:#ffffff;\n}\n<\/style>\n<div  class='avia-image-container av-lztiht4k-c5274da8b528adcd7d59990bbe33ba6a av-styling- avia-align-center  avia-builder-el-5  el_before_av_heading  avia-builder-el-first '   itemprop=\"image\" itemscope=\"itemscope\" itemtype=\"https:\/\/schema.org\/ImageObject\" ><div class=\"avia-image-container-inner\"><div class=\"avia-image-overlay-wrap\"><img decoding=\"async\" fetchpriority=\"high\" class='wp-image-12217 avia-img-lazy-loading-not-12217 avia_image ' src=\"https:\/\/www.swissvoicetour.ch\/wp-content\/uploads\/2024\/08\/winner-kid-thurmarkt.png\" alt='' title='winner kid thurmarkt'  height=\"1016\" width=\"1220\"  itemprop=\"thumbnailUrl\" srcset=\"https:\/\/www.swissvoicetour.ch\/wp-content\/uploads\/2024\/08\/winner-kid-thurmarkt.png 1220w, https:\/\/www.swissvoicetour.ch\/wp-content\/uploads\/2024\/08\/winner-kid-thurmarkt-300x250.png 300w, https:\/\/www.swissvoicetour.ch\/wp-content\/uploads\/2024\/08\/winner-kid-thurmarkt-1030x858.png 1030w, https:\/\/www.swissvoicetour.ch\/wp-content\/uploads\/2024\/08\/winner-kid-thurmarkt-768x640.png 768w, https:\/\/www.swissvoicetour.ch\/wp-content\/uploads\/2024\/08\/winner-kid-thurmarkt-705x587.png 705w\" sizes=\"(max-width: 1220px) 100vw, 1220px\" \/><\/div><\/div><\/div><br \/>\n\n<style type=\"text\/css\" data-created_by=\"avia_inline_auto\" id=\"style-css-av-l6vy9mx4-404f2ca818c959ee2f5126105932690c\">\n#top .av-special-heading.av-l6vy9mx4-404f2ca818c959ee2f5126105932690c{\npadding-bottom:10px;\n}\nbody .av-special-heading.av-l6vy9mx4-404f2ca818c959ee2f5126105932690c .av-special-heading-tag .heading-char{\nfont-size:25px;\n}\n.av-special-heading.av-l6vy9mx4-404f2ca818c959ee2f5126105932690c .av-subheading{\nfont-size:15px;\n}\n<\/style>\n<div  class='av-special-heading av-l6vy9mx4-404f2ca818c959ee2f5126105932690c av-special-heading-h2 blockquote modern-quote  avia-builder-el-6  el_after_av_image  el_before_av_hr '><h2 class='av-special-heading-tag '  itemprop=\"headline\"  >Herzlichen Gl\u00fcckwunsch an die Gewinner des Finales am Thur markt<\/h2><div class=\"special-heading-border\"><div class=\"special-heading-inner-border\"><\/div><\/div><\/div><br \/>\n\n<style type=\"text\/css\" data-created_by=\"avia_inline_auto\" id=\"style-css-av-7xj8o7-fe57413870577b9c557ee971457e7bac\">\n#top .hr.hr-invisible.av-7xj8o7-fe57413870577b9c557ee971457e7bac{\nheight:30px;\n}\n<\/style>\n<div  class='hr av-7xj8o7-fe57413870577b9c557ee971457e7bac hr-invisible  avia-builder-el-7  el_after_av_heading  el_before_av_textblock '><span class='hr-inner '><span class=\"hr-inner-style\"><\/span><\/span><\/div><br \/>\n<section  class='av_textblock_section av-l6vy9y7e-94f5edae0ac3fdc4e108a93aceabf096 '   itemscope=\"itemscope\" itemtype=\"https:\/\/schema.org\/BlogPosting\" itemprop=\"blogPost\" ><div class='avia_textblock'  itemprop=\"text\" ><p>Wir m\u00f6chten den Gewinnern des Finales, das am letzten Samstag, dem 10. August, am Thurmarkt stattfand, herzlich gratulieren. \ud83d\udc4f\ud83c\udffc\ud83c\udfc6<\/p>\n<p>Diese Woche der Castings war besonders erfolgreich und erm\u00f6glichte es uns, das gro\u00dfe Talent vieler Menschen zu entdecken. Jeder Kandidat brachte seine Einzigartigkeit ein, was diesen Prozess noch bereichernder machte.<\/p>\n<p>Am Samstag hatten wir das Vergn\u00fcgen, Kandidaten auf sehr hohem Niveau zu empfangen. Der Wettbewerb war hart umk\u00e4mpft, und es war nicht einfach, die Gewinner zu bestimmen. Ihre au\u00dfergew\u00f6hnliche Leistung hat diese Phase des Wettbewerbs wirklich gepr\u00e4gt.<\/p>\n<p>Da die Saison nun zu Ende geht, stehen nur noch<strong> die letzten Castings im Leman Centre an,<\/strong> bevor das <strong>gro\u00dfe Halbfinale am 21. September stattfindet<\/strong>! \u2728\ud83c\udfb5\ud83d\udd25<\/p>\n<\/div><\/section><\/p><\/div>\n<style type=\"text\/css\" data-created_by=\"avia_inline_auto\" id=\"style-css-av-av_one_fifth-49f6e875884219cf77c24341e550af53\">\n.flex_column.av-av_one_fifth-49f6e875884219cf77c24341e550af53{\nborder-radius:0px 0px 0px 0px;\npadding:0px 0px 0px 0px;\n}\n<\/style>\n<div  class='flex_column av-av_one_fifth-49f6e875884219cf77c24341e550af53 av_one_fifth  avia-builder-el-9  el_after_av_three_fifth  avia-builder-el-last  flex_column_div av-zero-column-padding  '     ><div  class='av-social-sharing-box av-av_social_share-a0c9dfd66ac595422801cbfa6ac7d790 av-social-sharing-box-default  avia-builder-el-10  avia-builder-el-no-sibling  av-social-sharing-box-fullwidth'><div class=\"av-share-box\"><h5 class='av-share-link-description av-no-toc '>Teilen Sie diesen Artikel <\/h5><ul class=\"av-share-box-list noLightbox\"><li class='av-share-link av-social-link-facebook avia_social_iconfont' ><a target=\"_blank\" aria-label=\"Teilen auf Facebook\" href='https:\/\/www.facebook.com\/sharer.php?u=https:\/\/www.swissvoicetour.ch\/de\/2024\/08\/14\/herzlichen-glueckwunsch-an-die-gewinner-des-finales-am-thur-markt\/&#038;t=Herzlichen%20Gl%C3%BCckwunsch%20an%20die%20Gewinner%20des%20Finales%20am%20Thur%20markt' data-av_icon='\ue8f3' data-av_iconfont='entypo-fontello'  title='' data-avia-related-tooltip='Teilen auf Facebook'><span class='avia_hidden_link_text'>Teilen auf Facebook<\/span><\/a><\/li><li class='av-share-link av-social-link-twitter avia_social_iconfont' ><a target=\"_blank\" aria-label=\"Teilen auf X\" href='https:\/\/twitter.com\/share?text=Herzlichen%20Gl%C3%BCckwunsch%20an%20die%20Gewinner%20des%20Finales%20am%20Thur%20markt&#038;url=https:\/\/www.swissvoicetour.ch\/de\/?p=12224' data-av_icon='\ue932' data-av_iconfont='entypo-fontello'  title='' data-avia-related-tooltip='Teilen auf X'><span class='avia_hidden_link_text'>Teilen auf X<\/span><\/a><\/li><li class='av-share-link av-social-link-whatsapp avia_social_iconfont' ><a target=\"_blank\" aria-label=\"Teilen auf WhatsApp\" href='https:\/\/api.whatsapp.com\/send?text=https:\/\/www.swissvoicetour.ch\/de\/2024\/08\/14\/herzlichen-glueckwunsch-an-die-gewinner-des-finales-am-thur-markt\/' data-av_icon='\uf232' data-av_iconfont='entypo-fontello'  title='' data-avia-related-tooltip='Teilen auf WhatsApp'><span class='avia_hidden_link_text'>Teilen auf WhatsApp<\/span><\/a><\/li><li class='av-share-link av-social-link-linkedin avia_social_iconfont' ><a target=\"_blank\" aria-label=\"Teilen auf LinkedIn\" href='https:\/\/linkedin.com\/shareArticle?mini=true&#038;title=Herzlichen%20Gl%C3%BCckwunsch%20an%20die%20Gewinner%20des%20Finales%20am%20Thur%20markt&#038;url=https:\/\/www.swissvoicetour.ch\/de\/2024\/08\/14\/herzlichen-glueckwunsch-an-die-gewinner-des-finales-am-thur-markt\/' data-av_icon='\ue8fc' data-av_iconfont='entypo-fontello'  title='' data-avia-related-tooltip='Teilen auf LinkedIn'><span class='avia_hidden_link_text'>Teilen auf LinkedIn<\/span><\/a><\/li><li class='av-share-link av-social-link-mail avia_social_iconfont' ><a  aria-label=\"Per E-Mail teilen\" href='mailto:?subject=Herzlichen%20Gl%C3%BCckwunsch%20an%20die%20Gewinner%20des%20Finales%20am%20Thur%20markt&#038;body=https:\/\/www.swissvoicetour.ch\/de\/2024\/08\/14\/herzlichen-glueckwunsch-an-die-gewinner-des-finales-am-thur-markt\/' data-av_icon='\ue805' data-av_iconfont='entypo-fontello'  title='' data-avia-related-tooltip='Per E-Mail teilen'><span class='avia_hidden_link_text'>Per E-Mail teilen<\/span><\/a><\/li><\/ul><\/div><\/div><\/div><\/p>\n","protected":false},"excerpt":{"rendered":"<p>Wir m\u00f6chten den Gewinnern des Finales, das am letzten Samstag, dem 10. August, am Thurmarkt stattfand, herzlich gratulieren.<\/p>\n","protected":false},"author":4,"featured_media":12220,"comment_status":"closed","ping_status":"closed","sticky":false,"template":"","format":"standard","meta":{"_acf_changed":false,"footnotes":""},"categories":[18],"tags":[],"class_list":["post-12224","post","type-post","status-publish","format-standard","has-post-thumbnail","hentry","category-unkategorisiert"],"acf":[],"yoast_head":"<!-- This site is optimized with the Yoast SEO plugin v27.5 - https:\/\/yoast.com\/product\/yoast-seo-wordpress\/ -->\n<title>Herzlichen Gl\u00fcckwunsch an die Gewinner des Finales am Thur markt - Swiss Voice Tour<\/title>\n<meta name=\"description\" content=\"Wir m\u00f6chten den Gewinnern des Finales, das am letzten Samstag, dem 10. August, am Thurmarkt stattfand, herzlich gratulieren.\" \/>\n<meta name=\"robots\" content=\"index, follow, max-snippet:-1, max-image-preview:large, max-video-preview:-1\" \/>\n<link rel=\"canonical\" href=\"https:\/\/www.swissvoicetour.ch\/de\/2024\/08\/14\/herzlichen-glueckwunsch-an-die-gewinner-des-finales-am-thur-markt\/\" \/>\n<meta property=\"og:locale\" content=\"de_DE\" \/>\n<meta property=\"og:type\" content=\"article\" \/>\n<meta property=\"og:title\" content=\"Herzlichen Gl\u00fcckwunsch an die Gewinner des Finales am Thur markt - Swiss Voice Tour\" \/>\n<meta property=\"og:description\" content=\"Wir m\u00f6chten den Gewinnern des Finales, das am letzten Samstag, dem 10. August, am Thurmarkt stattfand, herzlich gratulieren.\" \/>\n<meta property=\"og:url\" content=\"https:\/\/www.swissvoicetour.ch\/de\/2024\/08\/14\/herzlichen-glueckwunsch-an-die-gewinner-des-finales-am-thur-markt\/\" \/>\n<meta property=\"og:site_name\" content=\"Swiss Voice Tour\" \/>\n<meta property=\"article:publisher\" content=\"https:\/\/www.facebook.com\/swissvoicetour\/\" \/>\n<meta property=\"article:published_time\" content=\"2024-08-14T07:12:02+00:00\" \/>\n<meta property=\"article:modified_time\" content=\"2024-10-16T13:34:19+00:00\" \/>\n<meta property=\"og:image\" content=\"https:\/\/www.swissvoicetour.ch\/wp-content\/uploads\/2024\/08\/winners-Thurmarkt-1030x1022.png\" \/>\n\t<meta property=\"og:image:width\" content=\"1030\" \/>\n\t<meta property=\"og:image:height\" content=\"1022\" \/>\n\t<meta property=\"og:image:type\" content=\"image\/png\" \/>\n<meta name=\"author\" content=\"Swissvoicetour\" \/>\n<meta name=\"twitter:card\" content=\"summary_large_image\" \/>\n<meta name=\"twitter:label1\" content=\"Verfasst von\" \/>\n\t<meta name=\"twitter:data1\" content=\"Swissvoicetour\" \/>\n\t<meta name=\"twitter:label2\" content=\"Gesch\u00e4tzte Lesezeit\" \/>\n\t<meta name=\"twitter:data2\" content=\"1\u00a0Minute\" \/>\n<script type=\"application\/ld+json\" class=\"yoast-schema-graph\">{\"@context\":\"https:\\\/\\\/schema.org\",\"@graph\":[{\"@type\":\"Article\",\"@id\":\"https:\\\/\\\/www.swissvoicetour.ch\\\/de\\\/2024\\\/08\\\/14\\\/herzlichen-glueckwunsch-an-die-gewinner-des-finales-am-thur-markt\\\/#article\",\"isPartOf\":{\"@id\":\"https:\\\/\\\/www.swissvoicetour.ch\\\/de\\\/2024\\\/08\\\/14\\\/herzlichen-glueckwunsch-an-die-gewinner-des-finales-am-thur-markt\\\/\"},\"author\":{\"name\":\"Swissvoicetour\",\"@id\":\"https:\\\/\\\/www.swissvoicetour.ch\\\/#\\\/schema\\\/person\\\/de38c536756e0b173c1a0c6b24b81323\"},\"headline\":\"Herzlichen Gl\u00fcckwunsch an die Gewinner des Finales am Thur markt\",\"datePublished\":\"2024-08-14T07:12:02+00:00\",\"dateModified\":\"2024-10-16T13:34:19+00:00\",\"mainEntityOfPage\":{\"@id\":\"https:\\\/\\\/www.swissvoicetour.ch\\\/de\\\/2024\\\/08\\\/14\\\/herzlichen-glueckwunsch-an-die-gewinner-des-finales-am-thur-markt\\\/\"},\"wordCount\":1384,\"publisher\":{\"@id\":\"https:\\\/\\\/www.swissvoicetour.ch\\\/#organization\"},\"image\":{\"@id\":\"https:\\\/\\\/www.swissvoicetour.ch\\\/de\\\/2024\\\/08\\\/14\\\/herzlichen-glueckwunsch-an-die-gewinner-des-finales-am-thur-markt\\\/#primaryimage\"},\"thumbnailUrl\":\"https:\\\/\\\/www.swissvoicetour.ch\\\/wp-content\\\/uploads\\\/2024\\\/08\\\/winners-Thurmarkt.png\",\"articleSection\":[\"Unkategorisiert\"],\"inLanguage\":\"de\"},{\"@type\":\"WebPage\",\"@id\":\"https:\\\/\\\/www.swissvoicetour.ch\\\/de\\\/2024\\\/08\\\/14\\\/herzlichen-glueckwunsch-an-die-gewinner-des-finales-am-thur-markt\\\/\",\"url\":\"https:\\\/\\\/www.swissvoicetour.ch\\\/de\\\/2024\\\/08\\\/14\\\/herzlichen-glueckwunsch-an-die-gewinner-des-finales-am-thur-markt\\\/\",\"name\":\"Herzlichen Gl\u00fcckwunsch an die Gewinner des Finales am Thur markt - Swiss Voice Tour\",\"isPartOf\":{\"@id\":\"https:\\\/\\\/www.swissvoicetour.ch\\\/#website\"},\"primaryImageOfPage\":{\"@id\":\"https:\\\/\\\/www.swissvoicetour.ch\\\/de\\\/2024\\\/08\\\/14\\\/herzlichen-glueckwunsch-an-die-gewinner-des-finales-am-thur-markt\\\/#primaryimage\"},\"image\":{\"@id\":\"https:\\\/\\\/www.swissvoicetour.ch\\\/de\\\/2024\\\/08\\\/14\\\/herzlichen-glueckwunsch-an-die-gewinner-des-finales-am-thur-markt\\\/#primaryimage\"},\"thumbnailUrl\":\"https:\\\/\\\/www.swissvoicetour.ch\\\/wp-content\\\/uploads\\\/2024\\\/08\\\/winners-Thurmarkt.png\",\"datePublished\":\"2024-08-14T07:12:02+00:00\",\"dateModified\":\"2024-10-16T13:34:19+00:00\",\"description\":\"Wir m\u00f6chten den Gewinnern des Finales, das am letzten Samstag, dem 10. August, am Thurmarkt stattfand, herzlich gratulieren.\",\"breadcrumb\":{\"@id\":\"https:\\\/\\\/www.swissvoicetour.ch\\\/de\\\/2024\\\/08\\\/14\\\/herzlichen-glueckwunsch-an-die-gewinner-des-finales-am-thur-markt\\\/#breadcrumb\"},\"inLanguage\":\"de\",\"potentialAction\":[{\"@type\":\"ReadAction\",\"target\":[\"https:\\\/\\\/www.swissvoicetour.ch\\\/de\\\/2024\\\/08\\\/14\\\/herzlichen-glueckwunsch-an-die-gewinner-des-finales-am-thur-markt\\\/\"]}]},{\"@type\":\"ImageObject\",\"inLanguage\":\"de\",\"@id\":\"https:\\\/\\\/www.swissvoicetour.ch\\\/de\\\/2024\\\/08\\\/14\\\/herzlichen-glueckwunsch-an-die-gewinner-des-finales-am-thur-markt\\\/#primaryimage\",\"url\":\"https:\\\/\\\/www.swissvoicetour.ch\\\/wp-content\\\/uploads\\\/2024\\\/08\\\/winners-Thurmarkt.png\",\"contentUrl\":\"https:\\\/\\\/www.swissvoicetour.ch\\\/wp-content\\\/uploads\\\/2024\\\/08\\\/winners-Thurmarkt.png\",\"width\":1208,\"height\":1199},{\"@type\":\"BreadcrumbList\",\"@id\":\"https:\\\/\\\/www.swissvoicetour.ch\\\/de\\\/2024\\\/08\\\/14\\\/herzlichen-glueckwunsch-an-die-gewinner-des-finales-am-thur-markt\\\/#breadcrumb\",\"itemListElement\":[{\"@type\":\"ListItem\",\"position\":1,\"name\":\"Accueil\",\"item\":\"https:\\\/\\\/www.swissvoicetour.ch\\\/de\\\/\"},{\"@type\":\"ListItem\",\"position\":2,\"name\":\"Herzlichen Gl\u00fcckwunsch an die Gewinner des Finales am Thur markt\"}]},{\"@type\":\"WebSite\",\"@id\":\"https:\\\/\\\/www.swissvoicetour.ch\\\/#website\",\"url\":\"https:\\\/\\\/www.swissvoicetour.ch\\\/\",\"name\":\"Swiss Voice Tour\",\"description\":\"Willkommen auf der offiziellen Seite der Swiss Voice Tour\",\"publisher\":{\"@id\":\"https:\\\/\\\/www.swissvoicetour.ch\\\/#organization\"},\"potentialAction\":[{\"@type\":\"SearchAction\",\"target\":{\"@type\":\"EntryPoint\",\"urlTemplate\":\"https:\\\/\\\/www.swissvoicetour.ch\\\/?s={search_term_string}\"},\"query-input\":{\"@type\":\"PropertyValueSpecification\",\"valueRequired\":true,\"valueName\":\"search_term_string\"}}],\"inLanguage\":\"de\"},{\"@type\":\"Organization\",\"@id\":\"https:\\\/\\\/www.swissvoicetour.ch\\\/#organization\",\"name\":\"Swiss Voice Tour\",\"url\":\"https:\\\/\\\/www.swissvoicetour.ch\\\/\",\"logo\":{\"@type\":\"ImageObject\",\"inLanguage\":\"de\",\"@id\":\"https:\\\/\\\/www.swissvoicetour.ch\\\/#\\\/schema\\\/logo\\\/image\\\/\",\"url\":\"https:\\\/\\\/www.swissvoicetour.ch\\\/wp-content\\\/uploads\\\/2024\\\/11\\\/LOGO_SVT_2025_RVB-1030x1030.png\",\"contentUrl\":\"https:\\\/\\\/www.swissvoicetour.ch\\\/wp-content\\\/uploads\\\/2024\\\/11\\\/LOGO_SVT_2025_RVB-1030x1030.png\",\"width\":1030,\"height\":1030,\"caption\":\"Swiss Voice Tour\"},\"image\":{\"@id\":\"https:\\\/\\\/www.swissvoicetour.ch\\\/#\\\/schema\\\/logo\\\/image\\\/\"},\"sameAs\":[\"https:\\\/\\\/www.facebook.com\\\/swissvoicetour\\\/\",\"https:\\\/\\\/www.instagram.com\\\/swissvoicetour\\\/\"]},{\"@type\":\"Person\",\"@id\":\"https:\\\/\\\/www.swissvoicetour.ch\\\/#\\\/schema\\\/person\\\/de38c536756e0b173c1a0c6b24b81323\",\"name\":\"Swissvoicetour\",\"image\":{\"@type\":\"ImageObject\",\"inLanguage\":\"de\",\"@id\":\"https:\\\/\\\/secure.gravatar.com\\\/avatar\\\/b80f148837990d85089c37188c2849d7e9c06f46aa6a7fd3926e733059ecb726?s=96&d=mm&r=g\",\"url\":\"https:\\\/\\\/secure.gravatar.com\\\/avatar\\\/b80f148837990d85089c37188c2849d7e9c06f46aa6a7fd3926e733059ecb726?s=96&d=mm&r=g\",\"contentUrl\":\"https:\\\/\\\/secure.gravatar.com\\\/avatar\\\/b80f148837990d85089c37188c2849d7e9c06f46aa6a7fd3926e733059ecb726?s=96&d=mm&r=g\",\"caption\":\"Swissvoicetour\"},\"url\":\"https:\\\/\\\/www.swissvoicetour.ch\\\/de\\\/author\\\/swissvoicetour\\\/\"}]}<\/script>\n<!-- \/ Yoast SEO plugin. -->","yoast_head_json":{"title":"Herzlichen Gl\u00fcckwunsch an die Gewinner des Finales am Thur markt - Swiss Voice Tour","description":"Wir m\u00f6chten den Gewinnern des Finales, das am letzten Samstag, dem 10. August, am Thurmarkt stattfand, herzlich gratulieren.","robots":{"index":"index","follow":"follow","max-snippet":"max-snippet:-1","max-image-preview":"max-image-preview:large","max-video-preview":"max-video-preview:-1"},"canonical":"https:\/\/www.swissvoicetour.ch\/de\/2024\/08\/14\/herzlichen-glueckwunsch-an-die-gewinner-des-finales-am-thur-markt\/","og_locale":"de_DE","og_type":"article","og_title":"Herzlichen Gl\u00fcckwunsch an die Gewinner des Finales am Thur markt - Swiss Voice Tour","og_description":"Wir m\u00f6chten den Gewinnern des Finales, das am letzten Samstag, dem 10. August, am Thurmarkt stattfand, herzlich gratulieren.","og_url":"https:\/\/www.swissvoicetour.ch\/de\/2024\/08\/14\/herzlichen-glueckwunsch-an-die-gewinner-des-finales-am-thur-markt\/","og_site_name":"Swiss Voice Tour","article_publisher":"https:\/\/www.facebook.com\/swissvoicetour\/","article_published_time":"2024-08-14T07:12:02+00:00","article_modified_time":"2024-10-16T13:34:19+00:00","og_image":[{"width":1030,"height":1022,"url":"https:\/\/www.swissvoicetour.ch\/wp-content\/uploads\/2024\/08\/winners-Thurmarkt-1030x1022.png","type":"image\/png"}],"author":"Swissvoicetour","twitter_card":"summary_large_image","twitter_misc":{"Verfasst von":"Swissvoicetour","Gesch\u00e4tzte Lesezeit":"1\u00a0Minute"},"schema":{"@context":"https:\/\/schema.org","@graph":[{"@type":"Article","@id":"https:\/\/www.swissvoicetour.ch\/de\/2024\/08\/14\/herzlichen-glueckwunsch-an-die-gewinner-des-finales-am-thur-markt\/#article","isPartOf":{"@id":"https:\/\/www.swissvoicetour.ch\/de\/2024\/08\/14\/herzlichen-glueckwunsch-an-die-gewinner-des-finales-am-thur-markt\/"},"author":{"name":"Swissvoicetour","@id":"https:\/\/www.swissvoicetour.ch\/#\/schema\/person\/de38c536756e0b173c1a0c6b24b81323"},"headline":"Herzlichen Gl\u00fcckwunsch an die Gewinner des Finales am Thur markt","datePublished":"2024-08-14T07:12:02+00:00","dateModified":"2024-10-16T13:34:19+00:00","mainEntityOfPage":{"@id":"https:\/\/www.swissvoicetour.ch\/de\/2024\/08\/14\/herzlichen-glueckwunsch-an-die-gewinner-des-finales-am-thur-markt\/"},"wordCount":1384,"publisher":{"@id":"https:\/\/www.swissvoicetour.ch\/#organization"},"image":{"@id":"https:\/\/www.swissvoicetour.ch\/de\/2024\/08\/14\/herzlichen-glueckwunsch-an-die-gewinner-des-finales-am-thur-markt\/#primaryimage"},"thumbnailUrl":"https:\/\/www.swissvoicetour.ch\/wp-content\/uploads\/2024\/08\/winners-Thurmarkt.png","articleSection":["Unkategorisiert"],"inLanguage":"de"},{"@type":"WebPage","@id":"https:\/\/www.swissvoicetour.ch\/de\/2024\/08\/14\/herzlichen-glueckwunsch-an-die-gewinner-des-finales-am-thur-markt\/","url":"https:\/\/www.swissvoicetour.ch\/de\/2024\/08\/14\/herzlichen-glueckwunsch-an-die-gewinner-des-finales-am-thur-markt\/","name":"Herzlichen Gl\u00fcckwunsch an die Gewinner des Finales am Thur markt - Swiss Voice Tour","isPartOf":{"@id":"https:\/\/www.swissvoicetour.ch\/#website"},"primaryImageOfPage":{"@id":"https:\/\/www.swissvoicetour.ch\/de\/2024\/08\/14\/herzlichen-glueckwunsch-an-die-gewinner-des-finales-am-thur-markt\/#primaryimage"},"image":{"@id":"https:\/\/www.swissvoicetour.ch\/de\/2024\/08\/14\/herzlichen-glueckwunsch-an-die-gewinner-des-finales-am-thur-markt\/#primaryimage"},"thumbnailUrl":"https:\/\/www.swissvoicetour.ch\/wp-content\/uploads\/2024\/08\/winners-Thurmarkt.png","datePublished":"2024-08-14T07:12:02+00:00","dateModified":"2024-10-16T13:34:19+00:00","description":"Wir m\u00f6chten den Gewinnern des Finales, das am letzten Samstag, dem 10. August, am Thurmarkt stattfand, herzlich gratulieren.","breadcrumb":{"@id":"https:\/\/www.swissvoicetour.ch\/de\/2024\/08\/14\/herzlichen-glueckwunsch-an-die-gewinner-des-finales-am-thur-markt\/#breadcrumb"},"inLanguage":"de","potentialAction":[{"@type":"ReadAction","target":["https:\/\/www.swissvoicetour.ch\/de\/2024\/08\/14\/herzlichen-glueckwunsch-an-die-gewinner-des-finales-am-thur-markt\/"]}]},{"@type":"ImageObject","inLanguage":"de","@id":"https:\/\/www.swissvoicetour.ch\/de\/2024\/08\/14\/herzlichen-glueckwunsch-an-die-gewinner-des-finales-am-thur-markt\/#primaryimage","url":"https:\/\/www.swissvoicetour.ch\/wp-content\/uploads\/2024\/08\/winners-Thurmarkt.png","contentUrl":"https:\/\/www.swissvoicetour.ch\/wp-content\/uploads\/2024\/08\/winners-Thurmarkt.png","width":1208,"height":1199},{"@type":"BreadcrumbList","@id":"https:\/\/www.swissvoicetour.ch\/de\/2024\/08\/14\/herzlichen-glueckwunsch-an-die-gewinner-des-finales-am-thur-markt\/#breadcrumb","itemListElement":[{"@type":"ListItem","position":1,"name":"Accueil","item":"https:\/\/www.swissvoicetour.ch\/de\/"},{"@type":"ListItem","position":2,"name":"Herzlichen Gl\u00fcckwunsch an die Gewinner des Finales am Thur markt"}]},{"@type":"WebSite","@id":"https:\/\/www.swissvoicetour.ch\/#website","url":"https:\/\/www.swissvoicetour.ch\/","name":"Swiss Voice Tour","description":"Willkommen auf der offiziellen Seite der Swiss Voice Tour","publisher":{"@id":"https:\/\/www.swissvoicetour.ch\/#organization"},"potentialAction":[{"@type":"SearchAction","target":{"@type":"EntryPoint","urlTemplate":"https:\/\/www.swissvoicetour.ch\/?s={search_term_string}"},"query-input":{"@type":"PropertyValueSpecification","valueRequired":true,"valueName":"search_term_string"}}],"inLanguage":"de"},{"@type":"Organization","@id":"https:\/\/www.swissvoicetour.ch\/#organization","name":"Swiss Voice Tour","url":"https:\/\/www.swissvoicetour.ch\/","logo":{"@type":"ImageObject","inLanguage":"de","@id":"https:\/\/www.swissvoicetour.ch\/#\/schema\/logo\/image\/","url":"https:\/\/www.swissvoicetour.ch\/wp-content\/uploads\/2024\/11\/LOGO_SVT_2025_RVB-1030x1030.png","contentUrl":"https:\/\/www.swissvoicetour.ch\/wp-content\/uploads\/2024\/11\/LOGO_SVT_2025_RVB-1030x1030.png","width":1030,"height":1030,"caption":"Swiss Voice Tour"},"image":{"@id":"https:\/\/www.swissvoicetour.ch\/#\/schema\/logo\/image\/"},"sameAs":["https:\/\/www.facebook.com\/swissvoicetour\/","https:\/\/www.instagram.com\/swissvoicetour\/"]},{"@type":"Person","@id":"https:\/\/www.swissvoicetour.ch\/#\/schema\/person\/de38c536756e0b173c1a0c6b24b81323","name":"Swissvoicetour","image":{"@type":"ImageObject","inLanguage":"de","@id":"https:\/\/secure.gravatar.com\/avatar\/b80f148837990d85089c37188c2849d7e9c06f46aa6a7fd3926e733059ecb726?s=96&d=mm&r=g","url":"https:\/\/secure.gravatar.com\/avatar\/b80f148837990d85089c37188c2849d7e9c06f46aa6a7fd3926e733059ecb726?s=96&d=mm&r=g","contentUrl":"https:\/\/secure.gravatar.com\/avatar\/b80f148837990d85089c37188c2849d7e9c06f46aa6a7fd3926e733059ecb726?s=96&d=mm&r=g","caption":"Swissvoicetour"},"url":"https:\/\/www.swissvoicetour.ch\/de\/author\/swissvoicetour\/"}]}},"_links":{"self":[{"href":"https:\/\/www.swissvoicetour.ch\/de\/wp-json\/wp\/v2\/posts\/12224","targetHints":{"allow":["GET"]}}],"collection":[{"href":"https:\/\/www.swissvoicetour.ch\/de\/wp-json\/wp\/v2\/posts"}],"about":[{"href":"https:\/\/www.swissvoicetour.ch\/de\/wp-json\/wp\/v2\/types\/post"}],"author":[{"embeddable":true,"href":"https:\/\/www.swissvoicetour.ch\/de\/wp-json\/wp\/v2\/users\/4"}],"replies":[{"embeddable":true,"href":"https:\/\/www.swissvoicetour.ch\/de\/wp-json\/wp\/v2\/comments?post=12224"}],"version-history":[{"count":3,"href":"https:\/\/www.swissvoicetour.ch\/de\/wp-json\/wp\/v2\/posts\/12224\/revisions"}],"predecessor-version":[{"id":12556,"href":"https:\/\/www.swissvoicetour.ch\/de\/wp-json\/wp\/v2\/posts\/12224\/revisions\/12556"}],"wp:featuredmedia":[{"embeddable":true,"href":"https:\/\/www.swissvoicetour.ch\/de\/wp-json\/wp\/v2\/media\/12220"}],"wp:attachment":[{"href":"https:\/\/www.swissvoicetour.ch\/de\/wp-json\/wp\/v2\/media?parent=12224"}],"wp:term":[{"taxonomy":"category","embeddable":true,"href":"https:\/\/www.swissvoicetour.ch\/de\/wp-json\/wp\/v2\/categories?post=12224"},{"taxonomy":"post_tag","embeddable":true,"href":"https:\/\/www.swissvoicetour.ch\/de\/wp-json\/wp\/v2\/tags?post=12224"}],"curies":[{"name":"wp","href":"https:\/\/api.w.org\/{rel}","templated":true}]}}